{"id":432,"date":"2012-12-13T19:46:17","date_gmt":"2012-12-13T19:46:17","guid":{"rendered":"http:\/\/wordpress.local\/2012\/12\/13\/expo-ingenieria-bioquimica\/"},"modified":"2012-12-13T19:46:17","modified_gmt":"2012-12-13T19:46:17","slug":"expo-ingenieria-bioquimica","status":"publish","type":"post","link":"https:\/\/www.tuxtla.tecnm.mx\/mcibq\/expo-ingenieria-bioquimica\/","title":{"rendered":"Expo Ingenier\u00eda  Bioqu\u00edmica"},"content":{"rendered":"<p class=\"MsoNormal\" style=\"text-align: left;\"><strong style=\"mso-bidi-font-weight: normal\"><span style=\"font-size:10.0pt;mso-bidi-font-size:11.0pt;line-height: 115%\"><\/span><\/strong><span style=\"font-size:10.0pt;mso-bidi-font-size:11.0pt;line-height:115%\"><img loading=\"lazy\" decoding=\"async\" class=\" size-full wp-image-431\" src=\"http:\/\/wordpress.local\/wp-content\/uploads\/2012\/12\/dsc00223-copia.jpg\" border=\"0\" width=\"404\" height=\"289\" \/><\/span><\/p>\n<p class=\"MsoNormal\" style=\"text-align:justify\"><span style=\"font-size:10.0pt; mso-bidi-font-size:11.0pt;line-height:115%\">Estudiantes del octavo semestre del Instituto Tecnol\u00f3gico de Tuxtla Guti\u00e9rrez,<span style=\"mso-spacerun:yes\"> <\/span>trabajaron en la elaboraci\u00f3n de diversos productos a base de frutas de la regi\u00f3n, asesorados por Acad\u00e9micos e Investigadores de la carrera en Ingenier\u00eda Bioqu\u00edmica.<\/span><\/p>\n<p \/><span style=\"font-size:10.0pt; mso-bidi-font-size:11.0pt;line-height:115%\" \/>   <!--more-->  <\/span><span style=\"font-size:10.0pt; mso-bidi-font-size:11.0pt;line-height:115%\">En el marco del 40 aniversario del ITTG presentaron sus proyectos a la comunidad tecnol\u00f3gica en el edificio A-B del instituto, la inauguraci\u00f3n estuvo a cargo del Ing. Atanacio Hern\u00e1ndez Chan, Subdirector de Planeaci\u00f3n y Vinculaci\u00f3n, M.C. Margarita Marcelin Madrigal Asesora de los proyectos de la materia de \u201cciencia y tecnolog\u00eda de frutas y hortalizas\u201d. <\/span><\/p>\n<p>\u00a0<\/p>\n<p class=\"MsoNormal\" style=\"text-align:justify\"><span style=\"font-size:10.0pt; mso-bidi-font-size:11.0pt;line-height:115%\">La maestra Marcelin dijo: \u201cse trabaja en varios proyectos relacionados con la elaboraci\u00f3n de productos como: chilacayote (licor, en alm\u00edbar, dulce de semilla, pulpa congelada), pi\u00f1a (licor, t\u00e9 y salsa con chile habanero), pl\u00e1tano (nutella, harina y licor), <span style=\"mso-spacerun:yes\"> <\/span>camote (licor, chip\u00b4s <span style=\"mso-spacerun:yes\"> <\/span>y cajeta), manzana (licor,<span style=\"mso-tab-count:1\"> <\/span>jugo, mermelada y chocolate borracho)<span style=\"mso-tab-count:1\"> <\/span> carambola (enchilada,<span style=\"mso-tab-count:1\"> <\/span>jalea y jugo), guayaba (licor, mermelada, polvo para bebidas y sorbete) y nance (licor y aderezo), la exposici\u00f3n estuvo compuestas con ocho equipos los cuales dieron origen a 26 productos.<span style=\"mso-tab-count:1\"> <\/span><\/span><\/p>\n<p class=\"MsoNormal\" style=\"text-align:justify\"><span style=\"font-size:10.0pt; mso-bidi-font-size:11.0pt;line-height:115%\">Coment\u00f3 que proporcionarle un valor agregado a determinados productos, permite que estos se conviertan en detonantes de las econom\u00edas locales, dado que por su origen facilita su comercializaci\u00f3n en el mercado donde son altamente apreciados.<\/span><\/p>\n<p class=\"MsoNormal\" style=\"text-align:justify\"><span style=\"font-size:10.0pt; mso-bidi-font-size:11.0pt;line-height:115%\">En este proceso de formaci\u00f3n de los estudiantes y con el apoyo de los catedr\u00e1ticos, tambi\u00e9n se adquieren conocimientos para la creaci\u00f3n de envases y etiquetas, para la presentaci\u00f3n de los productos. <\/span><\/p>\n<p class=\"MsoNormal\" style=\"margin-bottom:0cm;margin-bottom:.0001pt;text-align: justify;line-height:normal;tab-stops:374.4pt\"><strong style=\"mso-bidi-font-weight: normal\"><span style=\"font-size:10.0pt;mso-bidi-font-size:12.0pt;mso-ascii-font-family: Calibri;mso-fareast-font-family:\"><span style=\"mso-spacerun:yes\"> <\/span><span lang=\"ES\">\u201c40 A\u00d1OS DE CIENCIA Y TECNOLOG\u00cdA CON SENTIDO HUMANO\u201d<span style=\"mso-tab-count:1\"> <\/span><\/span><\/span><\/strong><span style=\"font-size:7.0pt;mso-bidi-font-size:9.0pt;font-family:\"> <\/span><\/p>\n<p class=\"MsoNormal\" style=\"margin-bottom:0cm;margin-bottom:.0001pt;text-align: justify;line-height:normal\"><span style=\"font-size:10.0pt;mso-bidi-font-size: 12.0pt;mso-ascii-font-family:Calibri;mso-fareast-font-family:\" lang=\"ES\">Departamento de Comunicaci\u00f3n y Difusi\u00f3n <\/span><\/p>\n<p class=\"MsoNormal\" style=\"margin-bottom:7.5pt;text-align:justify;line-height: normal\"><strong style=\"mso-bidi-font-weight:normal\"><em style=\"mso-bidi-font-style: normal\"><span style=\"font-size:10.0pt;mso-bidi-font-size:12.0pt; mso-ascii-font-family:Calibri;mso-fareast-font-family:\" lang=\"ES\">Instituto Tecnol\u00f3gico de Tuxtla Guti\u00e9rrez<\/span><\/em><\/strong><\/p>\n<p class=\"MsoNormal\" style=\"text-align:justify\"><span style=\"font-size: 10.0pt;mso-bidi-font-size:11.0pt;line-height:115%;mso-ansi-language:ES\" lang=\"ES\"> <\/span><\/p>\n<p>\u00a0<\/p>\n","protected":false},"excerpt":{"rendered":"<p>Estudiantes del octavo semestre del Instituto Tecnol\u00f3gico de Tuxtla Guti\u00e9rrez, trabajaron en la elaboraci\u00f3n de diversos productos a base de frutas de la regi\u00f3n, asesorados por Acad\u00e9micos e Investigadores de la carrera en Ingenier\u00eda Bioqu\u00edmica.<\/p>\n<p><a href=\"https:\/\/www.tuxtla.tecnm.mx\/mcibq\/expo-ingenieria-bioquimica\/\"><span class=\"glyphicon glyphicon-arrow-right\"><\/span>&nbsp;Seguir leyendo<\/a><\/p>","protected":false},"author":1,"featured_media":431,"comment_status":"open","ping_status":"open","sticky":false,"template":"","format":"standard","meta":{"footnotes":""},"categories":[11],"tags":[],"class_list":["post-432","post","type-post","status-publish","format-standard","has-post-thumbnail","hentry","category-latest-news"],"_links":{"self":[{"href":"https:\/\/www.tuxtla.tecnm.mx\/mcibq\/wp-json\/wp\/v2\/posts\/432","targetHints":{"allow":["GET"]}}],"collection":[{"href":"https:\/\/www.tuxtla.tecnm.mx\/mcibq\/wp-json\/wp\/v2\/posts"}],"about":[{"href":"https:\/\/www.tuxtla.tecnm.mx\/mcibq\/wp-json\/wp\/v2\/types\/post"}],"author":[{"embeddable":true,"href":"https:\/\/www.tuxtla.tecnm.mx\/mcibq\/wp-json\/wp\/v2\/users\/1"}],"replies":[{"embeddable":true,"href":"https:\/\/www.tuxtla.tecnm.mx\/mcibq\/wp-json\/wp\/v2\/comments?post=432"}],"version-history":[{"count":0,"href":"https:\/\/www.tuxtla.tecnm.mx\/mcibq\/wp-json\/wp\/v2\/posts\/432\/revisions"}],"wp:featuredmedia":[{"embeddable":true,"href":"https:\/\/www.tuxtla.tecnm.mx\/mcibq\/wp-json\/wp\/v2\/media\/431"}],"wp:attachment":[{"href":"https:\/\/www.tuxtla.tecnm.mx\/mcibq\/wp-json\/wp\/v2\/media?parent=432"}],"wp:term":[{"taxonomy":"category","embeddable":true,"href":"https:\/\/www.tuxtla.tecnm.mx\/mcibq\/wp-json\/wp\/v2\/categories?post=432"},{"taxonomy":"post_tag","embeddable":true,"href":"https:\/\/www.tuxtla.tecnm.mx\/mcibq\/wp-json\/wp\/v2\/tags?post=432"}],"curies":[{"name":"wp","href":"https:\/\/api.w.org\/{rel}","templated":true}]}}