{"id":2931,"date":"2017-06-05T20:56:44","date_gmt":"2017-06-05T20:56:44","guid":{"rendered":"http:\/\/wordpress.local\/2017\/06\/05\/11a-exposicion-de-experimentos-y-software-ciencias-basicas-2017\/"},"modified":"2017-06-05T20:56:44","modified_gmt":"2017-06-05T20:56:44","slug":"11a-exposicion-de-experimentos-y-software-ciencias-basicas-2017","status":"publish","type":"post","link":"https:\/\/www.tuxtla.tecnm.mx\/mcibq\/11a-exposicion-de-experimentos-y-software-ciencias-basicas-2017\/","title":{"rendered":"\u00ab11a Exposici\u00f3n de Experimentos y Software Ciencias B\u00e1sicas 2017\u00bb"},"content":{"rendered":"<p class=\"MsoNormal\"><span style=\"font-size: 12pt;\"><img loading=\"lazy\" decoding=\"async\" class=\" alignleft size-full wp-image-2930\" src=\"http:\/\/wordpress.local\/wp-content\/uploads\/2017\/06\/05junioexpocienciasbasicas-01.png\" border=\"0\" width=\"277\" height=\"189\" style=\"float: left;\" \/><\/span><\/p>\n<p class=\"MsoNormal\">Con \u00e9xito se llev\u00f3 a cabo este lunes 05 de junio la \u00ab11a Exposici\u00f3n de Experimentos y Software Ciencias B\u00e1sicas 2017\u00bb, organizada por el Departamento de Ciencias B\u00e1sicas\u00a0\u00a0a cargo del M.C. Carlos Felipe Esquivel Gordillo; los proyectos se presentaron en las instalaciones del edificio \u201cA\u201d del Instituto Tecnol\u00f3gico de Tuxtla Guti\u00e9rrez, \u00a0en donde estudiantes de 2do, 3er y 4to semestre de diversas carreras exhibieron su trabajo realizado.<\/p>\n<p>  <!--more-->  <\/p>\n<p>Durante la inauguraci\u00f3n estuvieron presentes el M.E.H. Jos\u00e9 Luis M\u00e9ndez Navarro, director del instituto;<span style=\"mso-spacerun: yes;\"> <\/span>M.C. Miguel \u00c1ngel Zepeda Hern\u00e1ndez, Subdirector Acad\u00e9mico, M.C. Mar\u00eda Catalina Salgado Guti\u00e9rrez, Presidente de la Academia de Ciencias B\u00e1sicas, el Dr. Carlos\u00a0D\u00edaz\u00a0Rodr\u00edguez, as\u00ed como docentes del \u00e1rea de Ciencias B\u00e1sicas.<\/p>\n<p class=\"MsoNormal\" style=\"text-align: justify; text-justify: inter-ideograph;\"><span lang=\"ES-TRAD\"> <\/span><\/p>\n<p class=\"MsoNormal\" style=\"text-align: justify; text-justify: inter-ideograph;\"><span lang=\"ES-TRAD\">Los proyectos est\u00e1n desarrollados con principios de \u00a0materias b\u00e1sicas: matem\u00e1ticas, f\u00edsica y \u00a0qu\u00edmica, siendo \u00a0prototipos de experimentos que los estudiantes trabajaron poniendo en pr\u00e1ctica los conocimientos te\u00f3ricos que llevan en cada una de sus asignaturas, por medio de c\u00e1lculos matem\u00e1ticos, leyes de f\u00edsica y aplicaciones simult\u00e1neas de qu\u00edmica, demuestran la utilidad de las materias de ciencias b\u00e1sicas, en \u00e1mbitos tales como el hogar y la industria; por otra parte se presenta la aplicaci\u00f3n de software en el \u00e1mbito industrial. Los estudiantes han contado en todo momento con la asesor\u00eda de los docentes del departamento de Ciencias B\u00e1sicas y de otros departamentos administrativos apoyando en la log\u00edstica de esta actividad.<\/span><\/p>\n<p class=\"MsoNormal\" style=\"text-align: justify; text-justify: inter-ideograph;\"><span lang=\"ES-TRAD\"> <\/span><\/p>\n<p class=\"MsoNormal\" style=\"text-align: justify; text-justify: inter-ideograph;\"><span lang=\"ES-TRAD\">En el evento se presentaron un total de 25 proyectos dentro de los cuales se encuentran: \u201cTornillo de Arqu\u00edmedes\u201d, \u201cPrincipio de Pascal\u201d, \u201cCampo Magn\u00e9tico Terrestre\u201d, \u201cLey de la Palanca\u201d, \u201cReloj de Agua\u201d, \u201cGenerador de Energ\u00eda Limpia\u201d, \u201cS\u00f3lido de Revoluci\u00f3n\u201d, \u201cAn\u00e1lisis de una Viga en Voladizo\u201d, \u201cFuente de Alimentaci\u00f3n Regulable\u201d, \u201cBobina de Tesla\u201d, \u201cGenerador de Van de Graaf\u201d\u00a0, \u201cL\u00e1mpara Autoeficiente\u201d, \u201cContador de Pulsos Cardiacos\u201d, \u201cAplicaci\u00f3n de la ecuaci\u00f3n diferencial de segundo orden para hallar la deformaci\u00f3n de una Viga Isost\u00e1tica\u201d, \u201cDeterminaci\u00f3n de la el\u00e1stica de una viga y su deformaci\u00f3n aplicando una ecuaci\u00f3n diferencial lineal\u201d, \u201cBomba manual\u201d, \u201cBomba Hidr\u00e1ulica\u201d, \u201cGenerador de Energ\u00eda Hidr\u00e1ulica\u201d, \u201cBici Bomba\u201d, \u201cMotor V12\u201d, \u201cEnsamblaje en SolidWorks\u201d, \u201cF\u00f3rmula de Newton Raphson\u201d, entre otros. <\/span><\/p>\n<p class=\"MsoNormal\" style=\"text-align: justify; text-justify: inter-ideograph;\"><span lang=\"ES-TRAD\"> <\/span><\/p>\n<p class=\"MsoNormal\" style=\"text-align: justify; text-justify: inter-ideograph;\"><span lang=\"ES-TRAD\">En palabras de Marcos Dami\u00e1n S\u00e1nchez P\u00e9rez de Ingenier\u00eda El\u00e9ctrica, integrante del equipo que present\u00f3 \u201cBici Bomba\u201d se\u00f1al\u00f3: \u201cpara nosotros fue una experiencia enriquecedora, ya que integramos los conocimientos adquiridos en las\u00a0 materias de este semestre con los propios,\u00a0 en lo particular tuvimos que reafirmar conocimientos y aunque son b\u00e1sicos me gustar\u00eda en un futuro\u00a0 trabajar con proyectos m\u00e1s complejos\u00bb, afirm\u00f3.<\/span><\/p>\n<p class=\"MsoNormal\" style=\"text-align: justify; text-justify: inter-ideograph;\"><span lang=\"ES-TRAD\"> <\/span><\/p>\n<p class=\"MsoNormal\" style=\"text-align: justify; text-justify: inter-ideograph;\"><span lang=\"ES-TRAD\">A trav\u00e9s del desarrollo de estos proyectos se incentiva a los estudiantes a ampliar\u00a0 sus habilidades, aptitudes y actitudes propias de una formaci\u00f3n en competencias, permitiendo potenciar sus cualidades personales y profesionales, \u00a0a continuar prepar\u00e1ndose y desarrollando innovaciones tecnol\u00f3gicas que sean\u00a0 aplicables a la vida real en beneficio de la sociedad y de su entorno.<\/span><\/p>\n<p class=\"MsoNormal\" style=\"text-align: justify; text-justify: inter-ideograph;\"><span lang=\"ES-TRAD\"><br \/><\/span><\/p>\n<p class=\"MsoNormal\" style=\"text-align: justify; text-justify: inter-ideograph;\"><span lang=\"ES-TRAD\"> <\/span><\/p>\n<p class=\"MsoNormal\" style=\"text-align: justify; text-justify: inter-ideograph;\"><span lang=\"ES-TRAD\">\u201cCIENCIA Y TECNOLOG\u00cdA CON SENTIDO HUMANO\u201d<\/span><\/p>\n<p class=\"MsoNormal\" style=\"text-align: justify; text-justify: inter-ideograph;\"><span lang=\"ES-TRAD\">Instituto Tecnol\u00f3gico de Tuxtla Guti\u00e9rrez<\/span><\/p>\n<p class=\"MsoNormal\" style=\"text-align: justify; text-justify: inter-ideograph;\"><span lang=\"ES-TRAD\">Departamento de Comunicaci\u00f3n y Difusi\u00f3n<\/span><\/p>\n<p class=\"MsoNormal\"><span lang=\"ES-TRAD\"> <\/span><\/p>\n<p class=\"MsoNormal\">\u00a0<\/p>\n","protected":false},"excerpt":{"rendered":"<p>Con \u00e9xito se llev\u00f3 a cabo este lunes 05 de junio la \u00ab11a Exposici\u00f3n de Experimentos y Software Ciencias B\u00e1sicas 2017\u00bb, organizada por el Departamento de Ciencias B\u00e1sicas\u00a0\u00a0a cargo del M.C. Carlos Felipe Esquivel Gordillo; los proyectos se presentaron en las instalaciones del edificio \u201cA\u201d del Instituto Tecnol\u00f3gico de Tuxtla Guti\u00e9rrez, \u00a0en donde estudiantes de&#8230;<\/p>\n<p><a href=\"https:\/\/www.tuxtla.tecnm.mx\/mcibq\/11a-exposicion-de-experimentos-y-software-ciencias-basicas-2017\/\"><span class=\"glyphicon glyphicon-arrow-right\"><\/span>&nbsp;Seguir leyendo<\/a><\/p>","protected":false},"author":1,"featured_media":2930,"comment_status":"open","ping_status":"open","sticky":false,"template":"","format":"standard","meta":{"footnotes":""},"categories":[11],"tags":[],"class_list":["post-2931","post","type-post","status-publish","format-standard","has-post-thumbnail","hentry","category-latest-news"],"_links":{"self":[{"href":"https:\/\/www.tuxtla.tecnm.mx\/mcibq\/wp-json\/wp\/v2\/posts\/2931","targetHints":{"allow":["GET"]}}],"collection":[{"href":"https:\/\/www.tuxtla.tecnm.mx\/mcibq\/wp-json\/wp\/v2\/posts"}],"about":[{"href":"https:\/\/www.tuxtla.tecnm.mx\/mcibq\/wp-json\/wp\/v2\/types\/post"}],"author":[{"embeddable":true,"href":"https:\/\/www.tuxtla.tecnm.mx\/mcibq\/wp-json\/wp\/v2\/users\/1"}],"replies":[{"embeddable":true,"href":"https:\/\/www.tuxtla.tecnm.mx\/mcibq\/wp-json\/wp\/v2\/comments?post=2931"}],"version-history":[{"count":0,"href":"https:\/\/www.tuxtla.tecnm.mx\/mcibq\/wp-json\/wp\/v2\/posts\/2931\/revisions"}],"wp:featuredmedia":[{"embeddable":true,"href":"https:\/\/www.tuxtla.tecnm.mx\/mcibq\/wp-json\/wp\/v2\/media\/2930"}],"wp:attachment":[{"href":"https:\/\/www.tuxtla.tecnm.mx\/mcibq\/wp-json\/wp\/v2\/media?parent=2931"}],"wp:term":[{"taxonomy":"category","embeddable":true,"href":"https:\/\/www.tuxtla.tecnm.mx\/mcibq\/wp-json\/wp\/v2\/categories?post=2931"},{"taxonomy":"post_tag","embeddable":true,"href":"https:\/\/www.tuxtla.tecnm.mx\/mcibq\/wp-json\/wp\/v2\/tags?post=2931"}],"curies":[{"name":"wp","href":"https:\/\/api.w.org\/{rel}","templated":true}]}}