{"id":9878,"date":"2020-12-10T17:32:38","date_gmt":"2020-12-10T22:32:38","guid":{"rendered":"https:\/\/www.tuxtla.tecnm.mx\/?p=9878"},"modified":"2022-01-05T13:36:18","modified_gmt":"2022-01-05T18:36:18","slug":"tec-de-tuxtla-firma-alianza-con-crode-merida","status":"publish","type":"post","link":"https:\/\/www.tuxtla.tecnm.mx\/dcab\/tec-de-tuxtla-firma-alianza-con-crode-merida\/","title":{"rendered":"Tec de Tuxtla firma alianza con CRODE M\u00e9rida"},"content":{"rendered":"\n<div class=\"wp-block-image\"><figure class=\"aligncenter size-large is-resized\"><img loading=\"lazy\" decoding=\"async\" src=\"https:\/\/www.tuxtla.tecnm.mx\/wp-content\/uploads\/2020\/12\/portada.png\" alt=\"\" class=\"wp-image-9883\" width=\"291\" height=\"180\"\/><\/figure><\/div>\n\n\n\n<ul class=\"wp-block-list\"><li><em>Esta alianza impulsar\u00e1 actividades conjuntas, capacitaciones y apoyo en temas de propiedad intelectual, que permitan conseguir el m\u00e1ximo desarrollo en la formaci\u00f3n de recurso humano, investigaciones, desarrollo tecnol\u00f3gico y acad\u00e9mico.<\/em><\/li><\/ul>\n\n\n\n<p class=\"wp-block-paragraph\">La ma\u00f1ana de este jueves 10 de diciembre, el TecNM campus Tuxtla Guti\u00e9rrez, realiz\u00f3 la <strong>Firma Virtual de Convenio de Colaboraci\u00f3n<\/strong> con <strong>CRODE M\u00e9rida<\/strong> (Centro Regional de Optimizaci\u00f3n y Desarrollo de Equipo, M\u00e9rida), cuyo objetivo es <strong>crear un marco de colaboraci\u00f3n acad\u00e9mica, cient\u00edfica y tecnol\u00f3gica entre ambas Instituciones<\/strong>.<\/p>\n\n\n\n<!--more-->\n\n\n\n<p class=\"wp-block-paragraph\">El objetivo de la firma es realizar conjuntamente actividades que permitan conseguir el m\u00e1ximo desarrollo en la formaci\u00f3n y especializaci\u00f3n de recursos humanos, investigaciones conjuntas, desarrollo tecnol\u00f3gico y acad\u00e9mico, intercambio de informaci\u00f3n, asesor\u00eda t\u00e9cnica o acad\u00e9mica y publicaciones en campos de inter\u00e9s para ambas partes.<\/p>\n\n\n\n<div class=\"wp-block-image\"><figure class=\"aligncenter size-large is-resized\"><img decoding=\"async\" src=\"https:\/\/www.tuxtla.tecnm.mx\/wp-content\/uploads\/2020\/12\/CRODE_01.jpg\" alt=\"\" class=\"wp-image-9880\" width=\"580\"\/><\/figure><\/div>\n\n\n\n<p class=\"wp-block-paragraph\">La firma de este acuerdo de colaboraci\u00f3n <strong>fortalece la generaci\u00f3n de redes de cooperaci\u00f3n y trabajo,<\/strong> impulsando una educaci\u00f3n equitativa que promueva la investigaci\u00f3n, la innovaci\u00f3n, el liderazgo, el emprendimiento y el desarrollo tecnol\u00f3gico.<\/p>\n\n\n\n<p class=\"wp-block-paragraph\">La sesi\u00f3n virtual estuvo presidida por la <strong>Dra. Alma Rosa Centuri\u00f3n Yah<\/strong>, Directora del CRODE de M\u00e9rida; y el <strong>Mtro. Jos\u00e9 Manuel Rosado P\u00e9rez<\/strong>, Director del Instituto Tecnol\u00f3gico de Tuxtla Guti\u00e9rrez. <\/p>\n\n\n\n<div class=\"wp-block-image\"><figure class=\"aligncenter size-large is-resized\"><img decoding=\"async\" src=\"https:\/\/www.tuxtla.tecnm.mx\/wp-content\/uploads\/2020\/12\/CRODE_03.jpg\" alt=\"\" class=\"wp-image-9882\" width=\"580\"\/><\/figure><\/div>\n\n\n\n<p class=\"wp-block-paragraph\">Contando con la presencia del Dr. Humberto Jos\u00e9 Cervera Brito,\nSubdirector de Servicios Administrativos&nbsp;y el Ing. Pablo Enrique De Llano\nRodr\u00edguez, Subdirector T\u00e9cnico; en representaci\u00f3n del <strong>CRODE M\u00e9rida<\/strong>. <\/p>\n\n\n\n<p class=\"wp-block-paragraph\">Mientras que desde el <strong>campus Tuxtla Guti\u00e9rrez<\/strong> se cont\u00f3 con la participaci\u00f3n de Guillermina Pe\u00f1a Padilla, Subdirecci\u00f3n de Servicios Administrativos; Luis Alberto P\u00e9rez Lozano, Subdirecci\u00f3n de Planeaci\u00f3n y Vinculaci\u00f3n; y Jos\u00e9 \u00c1ngel Zepeda Hern\u00e1ndez, Subdirecci\u00f3n Acad\u00e9mica.<\/p>\n\n\n\n<div class=\"wp-block-image\"><figure class=\"aligncenter size-large is-resized\"><img decoding=\"async\" src=\"https:\/\/www.tuxtla.tecnm.mx\/wp-content\/uploads\/2020\/12\/CRODE_02.jpg\" alt=\"\" class=\"wp-image-9881\" width=\"580\"\/><\/figure><\/div>\n\n\n\n<p class=\"wp-block-paragraph\">                                               <br>CIENCIA Y TECNOLOG\u00cdA CON SENTIDO HUMANO<br>Departamento de Comunicaci\u00f3n y Difusi\u00f3n<br>Instituto Tecnol\u00f3gico de Tuxtla Guti\u00e9rrez                                                                                   <\/p>\n","protected":false},"excerpt":{"rendered":"<p>Esta alianza impulsar\u00e1 actividades conjuntas, capacitaciones y apoyo en temas de propiedad intelectual, que permitan conseguir el m\u00e1ximo desarrollo en la formaci\u00f3n de recurso humano, investigaciones, desarrollo tecnol\u00f3gico y acad\u00e9mico. La ma\u00f1ana de este jueves 10 de diciembre, el TecNM campus Tuxtla Guti\u00e9rrez, realiz\u00f3 la Firma Virtual de Convenio de Colaboraci\u00f3n con CRODE M\u00e9rida (Centro&#8230;<\/p>\n<p><a href=\"https:\/\/www.tuxtla.tecnm.mx\/dcab\/tec-de-tuxtla-firma-alianza-con-crode-merida\/\"><span class=\"glyphicon glyphicon-arrow-right\"><\/span>&nbsp;Seguir leyendo<\/a><\/p>","protected":false},"author":2,"featured_media":0,"comment_status":"closed","ping_status":"open","sticky":false,"template":"","format":"standard","meta":{"footnotes":""},"categories":[54],"tags":[],"class_list":["post-9878","post","type-post","status-publish","format-standard","hentry","category-vinculacion"],"_links":{"self":[{"href":"https:\/\/www.tuxtla.tecnm.mx\/dcab\/wp-json\/wp\/v2\/posts\/9878","targetHints":{"allow":["GET"]}}],"collection":[{"href":"https:\/\/www.tuxtla.tecnm.mx\/dcab\/wp-json\/wp\/v2\/posts"}],"about":[{"href":"https:\/\/www.tuxtla.tecnm.mx\/dcab\/wp-json\/wp\/v2\/types\/post"}],"author":[{"embeddable":true,"href":"https:\/\/www.tuxtla.tecnm.mx\/dcab\/wp-json\/wp\/v2\/users\/2"}],"replies":[{"embeddable":true,"href":"https:\/\/www.tuxtla.tecnm.mx\/dcab\/wp-json\/wp\/v2\/comments?post=9878"}],"version-history":[{"count":5,"href":"https:\/\/www.tuxtla.tecnm.mx\/dcab\/wp-json\/wp\/v2\/posts\/9878\/revisions"}],"predecessor-version":[{"id":9888,"href":"https:\/\/www.tuxtla.tecnm.mx\/dcab\/wp-json\/wp\/v2\/posts\/9878\/revisions\/9888"}],"wp:attachment":[{"href":"https:\/\/www.tuxtla.tecnm.mx\/dcab\/wp-json\/wp\/v2\/media?parent=9878"}],"wp:term":[{"taxonomy":"category","embeddable":true,"href":"https:\/\/www.tuxtla.tecnm.mx\/dcab\/wp-json\/wp\/v2\/categories?post=9878"},{"taxonomy":"post_tag","embeddable":true,"href":"https:\/\/www.tuxtla.tecnm.mx\/dcab\/wp-json\/wp\/v2\/tags?post=9878"}],"curies":[{"name":"wp","href":"https:\/\/api.w.org\/{rel}","templated":true}]}}