{"id":9389,"date":"2020-10-12T13:32:37","date_gmt":"2020-10-12T18:32:37","guid":{"rendered":"https:\/\/www.tuxtla.tecnm.mx\/?p=9389"},"modified":"2020-10-12T13:32:58","modified_gmt":"2020-10-12T18:32:58","slug":"inauguracion-de-cursos-de-formacion-continua","status":"publish","type":"post","link":"https:\/\/www.tuxtla.tecnm.mx\/dcab\/inauguracion-de-cursos-de-formacion-continua\/","title":{"rendered":"Inauguraci\u00f3n de cursos de Formaci\u00f3n Continua"},"content":{"rendered":"\n<div class=\"wp-block-image\"><figure class=\"aligncenter size-large is-resized\"><img loading=\"lazy\" decoding=\"async\" src=\"https:\/\/www.tuxtla.tecnm.mx\/wp-content\/uploads\/2020\/10\/portada_CursoFormaContinua.png\" alt=\"\" class=\"wp-image-9387\" width=\"291\" height=\"180\"\/><\/figure><\/div>\n\n\n\n<p class=\"wp-block-paragraph\">La Secretar\u00eda de\nEducaci\u00f3n, en coordinaci\u00f3n con la instancia estatal de Formaci\u00f3n Continua de\nMaestros en Servicio, inaugur\u00f3 los <strong>\u201cCursos Virtuales de Formaci\u00f3n Continua\n2020\u201d,<\/strong> dirigidos a docentes, t\u00e9cnicos docentes, personal con funciones de\ndirecci\u00f3n, supervisi\u00f3n y asesor\u00eda t\u00e9cnico-pedag\u00f3gica de Educaci\u00f3n B\u00e1sica en el\nestado de Chiapas.<\/p>\n\n\n\n<!--more-->\n\n\n\n<p class=\"wp-block-paragraph\">Durante este\nacto, el subsecretario de Educaci\u00f3n estatal, <strong>Marco Antonio Morales V\u00e1zquez<\/strong>,\nen representaci\u00f3n de la secretaria de Educaci\u00f3n, <strong>Rosa Aid\u00e9 Dom\u00ednguez Ochoa<\/strong>,\nreconoci\u00f3 el alto sentido de responsabilidad, compromiso y amor que el\nmagisterio chiapaneco demuestra hacia las ni\u00f1as, ni\u00f1os y adolescentes de la\nentidad, al <strong>continuar con su formaci\u00f3n, actualizaci\u00f3n y capacitaci\u00f3n dentro\nde la nueva normalidad que actualmente se vive en la entidad y el pa\u00eds.<\/strong><\/p>\n\n\n\n<div class=\"wp-block-image\"><figure class=\"aligncenter size-large is-resized\"><img decoding=\"async\" src=\"https:\/\/www.tuxtla.tecnm.mx\/wp-content\/uploads\/2020\/10\/03_Reunio\u0301nDirector03.png\" alt=\"\" class=\"wp-image-9385\" width=\"580\"\/><\/figure><\/div>\n\n\n\n<p class=\"wp-block-paragraph\"><em>\u201cHoy damos\ninicio a la jornada de capacitaci\u00f3n y actualizaci\u00f3n continua, a trav\u00e9s de <strong>31\ncursos en l\u00ednea <\/strong>que atienden temas prioritarios en el desarrollo de\nhabilidades digitales para el manejo de las Tecnolog\u00edas de la Informaci\u00f3n,\nComunicaci\u00f3n, Conocimiento y Aprendizajes Digitales (TICCAD), as\u00ed como el\nfortalecimiento de aspectos curriculares y temas transversales que impactan en\nel logro de los aprendizajes esperados del alumnado\u201d<\/em>, indic\u00f3 <strong>Antonio Mor\u00e1les V\u00e1zquez.<\/strong><\/p>\n\n\n\n<p class=\"wp-block-paragraph\">A nombre de la\ntitular de la dependencia estatal, el funcionario agradeci\u00f3 a los <strong>11 mil 852\nmaestros de la entidad<\/strong> <strong>que atendieron la convocatoria de formaci\u00f3n y\nactualizaci\u00f3n acad\u00e9mica<\/strong> que, subray\u00f3, hoy tiene sus frutos con la puesta en\nmarcha de las opciones de formaci\u00f3n 2020, periodo octubre-diciembre, <strong>mediante\nla participaci\u00f3n de universidades nacionales y estatales de alto prestigio y\nreconocimiento.<\/strong><\/p>\n\n\n\n<div class=\"wp-block-image\"><figure class=\"aligncenter size-large is-resized\"><img decoding=\"async\" src=\"https:\/\/www.tuxtla.tecnm.mx\/wp-content\/uploads\/2020\/10\/04_ReunionDirector.png\" alt=\"\" class=\"wp-image-9386\" width=\"580\"\/><\/figure><\/div>\n\n\n\n<p class=\"wp-block-paragraph\">La ceremonia de\ninauguraci\u00f3n en su modalidad virtual, cont\u00f3 con la participaci\u00f3n de 6\nrepresentantes o rectores de diversas universidades, entre ellos <strong>Jos\u00e9 Manuel Rosado P\u00e9rez<\/strong>, Director del <strong>TecNM\ncampus Tuxtla Guti\u00e9rrez<\/strong>, quien destac\u00f3 durante la ceremonia de inauguraci\u00f3n\n<em>\u201cEl a\u00f1o pasado tuvimos la oportunidad de participar impartiendo dos cursos\ndirigidos a maestros de educaci\u00f3n b\u00e1sica, con una participaci\u00f3n de 624 maestros\nde educaci\u00f3n b\u00e1sica a lo largo de 15 municipios en el estado\u00bb.<\/em><\/p>\n\n\n\n<p class=\"wp-block-paragraph\"><em>Este a\u00f1o\nparticiparemos con 3 cursos dirigidos a maestros de educaci\u00f3n b\u00e1sica, con una\natenci\u00f3n esperada de m\u00e1s de 2000 participantes con esta nueva modalidad. Todo\nello alineado a nuestro programa de Desarrollo Institucional, para contribuir\nen el desarrollo de los j\u00f3venes que deseen avocarse a las carreras de\ningenier\u00eda\u201d.<\/em><\/p>\n\n\n\n<div class=\"wp-block-image\"><figure class=\"aligncenter size-large is-resized\"><img decoding=\"async\" src=\"https:\/\/www.tuxtla.tecnm.mx\/wp-content\/uploads\/2020\/10\/CursoFormacionContinua01.png\" alt=\"\" class=\"wp-image-9388\" width=\"580\"\/><\/figure><\/div>\n\n\n\n<p class=\"wp-block-paragraph\">El evento cont\u00f3\ncon la presencia virtual de: el coordinador estatal de Formaci\u00f3n Continua de\nMaestros en Servicio, <strong>Jos\u00e9 Eliazar Farelo Monjaraz<\/strong>; la directora general\nde Formaci\u00f3n Continua, Actualizaci\u00f3n y Desarrollo Profesional, <strong>Mar\u00eda\nGuadalupe Sevilla C\u00e1rdenas<\/strong>; la rectora de la Universidad Pedag\u00f3gica Nacional\nAjusco, <strong>Rosa Mar\u00eda Torres Hern\u00e1ndez<\/strong>; y el director de la Corporaci\u00f3n\nUniversitaria para el Desarrollo de Internet, <strong>Carlos Casas\u00fas L\u00f3pez Hermosa.<\/strong><\/p>\n\n\n\n<p class=\"wp-block-paragraph\">Asimismo, estuvieron presentes el rector de la Universidad Aut\u00f3noma de Chiapas, <strong>Carlos Natar\u00e9n Nandayapa<\/strong>; el rector de la Universidad de Ciencias y Artes de Chiapas, <strong>Jos\u00e9 Rodolfo Calvo Fonseca<\/strong>; el director del Instituto Tecnol\u00f3gico de Tuxtla Guti\u00e9rrez, <strong>Jos\u00e9 Rosado P\u00e9rez<\/strong>; el rector de la Universidad Polit\u00e9cnica de Chiapas, <strong>Navor Francisco Ballinas Morales<\/strong>; el subsecretario de Educaci\u00f3n Federalizada, <strong>Jos\u00e9 Luis Hern\u00e1ndez de Le\u00f3n<\/strong>; y el director de Educaci\u00f3n B\u00e1sica, <strong>Jos\u00e9 Antonio Ram\u00edrez D\u00edaz.<\/strong><\/p>\n\n\n\n<p class=\"wp-block-paragraph\">                                             <br>CIENCIA Y TECNOLOG\u00cdA CON SENTIDO HUMANO<br>Departamento de Comunicaci\u00f3n y Difusi\u00f3n<br>Instituto Tecnol\u00f3gico de Tuxtla Guti\u00e9rrez                                                                                 <\/p>\n","protected":false},"excerpt":{"rendered":"<p>La Secretar\u00eda de Educaci\u00f3n, en coordinaci\u00f3n con la instancia estatal de Formaci\u00f3n Continua de Maestros en Servicio, inaugur\u00f3 los \u201cCursos Virtuales de Formaci\u00f3n Continua 2020\u201d, dirigidos a docentes, t\u00e9cnicos docentes, personal con funciones de direcci\u00f3n, supervisi\u00f3n y asesor\u00eda t\u00e9cnico-pedag\u00f3gica de Educaci\u00f3n B\u00e1sica en el estado de Chiapas.<\/p>\n<p><a href=\"https:\/\/www.tuxtla.tecnm.mx\/dcab\/inauguracion-de-cursos-de-formacion-continua\/\"><span class=\"glyphicon glyphicon-arrow-right\"><\/span>&nbsp;Seguir leyendo<\/a><\/p>","protected":false},"author":2,"featured_media":0,"comment_status":"closed","ping_status":"open","sticky":false,"template":"","format":"standard","meta":{"footnotes":""},"categories":[1],"tags":[],"class_list":["post-9389","post","type-post","status-publish","format-standard","hentry","category-sin-categoria"],"_links":{"self":[{"href":"https:\/\/www.tuxtla.tecnm.mx\/dcab\/wp-json\/wp\/v2\/posts\/9389","targetHints":{"allow":["GET"]}}],"collection":[{"href":"https:\/\/www.tuxtla.tecnm.mx\/dcab\/wp-json\/wp\/v2\/posts"}],"about":[{"href":"https:\/\/www.tuxtla.tecnm.mx\/dcab\/wp-json\/wp\/v2\/types\/post"}],"author":[{"embeddable":true,"href":"https:\/\/www.tuxtla.tecnm.mx\/dcab\/wp-json\/wp\/v2\/users\/2"}],"replies":[{"embeddable":true,"href":"https:\/\/www.tuxtla.tecnm.mx\/dcab\/wp-json\/wp\/v2\/comments?post=9389"}],"version-history":[{"count":2,"href":"https:\/\/www.tuxtla.tecnm.mx\/dcab\/wp-json\/wp\/v2\/posts\/9389\/revisions"}],"predecessor-version":[{"id":9391,"href":"https:\/\/www.tuxtla.tecnm.mx\/dcab\/wp-json\/wp\/v2\/posts\/9389\/revisions\/9391"}],"wp:attachment":[{"href":"https:\/\/www.tuxtla.tecnm.mx\/dcab\/wp-json\/wp\/v2\/media?parent=9389"}],"wp:term":[{"taxonomy":"category","embeddable":true,"href":"https:\/\/www.tuxtla.tecnm.mx\/dcab\/wp-json\/wp\/v2\/categories?post=9389"},{"taxonomy":"post_tag","embeddable":true,"href":"https:\/\/www.tuxtla.tecnm.mx\/dcab\/wp-json\/wp\/v2\/tags?post=9389"}],"curies":[{"name":"wp","href":"https:\/\/api.w.org\/{rel}","templated":true}]}}