{"id":9212,"date":"2020-09-24T15:31:40","date_gmt":"2020-09-24T20:31:40","guid":{"rendered":"https:\/\/www.tuxtla.tecnm.mx\/?p=9212"},"modified":"2020-09-24T15:31:40","modified_gmt":"2020-09-24T20:31:40","slug":"seminario-virtual-de-doctorado","status":"publish","type":"post","link":"https:\/\/www.tuxtla.tecnm.mx\/dcab\/seminario-virtual-de-doctorado\/","title":{"rendered":"Seminario virtual de Doctorado"},"content":{"rendered":"\n<div class=\"wp-block-image\"><figure class=\"aligncenter size-large is-resized\"><img loading=\"lazy\" decoding=\"async\" src=\"https:\/\/www.tuxtla.tecnm.mx\/wp-content\/uploads\/2020\/09\/portada_SeminarioDoctorado.png\" alt=\"\" class=\"wp-image-9211\" width=\"291\" height=\"180\"\/><\/figure><\/div>\n\n\n\n<p class=\"wp-block-paragraph\">Debido a la emergencia sanitaria por COVID-19 y con base en las medidas de prevenci\u00f3n y seguridad, el TecNM campus Tuxtla Guti\u00e9rrez realiz\u00f3 de manera virtual el <strong>seminario de doctorado en coordinaci\u00f3n con el \u00e1rea de posgrado del Instituto.<\/strong><\/p>\n\n\n\n<!--more-->\n\n\n\n<p class=\"wp-block-paragraph\">El objetivo de dicho seminario es dar a conocer los protocolos de investigaci\u00f3n de los estudiantes del <strong>Doctorado en Ciencias de los Alimentos y Biotecnolog\u00eda<\/strong>, siguiendo la ruta de continuidad acad\u00e9mica, utilizando las nuevas tecnolog\u00edas que permiten cumplir el servicio educativo.<\/p>\n\n\n\n<div class=\"wp-block-image\"><figure class=\"aligncenter size-large\"><img loading=\"lazy\" decoding=\"async\" width=\"527\" height=\"280\" src=\"https:\/\/www.tuxtla.tecnm.mx\/wp-content\/uploads\/2020\/09\/SeminarioDoctorado01.jpg\" alt=\"\" class=\"wp-image-9210\"\/><\/figure><\/div>\n\n\n\n<p class=\"wp-block-paragraph\">Los\nestudiantes que presentaron dicho protocolo a\ntrav\u00e9s de Microsoft Teams son<strong> Irving Oswaldo Vel\u00e1zquez R\u00edos <\/strong>y<strong> Lourdes Yaret Ortiz Cort\u00e9s<\/strong>,\nestudiantes destacados por su gran dedicaci\u00f3n\ny esfuerzo, quienes presentaron los proyectos de investigaci\u00f3n:<\/p>\n\n\n\n<ul class=\"wp-block-list\"><li><em>\u201cCaracterizaci\u00f3n molecular\nde la comunidad procariota asociada al ciclo del azufre del lago crat\u00e9rico del\nvolc\u00e1n El Chich\u00f3n y su potencial biotecnol\u00f3gico\u201d.<\/em> Por <strong>Irving Oswaldo\nVel\u00e1zquez R\u00edos.<\/strong><\/li><\/ul>\n\n\n\n<ul class=\"wp-block-list\"><li><em>\u201cAn\u00e1lisis del contenido\ngen\u00f3mico y funcional de Alicyclobacillus\nspp. PA2 asociado a la cat\u00e1lisis en condiciones acidoterm\u00f3filas de la\nhidr\u00f3lisis extracelular de lactosa para la producci\u00f3n heter\u00f3loga de una <\/em><em>b<\/em><em>-galactosidasa\u201d.<\/em> Por <strong>Lourdes Yaret Ortiz\nCort\u00e9s.<\/strong><\/li><\/ul>\n\n\n\n<div class=\"wp-block-image\"><figure class=\"aligncenter size-large\"><img loading=\"lazy\" decoding=\"async\" width=\"527\" height=\"280\" src=\"https:\/\/www.tuxtla.tecnm.mx\/wp-content\/uploads\/2020\/09\/SeminarioDoctorado04.jpg\" alt=\"\" class=\"wp-image-9208\"\/><\/figure><\/div>\n\n\n\n<p class=\"wp-block-paragraph\">El seguimiento a estos proyectos mediante el seminario de doctorado brinda continuidad a la visi\u00f3n del instituto: <strong><em>ser una instituci\u00f3n de excelencia en la educaci\u00f3n superior tecnol\u00f3gica del Sureste, comprometida con el desarrollo socioecon\u00f3mico y sustentable de la regi\u00f3n.<\/em><\/strong><\/p>\n\n\n\n<div class=\"wp-block-image\"><figure class=\"aligncenter size-large\"><img loading=\"lazy\" decoding=\"async\" width=\"527\" height=\"280\" src=\"https:\/\/www.tuxtla.tecnm.mx\/wp-content\/uploads\/2020\/09\/SeminarioDoctorado05.jpg\" alt=\"\" class=\"wp-image-9209\"\/><\/figure><\/div>\n\n\n\n<p class=\"wp-block-paragraph\">                                        <br>CIENCIA Y TECNOLOG\u00cdA CON SENTIDO HUMANO<br>Departamento de Comunicaci\u00f3n y Difusi\u00f3n<br>Instituto Tecnol\u00f3gico de Tuxtla Guti\u00e9rrez                                                                            <\/p>\n","protected":false},"excerpt":{"rendered":"<p>Debido a la emergencia sanitaria por COVID-19 y con base en las medidas de prevenci\u00f3n y seguridad, el TecNM campus Tuxtla Guti\u00e9rrez realiz\u00f3 de manera virtual el seminario de doctorado en coordinaci\u00f3n con el \u00e1rea de posgrado del Instituto.<\/p>\n<p><a href=\"https:\/\/www.tuxtla.tecnm.mx\/dcab\/seminario-virtual-de-doctorado\/\"><span class=\"glyphicon glyphicon-arrow-right\"><\/span>&nbsp;Seguir leyendo<\/a><\/p>","protected":false},"author":2,"featured_media":0,"comment_status":"closed","ping_status":"open","sticky":false,"template":"","format":"standard","meta":{"footnotes":""},"categories":[1],"tags":[],"class_list":["post-9212","post","type-post","status-publish","format-standard","hentry","category-sin-categoria"],"_links":{"self":[{"href":"https:\/\/www.tuxtla.tecnm.mx\/dcab\/wp-json\/wp\/v2\/posts\/9212","targetHints":{"allow":["GET"]}}],"collection":[{"href":"https:\/\/www.tuxtla.tecnm.mx\/dcab\/wp-json\/wp\/v2\/posts"}],"about":[{"href":"https:\/\/www.tuxtla.tecnm.mx\/dcab\/wp-json\/wp\/v2\/types\/post"}],"author":[{"embeddable":true,"href":"https:\/\/www.tuxtla.tecnm.mx\/dcab\/wp-json\/wp\/v2\/users\/2"}],"replies":[{"embeddable":true,"href":"https:\/\/www.tuxtla.tecnm.mx\/dcab\/wp-json\/wp\/v2\/comments?post=9212"}],"version-history":[{"count":3,"href":"https:\/\/www.tuxtla.tecnm.mx\/dcab\/wp-json\/wp\/v2\/posts\/9212\/revisions"}],"predecessor-version":[{"id":9252,"href":"https:\/\/www.tuxtla.tecnm.mx\/dcab\/wp-json\/wp\/v2\/posts\/9212\/revisions\/9252"}],"wp:attachment":[{"href":"https:\/\/www.tuxtla.tecnm.mx\/dcab\/wp-json\/wp\/v2\/media?parent=9212"}],"wp:term":[{"taxonomy":"category","embeddable":true,"href":"https:\/\/www.tuxtla.tecnm.mx\/dcab\/wp-json\/wp\/v2\/categories?post=9212"},{"taxonomy":"post_tag","embeddable":true,"href":"https:\/\/www.tuxtla.tecnm.mx\/dcab\/wp-json\/wp\/v2\/tags?post=9212"}],"curies":[{"name":"wp","href":"https:\/\/api.w.org\/{rel}","templated":true}]}}