{"id":9121,"date":"2020-09-14T16:21:00","date_gmt":"2020-09-14T21:21:00","guid":{"rendered":"https:\/\/www.tuxtla.tecnm.mx\/?p=9121"},"modified":"2020-09-15T13:22:09","modified_gmt":"2020-09-15T18:22:09","slug":"docentes-se-capacitan-en-cadena-de-sumistros","status":"publish","type":"post","link":"https:\/\/www.tuxtla.tecnm.mx\/dcab\/docentes-se-capacitan-en-cadena-de-sumistros\/","title":{"rendered":"Docentes se capacitan en Cadena de Sumistros"},"content":{"rendered":"\n<div class=\"wp-block-image\"><figure class=\"aligncenter size-large is-resized\"><img loading=\"lazy\" decoding=\"async\" src=\"https:\/\/www.tuxtla.tecnm.mx\/wp-content\/uploads\/2020\/09\/portada_logistica2.png\" alt=\"\" class=\"wp-image-9122\" width=\"291\" height=\"180\"\/><\/figure><\/div>\n\n\n\n<p class=\"wp-block-paragraph\">Docentes del <strong>TecNM campus Tuxtla Guti\u00e9rrez<\/strong>, fueron part\u00edcipes del curso <strong>\u201cLog\u00edstica Sostenible en la Cadena de Suministro\u201d<\/strong> en la modalidad virtual, impartido por el <strong>Mtro. Cuauht\u00e9moc S\u00e1nchez Ram\u00edrez<\/strong>, del 7 al 11 de septiembre, como parte de las actividades de actualizaci\u00f3n profesional que buscan brindar atributos y competencias para fortalecer las asignaturas.<\/p>\n\n\n\n<!--more-->\n\n\n\n<p class=\"wp-block-paragraph\">El curso est\u00e1 orientado a la actualizaci\u00f3n de los docentes en referencia\na la especialidad de la carrera, con temas referidos a los <strong>centros de distribuci\u00f3n, procesos log\u00edsticos, liderazgo organizacional,\ncadena de suministros y TIC\u00b4s<\/strong>, as\u00ed como el uso del software aplicable a los\nprocesos.<\/p>\n\n\n\n<p class=\"wp-block-paragraph\">Dirigido a docentes de la carrera de <strong>Ingenier\u00eda en Log\u00edstica<\/strong>, \u00e9ste curso ha sido impartido por el <strong>Mtro. Cuauht\u00e9moc S\u00e1nchez Ram\u00edrez<\/strong>,\nprofesor-investigador de la Divisi\u00f3n de Estudios de Posgrado e Investigaci\u00f3n\ndel Instituto Tecnol\u00f3gico de Orizaba.<\/p>\n\n\n\n<div class=\"wp-block-image\"><figure class=\"aligncenter size-large is-resized\"><img decoding=\"async\" src=\"https:\/\/www.tuxtla.tecnm.mx\/wp-content\/uploads\/2020\/09\/logistica02.jpeg\" alt=\"\" class=\"wp-image-9119\" width=\"550\"\/><\/figure><\/div>\n\n\n\n<p class=\"wp-block-paragraph\"><strong>S\u00e1nchez Ram\u00edrez<\/strong>, obtuvo el Doctorado\nen Ciencia y Tecnolog\u00eda en Ingenier\u00eda Industrial por COMIMSA, centro de\ninvestigaci\u00f3n de CONACYT. Ha sido coautor de cuatro libros publicados por\neditoriales de prestigio internacional como Trillas, IGI Global y Springer.\nTiene diferentes publicaciones que han sido seleccionadas en congresos\ninternacionales y en revistas indizadas en el Journal Citation Reports. <\/p>\n\n\n\n<p class=\"wp-block-paragraph\">Ha sido catedr\u00e1tico en diferentes universidades a nivel nacional y ha\nsido invitado como profesor visitante en la Universidad del Valle, en Cali,\nColombia. <\/p>\n\n\n\n<p class=\"wp-block-paragraph\">Es miembro fundador de la Red de Optimizaci\u00f3n de Procesos Industriales\n(ROPRIN), avalada por el CONACYT conformada por Universidades de M\u00e9xico,\nColombia y Espa\u00f1a. Pertenece al Sistema Nacional de Investigadores del CONACYT\nNivel 1, y en 2017 fue reconocido con el Premio Nacional de Log\u00edstica, galard\u00f3n\nque otorga la Asociaci\u00f3n Soy Log\u00edstico, la Secretaria de Econom\u00eda y la\nSecretar\u00eda de Comunicaciones y Transportes.<\/p>\n\n\n\n<p class=\"wp-block-paragraph\">De esta manera, el TecNM campus Tuxtla Guti\u00e9rrez, avanza en la capacitaci\u00f3n de su personal para fortalecer su plantilla laboral docente como un ejemplo m\u00e1s del compromiso de ofrecer formaci\u00f3n profesional con personal que cumple con los niveles de calidad.<\/p>\n\n\n\n<p class=\"wp-block-paragraph\">                                       <br>CIENCIA Y TECNOLOG\u00cdA CON SENTIDO HUMANO<br>Departamento de Comunicaci\u00f3n y Difusi\u00f3n<br>Instituto Tecnol\u00f3gico de Tuxtla Guti\u00e9rrez                                     <\/p>\n","protected":false},"excerpt":{"rendered":"<p>Docentes del TecNM campus Tuxtla Guti\u00e9rrez, fueron part\u00edcipes del curso \u201cLog\u00edstica Sostenible en la Cadena de Suministro\u201d en la modalidad virtual, impartido por el Mtro. Cuauht\u00e9moc S\u00e1nchez Ram\u00edrez, del 7 al 11 de septiembre, como parte de las actividades de actualizaci\u00f3n profesional que buscan brindar atributos y competencias para fortalecer las asignaturas.<\/p>\n<p><a href=\"https:\/\/www.tuxtla.tecnm.mx\/dcab\/docentes-se-capacitan-en-cadena-de-sumistros\/\"><span class=\"glyphicon glyphicon-arrow-right\"><\/span>&nbsp;Seguir leyendo<\/a><\/p>","protected":false},"author":2,"featured_media":0,"comment_status":"closed","ping_status":"open","sticky":false,"template":"","format":"standard","meta":{"footnotes":""},"categories":[1],"tags":[],"class_list":["post-9121","post","type-post","status-publish","format-standard","hentry","category-sin-categoria"],"_links":{"self":[{"href":"https:\/\/www.tuxtla.tecnm.mx\/dcab\/wp-json\/wp\/v2\/posts\/9121","targetHints":{"allow":["GET"]}}],"collection":[{"href":"https:\/\/www.tuxtla.tecnm.mx\/dcab\/wp-json\/wp\/v2\/posts"}],"about":[{"href":"https:\/\/www.tuxtla.tecnm.mx\/dcab\/wp-json\/wp\/v2\/types\/post"}],"author":[{"embeddable":true,"href":"https:\/\/www.tuxtla.tecnm.mx\/dcab\/wp-json\/wp\/v2\/users\/2"}],"replies":[{"embeddable":true,"href":"https:\/\/www.tuxtla.tecnm.mx\/dcab\/wp-json\/wp\/v2\/comments?post=9121"}],"version-history":[{"count":2,"href":"https:\/\/www.tuxtla.tecnm.mx\/dcab\/wp-json\/wp\/v2\/posts\/9121\/revisions"}],"predecessor-version":[{"id":9124,"href":"https:\/\/www.tuxtla.tecnm.mx\/dcab\/wp-json\/wp\/v2\/posts\/9121\/revisions\/9124"}],"wp:attachment":[{"href":"https:\/\/www.tuxtla.tecnm.mx\/dcab\/wp-json\/wp\/v2\/media?parent=9121"}],"wp:term":[{"taxonomy":"category","embeddable":true,"href":"https:\/\/www.tuxtla.tecnm.mx\/dcab\/wp-json\/wp\/v2\/categories?post=9121"},{"taxonomy":"post_tag","embeddable":true,"href":"https:\/\/www.tuxtla.tecnm.mx\/dcab\/wp-json\/wp\/v2\/tags?post=9121"}],"curies":[{"name":"wp","href":"https:\/\/api.w.org\/{rel}","templated":true}]}}