{"id":8685,"date":"2020-07-01T09:38:14","date_gmt":"2020-07-01T14:38:14","guid":{"rendered":"https:\/\/www.tuxtla.tecnm.mx\/?p=8685"},"modified":"2020-07-01T14:41:52","modified_gmt":"2020-07-01T19:41:52","slug":"felicidades-ingenieros","status":"publish","type":"post","link":"https:\/\/www.tuxtla.tecnm.mx\/dcab\/felicidades-ingenieros\/","title":{"rendered":"Felicidades ingenieras e ingenieros en su d\u00eda"},"content":{"rendered":"\n<div class=\"wp-block-image\"><figure class=\"aligncenter size-large is-resized\"><img loading=\"lazy\" decoding=\"async\" src=\"https:\/\/www.tuxtla.tecnm.mx\/wp-content\/uploads\/2020\/07\/portada_DiaDelIngeniero.png\" alt=\"\" class=\"wp-image-8684\" width=\"291\" height=\"180\"\/><\/figure><\/div>\n\n\n\n<p class=\"wp-block-paragraph\">El <strong>TecNM campus Tuxtla Guti\u00e9rrez<\/strong>, se honra en felicitar y reconocer la labor de<strong> toda la comunidad tecnol\u00f3gica<\/strong>, quienes con su compromiso y dedicaci\u00f3n son la parte medular de cada logro y avance alcanzado en esta Instituci\u00f3n, a nivel estatal y nacional e internacional.<\/p>\n\n\n\n<!--more-->\n\n\n\n<p class=\"wp-block-paragraph\">El D\u00eda de las y los Ingenieros en M\u00e9xico se celebra gracias a\u00a0<strong>Eugenio M\u00e9ndez Docurro (Secretario de Comunicaciones y Transportes)<\/strong>, quien en 1974 propuso establecer el <strong>1 de julio<\/strong> como D\u00eda Nacional del Ingeniero. Esta fecha fue elegida debido a que el 1ro de julio, pero de 1776 se cre\u00f3 el <strong>Real Tribunal de Miner\u00eda en M\u00e9xico<\/strong>, que propici\u00f3 la fundaci\u00f3n de <strong>las primeras escuelas de ingenier\u00eda del continente americano.<\/strong><\/p>\n\n\n\n<p class=\"wp-block-paragraph\">En este sentido, el <strong>TecNM campus Tuxtla Guti\u00e9rrez<\/strong>, reconoce el trabajo y dedicaci\u00f3n de la comunidad tecnol\u00f3gica, que han llevado a esta Instituci\u00f3n a ocupar el lugar <strong>532 de 1,761 en el Ranking Iberoamericano de Instituciones de Educaci\u00f3n Superior, SIR Iber 2019.<\/strong> As\u00ed como el 435 a nivel Latinoam\u00e9rica y el 68 a nivel Nacional.<\/p>\n\n\n\n<p class=\"wp-block-paragraph\">Ser galardonada por el Gobierno del Estado de Chiapas, a trav\u00e9s del Instituto de Ciencia, Tecnolog\u00eda e Innovaci\u00f3n del Estado de Chiapas, con el <strong>\u201cM\u00e9rito Estatal de Investigaci\u00f3n 2019\u201d<\/strong>, en reconocimiento a las aportaciones realizadas en el campo de la Ciencia y la Tecnolog\u00eda.<\/p>\n\n\n\n<p class=\"wp-block-paragraph\">Ser reconocida por la Asociaci\u00f3n Nacional de Facultades y Escuelas de Ingenier\u00eda, A.C. (ANFEI), como <strong>una de las Mejores Instituciones de Ingenier\u00edas del Pa\u00eds 2019, <\/strong>en la categor\u00eda C: Instituciones, facultades y escuelas en consolidaci\u00f3n.<\/p>\n\n\n\n<p class=\"wp-block-paragraph\">Recibir el <strong>Dictamen de Acreditaci\u00f3n\npor el registro de Cinco Nuevos Cuerpos Acad\u00e9micos y la reacreditaci\u00f3n de uno\nm\u00e1s<\/strong>, por parte de la Subsecretar\u00eda de Educaci\u00f3n Superior (SES).<\/p>\n\n\n\n<p class=\"wp-block-paragraph\">Gracias a la entrega y el trabajo de\nnuestra comunidad Tecnol\u00f3gica, se ha logrado el fortalecimiento en la <strong>vinculaci\u00f3n\nnacional e internacional con otras Instituciones de Educaci\u00f3n Superior<\/strong>,\ndando a nuestros estudiantes la facilidad para la realizaci\u00f3n de estancias en\nel extranjero, como Colombia, Espa\u00f1a y Alemania; creando v\u00ednculos acad\u00e9micos en\nel desarrollo de proyectos y la colaboraci\u00f3n internacional.<\/p>\n\n\n\n<div class=\"wp-block-image\"><figure class=\"aligncenter size-large is-resized\"><img decoding=\"async\" src=\"https:\/\/www.tuxtla.tecnm.mx\/wp-content\/uploads\/2020\/07\/Director_tec.jpg\" alt=\"\" class=\"wp-image-8689\" width=\"580\"\/><\/figure><\/div>\n\n\n\n<p class=\"wp-block-paragraph\"><em>\u201cEste 1ro de julio, quiero extender mi m\u00e1s sincero reconocimiento y\nagradecimiento a toda la comunidad tecnol\u00f3gica, que con su compromiso y entrega\ncontribuyen a la construcci\u00f3n de un mejor futuro para M\u00e9xico, uno m\u00e1s justo,\npr\u00f3spero e incluyente\u201d<\/em> &nbsp;comparti\u00f3 <strong>Jos\u00e9\nManuel Rosado P\u00e9rez<\/strong>, Director del Instituto Tecnol\u00f3gico de Tuxtla\nGuti\u00e9rrez.<\/p>\n\n\n\n<p class=\"wp-block-paragraph\">Te invitamos a rememorar, algunas de las historias de \u00e9xito alcanzadas gracias a toda nuestra comunidad tecnol\u00f3gica. <strong>\u00a1Felicidades Ingenieras e Ingenieros! <\/strong><\/p>\n\n\n\n<figure class=\"wp-block-embed-wordpress wp-block-embed is-type-wp-embed is-provider-instituto-tecnologico-de-tuxtla-gutierrez\"><div class=\"wp-block-embed__wrapper\">\n<blockquote class=\"wp-embedded-content\" data-secret=\"WBeXnImaFn\"><a href=\"https:\/\/www.tuxtla.tecnm.mx\/el-tec-de-tuxtla-gutierrez-incluido-en-el-ranking-iberoamericano-de-instituciones-de-educacion-superior-sir-iber-2019\/\">El Tec de Tuxtla Guti\u00e9rrez, incluido en el Ranking Iberoamericano de Instituciones de Educaci\u00f3n Superior, SIR IBER 2019<\/a><\/blockquote><iframe loading=\"lazy\" class=\"wp-embedded-content\" sandbox=\"allow-scripts\" security=\"restricted\" style=\"position: absolute; clip: rect(1px, 1px, 1px, 1px);\" title=\"&#171;El Tec de Tuxtla Guti\u00e9rrez, incluido en el Ranking Iberoamericano de Instituciones de Educaci\u00f3n Superior, SIR IBER 2019&#187; &#8212; Instituto Tecnol\u00f3gico de Tuxtla Guti\u00e9rrez\" src=\"https:\/\/www.tuxtla.tecnm.mx\/el-tec-de-tuxtla-gutierrez-incluido-en-el-ranking-iberoamericano-de-instituciones-de-educacion-superior-sir-iber-2019\/embed\/#?secret=WBeXnImaFn\" data-secret=\"WBeXnImaFn\" width=\"600\" height=\"338\" frameborder=\"0\" marginwidth=\"0\" marginheight=\"0\" scrolling=\"no\"><\/iframe>\n<\/div><\/figure>\n\n\n\n<figure class=\"wp-block-embed-wordpress wp-block-embed is-type-wp-embed is-provider-instituto-tecnologico-de-tuxtla-gutierrez\"><div class=\"wp-block-embed__wrapper\">\n<blockquote class=\"wp-embedded-content\" data-secret=\"QVYfR7au6F\"><a href=\"https:\/\/www.tuxtla.tecnm.mx\/galardonan-al-instituto-tecnologico-de-tuxtla-gutierrez-con-el-merito-estatal-de-investigacion-2019\/\">Galardonan al Instituto Tecnol\u00f3gico de Tuxtla Guti\u00e9rrez con el \u201cM\u00e9rito Estatal de Investigaci\u00f3n 2019\u201d<\/a><\/blockquote><iframe loading=\"lazy\" class=\"wp-embedded-content\" sandbox=\"allow-scripts\" security=\"restricted\" style=\"position: absolute; clip: rect(1px, 1px, 1px, 1px);\" title=\"&#171;Galardonan al Instituto Tecnol\u00f3gico de Tuxtla Guti\u00e9rrez con el \u201cM\u00e9rito Estatal de Investigaci\u00f3n 2019\u201d&#187; &#8212; Instituto Tecnol\u00f3gico de Tuxtla Guti\u00e9rrez\" src=\"https:\/\/www.tuxtla.tecnm.mx\/galardonan-al-instituto-tecnologico-de-tuxtla-gutierrez-con-el-merito-estatal-de-investigacion-2019\/embed\/#?secret=QVYfR7au6F\" data-secret=\"QVYfR7au6F\" width=\"600\" height=\"338\" frameborder=\"0\" marginwidth=\"0\" marginheight=\"0\" scrolling=\"no\"><\/iframe>\n<\/div><\/figure>\n\n\n\n<figure class=\"wp-block-embed-wordpress wp-block-embed is-type-wp-embed is-provider-instituto-tecnologico-de-tuxtla-gutierrez\"><div class=\"wp-block-embed__wrapper\">\n<blockquote class=\"wp-embedded-content\" data-secret=\"XZxajmWhGf\"><a href=\"https:\/\/www.tuxtla.tecnm.mx\/el-instituto-tecnologico-de-tuxtla-gutierrez-es-reconocido-por-el-anfei-por-ser-una-de-las-mejores-instituciones-de-ingenieria-del-pais\/\">El Instituto Tecnol\u00f3gico de Tuxtla Guti\u00e9rrez es reconocido por el ANFEI por ser una de las Mejores Instituciones de Ingenier\u00eda del Pa\u00eds.<\/a><\/blockquote><iframe loading=\"lazy\" class=\"wp-embedded-content\" sandbox=\"allow-scripts\" security=\"restricted\" style=\"position: absolute; clip: rect(1px, 1px, 1px, 1px);\" title=\"&#171;El Instituto Tecnol\u00f3gico de Tuxtla Guti\u00e9rrez es reconocido por el ANFEI por ser una de las Mejores Instituciones de Ingenier\u00eda del Pa\u00eds.&#187; &#8212; Instituto Tecnol\u00f3gico de Tuxtla Guti\u00e9rrez\" src=\"https:\/\/www.tuxtla.tecnm.mx\/el-instituto-tecnologico-de-tuxtla-gutierrez-es-reconocido-por-el-anfei-por-ser-una-de-las-mejores-instituciones-de-ingenieria-del-pais\/embed\/#?secret=XZxajmWhGf\" data-secret=\"XZxajmWhGf\" width=\"600\" height=\"338\" frameborder=\"0\" marginwidth=\"0\" marginheight=\"0\" scrolling=\"no\"><\/iframe>\n<\/div><\/figure>\n\n\n\n<figure class=\"wp-block-embed-wordpress wp-block-embed is-type-wp-embed is-provider-instituto-tecnologico-de-tuxtla-gutierrez\"><div class=\"wp-block-embed__wrapper\">\n<blockquote class=\"wp-embedded-content\" data-secret=\"IERpbXCItI\"><a href=\"https:\/\/www.tuxtla.tecnm.mx\/docentes-del-ittg-reciben-galardones-por-proyectos-de-investigacion\/\">Docentes del ITTG reciben galardones por proyectos de investigaci\u00f3n<\/a><\/blockquote><iframe loading=\"lazy\" class=\"wp-embedded-content\" sandbox=\"allow-scripts\" security=\"restricted\" style=\"position: absolute; clip: rect(1px, 1px, 1px, 1px);\" title=\"&#171;Docentes del ITTG reciben galardones por proyectos de investigaci\u00f3n&#187; &#8212; Instituto Tecnol\u00f3gico de Tuxtla Guti\u00e9rrez\" src=\"https:\/\/www.tuxtla.tecnm.mx\/docentes-del-ittg-reciben-galardones-por-proyectos-de-investigacion\/embed\/#?secret=IERpbXCItI\" data-secret=\"IERpbXCItI\" width=\"600\" height=\"338\" frameborder=\"0\" marginwidth=\"0\" marginheight=\"0\" scrolling=\"no\"><\/iframe>\n<\/div><\/figure>\n\n\n\n<figure class=\"wp-block-embed-wordpress wp-block-embed is-type-wp-embed is-provider-instituto-tecnologico-de-tuxtla-gutierrez\"><div class=\"wp-block-embed__wrapper\">\n<blockquote class=\"wp-embedded-content\" data-secret=\"Dzn9UIQTR6\"><a href=\"https:\/\/www.tuxtla.tecnm.mx\/el-tecnm-campus-tuxtla-logra-patente-de-extraccion-de-proteinas\/\">El TecNM campus Tuxtla logra patente de extracci\u00f3n de prote\u00ednas<\/a><\/blockquote><iframe loading=\"lazy\" class=\"wp-embedded-content\" sandbox=\"allow-scripts\" security=\"restricted\" style=\"position: absolute; clip: rect(1px, 1px, 1px, 1px);\" title=\"&#171;El TecNM campus Tuxtla logra patente de extracci\u00f3n de prote\u00ednas&#187; &#8212; Instituto Tecnol\u00f3gico de Tuxtla Guti\u00e9rrez\" src=\"https:\/\/www.tuxtla.tecnm.mx\/el-tecnm-campus-tuxtla-logra-patente-de-extraccion-de-proteinas\/embed\/#?secret=Dzn9UIQTR6\" data-secret=\"Dzn9UIQTR6\" width=\"600\" height=\"338\" frameborder=\"0\" marginwidth=\"0\" marginheight=\"0\" scrolling=\"no\"><\/iframe>\n<\/div><\/figure>\n\n\n\n<figure class=\"wp-block-embed-wordpress wp-block-embed is-type-wp-embed is-provider-instituto-tecnologico-de-tuxtla-gutierrez\"><div class=\"wp-block-embed__wrapper\">\n<blockquote class=\"wp-embedded-content\" data-secret=\"5scNxUJexk\"><a href=\"https:\/\/www.tuxtla.tecnm.mx\/investigadores-del-tec-buscan-recuperar-la-coloracion-en-los-lagos-de-montebello\/\">Investigadores del TecNM, buscan recuperar la coloraci\u00f3n en los Lagos de Montebello<\/a><\/blockquote><iframe loading=\"lazy\" class=\"wp-embedded-content\" sandbox=\"allow-scripts\" security=\"restricted\" style=\"position: absolute; clip: rect(1px, 1px, 1px, 1px);\" title=\"&#171;Investigadores del TecNM, buscan recuperar la coloraci\u00f3n en los Lagos de Montebello&#187; &#8212; Instituto Tecnol\u00f3gico de Tuxtla Guti\u00e9rrez\" src=\"https:\/\/www.tuxtla.tecnm.mx\/investigadores-del-tec-buscan-recuperar-la-coloracion-en-los-lagos-de-montebello\/embed\/#?secret=5scNxUJexk\" data-secret=\"5scNxUJexk\" width=\"600\" height=\"338\" frameborder=\"0\" marginwidth=\"0\" marginheight=\"0\" scrolling=\"no\"><\/iframe>\n<\/div><\/figure>\n\n\n\n<figure class=\"wp-block-embed-wordpress wp-block-embed is-type-wp-embed is-provider-instituto-tecnologico-de-tuxtla-gutierrez\"><div class=\"wp-block-embed__wrapper\">\n<blockquote class=\"wp-embedded-content\" data-secret=\"rIFXUgjtvw\"><a href=\"https:\/\/www.tuxtla.tecnm.mx\/el-chiapaneco-que-participo-en-una-mision-analoga-a-marte\/\">El Chiapaneco que particip\u00f3 en una Misi\u00f3n An\u00e1loga a Marte<\/a><\/blockquote><iframe loading=\"lazy\" class=\"wp-embedded-content\" sandbox=\"allow-scripts\" security=\"restricted\" style=\"position: absolute; clip: rect(1px, 1px, 1px, 1px);\" title=\"&#171;El Chiapaneco que particip\u00f3 en una Misi\u00f3n An\u00e1loga a Marte&#187; &#8212; Instituto Tecnol\u00f3gico de Tuxtla Guti\u00e9rrez\" src=\"https:\/\/www.tuxtla.tecnm.mx\/el-chiapaneco-que-participo-en-una-mision-analoga-a-marte\/embed\/#?secret=rIFXUgjtvw\" data-secret=\"rIFXUgjtvw\" width=\"600\" height=\"338\" frameborder=\"0\" marginwidth=\"0\" marginheight=\"0\" scrolling=\"no\"><\/iframe>\n<\/div><\/figure>\n\n\n\n<figure class=\"wp-block-embed-wordpress wp-block-embed is-type-wp-embed is-provider-instituto-tecnologico-de-tuxtla-gutierrez\"><div class=\"wp-block-embed__wrapper\">\n<blockquote class=\"wp-embedded-content\" data-secret=\"bqwemf8gMz\"><a href=\"https:\/\/www.tuxtla.tecnm.mx\/del-desierto-de-utah-al-centro-aeroespacial-aleman\/\">Del desierto de Utah al Centro Aeroespacial Alem\u00e1n<\/a><\/blockquote><iframe loading=\"lazy\" class=\"wp-embedded-content\" sandbox=\"allow-scripts\" security=\"restricted\" style=\"position: absolute; clip: rect(1px, 1px, 1px, 1px);\" title=\"&#171;Del desierto de Utah al Centro Aeroespacial Alem\u00e1n&#187; &#8212; Instituto Tecnol\u00f3gico de Tuxtla Guti\u00e9rrez\" src=\"https:\/\/www.tuxtla.tecnm.mx\/del-desierto-de-utah-al-centro-aeroespacial-aleman\/embed\/#?secret=bqwemf8gMz\" data-secret=\"bqwemf8gMz\" width=\"600\" height=\"338\" frameborder=\"0\" marginwidth=\"0\" marginheight=\"0\" scrolling=\"no\"><\/iframe>\n<\/div><\/figure>\n\n\n\n<figure class=\"wp-block-embed-wordpress wp-block-embed is-type-wp-embed is-provider-instituto-tecnologico-de-tuxtla-gutierrez\"><div class=\"wp-block-embed__wrapper\">\n<blockquote class=\"wp-embedded-content\" data-secret=\"HpEwe092ST\"><a href=\"https:\/\/www.tuxtla.tecnm.mx\/estudiantes-del-tec-de-tuxtla-gutierrez-obtienen-el-3er-lugar-en-el-eneit-2019\/\">Estudiantes del Tec de Tuxtla Guti\u00e9rrez obtienen el 3er Lugar en el ENEIT 2019<\/a><\/blockquote><iframe loading=\"lazy\" class=\"wp-embedded-content\" sandbox=\"allow-scripts\" security=\"restricted\" style=\"position: absolute; clip: rect(1px, 1px, 1px, 1px);\" title=\"&#171;Estudiantes del Tec de Tuxtla Guti\u00e9rrez obtienen el 3er Lugar en el ENEIT 2019&#187; &#8212; Instituto Tecnol\u00f3gico de Tuxtla Guti\u00e9rrez\" src=\"https:\/\/www.tuxtla.tecnm.mx\/estudiantes-del-tec-de-tuxtla-gutierrez-obtienen-el-3er-lugar-en-el-eneit-2019\/embed\/#?secret=HpEwe092ST\" data-secret=\"HpEwe092ST\" width=\"600\" height=\"338\" frameborder=\"0\" marginwidth=\"0\" marginheight=\"0\" scrolling=\"no\"><\/iframe>\n<\/div><\/figure>\n\n\n\n<figure class=\"wp-block-embed-wordpress wp-block-embed is-type-wp-embed is-provider-instituto-tecnologico-de-tuxtla-gutierrez\"><div class=\"wp-block-embed__wrapper\">\n<blockquote class=\"wp-embedded-content\" data-secret=\"cvLnNeOjec\"><a href=\"https:\/\/www.tuxtla.tecnm.mx\/comprueban-propiedades-de-la-chilca-contra-la-roya-del-cafe\/\">Comprueban propiedades de la Chilca contra la Roya del Caf\u00e9<\/a><\/blockquote><iframe loading=\"lazy\" class=\"wp-embedded-content\" sandbox=\"allow-scripts\" security=\"restricted\" style=\"position: absolute; clip: rect(1px, 1px, 1px, 1px);\" title=\"&#171;Comprueban propiedades de la Chilca contra la Roya del Caf\u00e9&#187; &#8212; Instituto Tecnol\u00f3gico de Tuxtla Guti\u00e9rrez\" src=\"https:\/\/www.tuxtla.tecnm.mx\/comprueban-propiedades-de-la-chilca-contra-la-roya-del-cafe\/embed\/#?secret=cvLnNeOjec\" data-secret=\"cvLnNeOjec\" width=\"600\" height=\"338\" frameborder=\"0\" marginwidth=\"0\" marginheight=\"0\" scrolling=\"no\"><\/iframe>\n<\/div><\/figure>\n\n\n\n<figure class=\"wp-block-embed-wordpress wp-block-embed is-type-wp-embed is-provider-instituto-tecnologico-de-tuxtla-gutierrez\"><div class=\"wp-block-embed__wrapper\">\n<blockquote class=\"wp-embedded-content\" data-secret=\"hVY0Dd4WZz\"><a href=\"https:\/\/www.tuxtla.tecnm.mx\/mujeres-indigenas-se-graduan-como-ingenieras-y-ahora-buscaran-iluminar-sus-comunidades\/\">Mujeres ind\u00edgenas se grad\u00faan como Ingenieras y ahora buscar\u00e1n iluminar sus comunidades<\/a><\/blockquote><iframe loading=\"lazy\" class=\"wp-embedded-content\" sandbox=\"allow-scripts\" security=\"restricted\" style=\"position: absolute; clip: rect(1px, 1px, 1px, 1px);\" title=\"&#171;Mujeres ind\u00edgenas se grad\u00faan como Ingenieras y ahora buscar\u00e1n iluminar sus comunidades&#187; &#8212; Instituto Tecnol\u00f3gico de Tuxtla Guti\u00e9rrez\" src=\"https:\/\/www.tuxtla.tecnm.mx\/mujeres-indigenas-se-graduan-como-ingenieras-y-ahora-buscaran-iluminar-sus-comunidades\/embed\/#?secret=hVY0Dd4WZz\" data-secret=\"hVY0Dd4WZz\" width=\"600\" height=\"338\" frameborder=\"0\" marginwidth=\"0\" marginheight=\"0\" scrolling=\"no\"><\/iframe>\n<\/div><\/figure>\n","protected":false},"excerpt":{"rendered":"<p>El TecNM campus Tuxtla Guti\u00e9rrez, se honra en felicitar y reconocer la labor de toda la comunidad tecnol\u00f3gica, quienes con su compromiso y dedicaci\u00f3n son la parte medular de cada logro y avance alcanzado en esta Instituci\u00f3n, a nivel estatal y nacional e internacional.<\/p>\n<p><a href=\"https:\/\/www.tuxtla.tecnm.mx\/dcab\/felicidades-ingenieros\/\"><span class=\"glyphicon glyphicon-arrow-right\"><\/span>&nbsp;Seguir leyendo<\/a><\/p>","protected":false},"author":2,"featured_media":0,"comment_status":"closed","ping_status":"open","sticky":false,"template":"","format":"standard","meta":{"footnotes":""},"categories":[1],"tags":[],"class_list":["post-8685","post","type-post","status-publish","format-standard","hentry","category-sin-categoria"],"_links":{"self":[{"href":"https:\/\/www.tuxtla.tecnm.mx\/dcab\/wp-json\/wp\/v2\/posts\/8685","targetHints":{"allow":["GET"]}}],"collection":[{"href":"https:\/\/www.tuxtla.tecnm.mx\/dcab\/wp-json\/wp\/v2\/posts"}],"about":[{"href":"https:\/\/www.tuxtla.tecnm.mx\/dcab\/wp-json\/wp\/v2\/types\/post"}],"author":[{"embeddable":true,"href":"https:\/\/www.tuxtla.tecnm.mx\/dcab\/wp-json\/wp\/v2\/users\/2"}],"replies":[{"embeddable":true,"href":"https:\/\/www.tuxtla.tecnm.mx\/dcab\/wp-json\/wp\/v2\/comments?post=8685"}],"version-history":[{"count":4,"href":"https:\/\/www.tuxtla.tecnm.mx\/dcab\/wp-json\/wp\/v2\/posts\/8685\/revisions"}],"predecessor-version":[{"id":8693,"href":"https:\/\/www.tuxtla.tecnm.mx\/dcab\/wp-json\/wp\/v2\/posts\/8685\/revisions\/8693"}],"wp:attachment":[{"href":"https:\/\/www.tuxtla.tecnm.mx\/dcab\/wp-json\/wp\/v2\/media?parent=8685"}],"wp:term":[{"taxonomy":"category","embeddable":true,"href":"https:\/\/www.tuxtla.tecnm.mx\/dcab\/wp-json\/wp\/v2\/categories?post=8685"},{"taxonomy":"post_tag","embeddable":true,"href":"https:\/\/www.tuxtla.tecnm.mx\/dcab\/wp-json\/wp\/v2\/tags?post=8685"}],"curies":[{"name":"wp","href":"https:\/\/api.w.org\/{rel}","templated":true}]}}