{"id":8515,"date":"2020-06-15T20:38:45","date_gmt":"2020-06-16T01:38:45","guid":{"rendered":"https:\/\/www.tuxtla.tecnm.mx\/?p=8515"},"modified":"2020-06-17T19:32:59","modified_gmt":"2020-06-18T00:32:59","slug":"el-servicio-social-ahora-sera-en-linea","status":"publish","type":"post","link":"https:\/\/www.tuxtla.tecnm.mx\/dcab\/el-servicio-social-ahora-sera-en-linea\/","title":{"rendered":"El Servicio Social ahora ser\u00e1 en l\u00ednea"},"content":{"rendered":"\n<div class=\"wp-block-image\"><figure class=\"aligncenter size-large is-resized\"><img loading=\"lazy\" decoding=\"async\" src=\"https:\/\/www.tuxtla.tecnm.mx\/wp-content\/uploads\/2020\/06\/portada_ServicioSocialLinea.png\" alt=\"\" class=\"wp-image-8514\" width=\"291\" height=\"180\"\/><\/figure><\/div>\n\n\n\n<p class=\"wp-block-paragraph\">El Departamento de Gesti\u00f3n Tecnol\u00f3gica y Vinculaci\u00f3n encabezado por <strong>Carolina Cueto Dom\u00ednguez<\/strong>, a trav\u00e9s de la Jefa de Oficina de Servicio Social y Desarrollo Comunitario, <strong>Carolina Hern\u00e1ndez Alfaro<\/strong>, realiz\u00f3 la charla informativa en l\u00ednea para dar a conocer los <strong>nuevos lineamientos para la realizaci\u00f3n del Servicio Social en el periodo agosto-diciembre 2020.<\/strong><\/p>\n\n\n\n<!--more-->\n\n\n\n<p class=\"wp-block-paragraph\">  <\/p>\n\n\n\n<p class=\"wp-block-paragraph\">El servicio social se realiza en dependencias de gobierno (Municipal,   Estatal o Federal). La nueva modalidad para realizar el servicio social <strong>ahora ser\u00e1 EN L\u00cdNEA<\/strong>, y <strong>podr\u00e1n registrarse en el sistema a partir del 1ro de JULIO.<\/strong><\/p>\n\n\n\n<p class=\"wp-block-paragraph\">Una vez realizado el registro, los estudiantes <strong>recibir\u00e1n por correo la carta de presentaci\u00f3n<\/strong> (documento importante para el inicio del servicio social), as\u00ed mismo se les enviara<strong> el proceso para la entrega de los reportes <\/strong>a su correo. El servicio dura <strong>m\u00ednimo 6 meses, m\u00e1ximo 2 a\u00f1os, cubriendo un total de 480 hrs.<\/strong><\/p>\n\n\n\n<p class=\"wp-block-paragraph\">En caso de realizar el servicio social en el Tecnol\u00f3gico, la carta de presentaci\u00f3n deber\u00e1 estar dirigida al<strong> Jefe del Departamento.<\/strong><\/p>\n\n\n\n<div class=\"wp-block-image\"><figure class=\"aligncenter size-large is-resized\"><img decoding=\"async\" src=\"https:\/\/www.tuxtla.tecnm.mx\/wp-content\/uploads\/2020\/06\/ServicioSocialenLinea3.jpg\" alt=\"\" class=\"wp-image-8513\" width=\"580\"\/><\/figure><\/div>\n\n\n\n<p class=\"wp-block-paragraph\">De no tener todav\u00eda un lugar para realizar su servicio social, los estudiantes pueden escribir al correo: <strong>carolina.ha@tuxtla.tecnm.mx<\/strong>, para recibir apoyo con la asignaci\u00f3n del lugar.<\/p>\n\n\n\n<p class=\"wp-block-paragraph\">Al final de la presentaci\u00f3n, se abri\u00f3 un espacio para responder inquietudes de los estudiantes. Sin embargo, <strong>en caso de que requieran mayor informaci\u00f3n, pueden escribir al correo: carolina.ha@tuxtla.tecnm.mx<\/strong>  Con atenci\u00f3n a<strong> Carolina Hern\u00e1ndez Alfaro.<\/strong><\/p>\n\n\n\n<div class=\"wp-block-image\"><figure class=\"aligncenter size-large is-resized\"><img decoding=\"async\" src=\"https:\/\/www.tuxtla.tecnm.mx\/wp-content\/uploads\/2020\/06\/ServicioSocialenLinea.jpg\" alt=\"\" class=\"wp-image-8511\" width=\"580\"\/><\/figure><\/div>\n\n\n\n<p class=\"wp-block-paragraph\">                      <br>CIENCIA Y TECNOLOG\u00cdA CON SENTIDO HUMANO<br>Departamento de Comunicaci\u00f3n y Difusi\u00f3n<br>Instituto Tecnol\u00f3gico de Tuxtla Guti\u00e9rrez                    <\/p>\n","protected":false},"excerpt":{"rendered":"<p>El Departamento de Gesti\u00f3n Tecnol\u00f3gica y Vinculaci\u00f3n encabezado por Carolina Cueto Dom\u00ednguez, a trav\u00e9s de la Jefa de Oficina de Servicio Social y Desarrollo Comunitario, Carolina Hern\u00e1ndez Alfaro, realiz\u00f3 la charla informativa en l\u00ednea para dar a conocer los nuevos lineamientos para la realizaci\u00f3n del Servicio Social en el periodo agosto-diciembre 2020.<\/p>\n<p><a href=\"https:\/\/www.tuxtla.tecnm.mx\/dcab\/el-servicio-social-ahora-sera-en-linea\/\"><span class=\"glyphicon glyphicon-arrow-right\"><\/span>&nbsp;Seguir leyendo<\/a><\/p>","protected":false},"author":2,"featured_media":0,"comment_status":"closed","ping_status":"open","sticky":false,"template":"","format":"standard","meta":{"footnotes":""},"categories":[1],"tags":[],"class_list":["post-8515","post","type-post","status-publish","format-standard","hentry","category-sin-categoria"],"_links":{"self":[{"href":"https:\/\/www.tuxtla.tecnm.mx\/dcab\/wp-json\/wp\/v2\/posts\/8515","targetHints":{"allow":["GET"]}}],"collection":[{"href":"https:\/\/www.tuxtla.tecnm.mx\/dcab\/wp-json\/wp\/v2\/posts"}],"about":[{"href":"https:\/\/www.tuxtla.tecnm.mx\/dcab\/wp-json\/wp\/v2\/types\/post"}],"author":[{"embeddable":true,"href":"https:\/\/www.tuxtla.tecnm.mx\/dcab\/wp-json\/wp\/v2\/users\/2"}],"replies":[{"embeddable":true,"href":"https:\/\/www.tuxtla.tecnm.mx\/dcab\/wp-json\/wp\/v2\/comments?post=8515"}],"version-history":[{"count":4,"href":"https:\/\/www.tuxtla.tecnm.mx\/dcab\/wp-json\/wp\/v2\/posts\/8515\/revisions"}],"predecessor-version":[{"id":8530,"href":"https:\/\/www.tuxtla.tecnm.mx\/dcab\/wp-json\/wp\/v2\/posts\/8515\/revisions\/8530"}],"wp:attachment":[{"href":"https:\/\/www.tuxtla.tecnm.mx\/dcab\/wp-json\/wp\/v2\/media?parent=8515"}],"wp:term":[{"taxonomy":"category","embeddable":true,"href":"https:\/\/www.tuxtla.tecnm.mx\/dcab\/wp-json\/wp\/v2\/categories?post=8515"},{"taxonomy":"post_tag","embeddable":true,"href":"https:\/\/www.tuxtla.tecnm.mx\/dcab\/wp-json\/wp\/v2\/tags?post=8515"}],"curies":[{"name":"wp","href":"https:\/\/api.w.org\/{rel}","templated":true}]}}