{"id":8427,"date":"2020-06-05T15:13:54","date_gmt":"2020-06-05T20:13:54","guid":{"rendered":"https:\/\/www.tuxtla.tecnm.mx\/?p=8427"},"modified":"2020-06-05T15:22:43","modified_gmt":"2020-06-05T20:22:43","slug":"tec-de-tuxtla-continua-impulsando-acciones","status":"publish","type":"post","link":"https:\/\/www.tuxtla.tecnm.mx\/dcab\/tec-de-tuxtla-continua-impulsando-acciones\/","title":{"rendered":"Tec de Tuxtla contin\u00faa impulsando acciones"},"content":{"rendered":"\n<div class=\"wp-block-image\"><figure class=\"aligncenter size-large is-resized\"><img loading=\"lazy\" decoding=\"async\" src=\"https:\/\/www.tuxtla.tecnm.mx\/wp-content\/uploads\/2020\/06\/portada_DiaMundialMedioAmbiente.png\" alt=\"\" class=\"wp-image-8426\" width=\"291\" height=\"180\"\/><\/figure><\/div>\n\n\n\n<p class=\"wp-block-paragraph\">El <strong>D\u00eda Mundial del Medio Ambiente<\/strong> busca <strong>fomentar la conciencia y la acci\u00f3n global a favor de la protecci\u00f3n del entorno ambiental <\/strong>y se ha convertido (desde 1974) en una plataforma global de alcance p\u00fablico, ampliamente celebrado en m\u00e1s de 100 pa\u00edses.<\/p>\n\n\n\n<!--more-->\n\n\n\n<p class=\"wp-block-paragraph\">Esta fecha genera la i<strong>mplementaci\u00f3n de estrategias y acciones<\/strong> por parte de gobiernos, empresas, celebridades y ciudadanos <strong>en la b\u00fasqueda de soluciones para la conservaci\u00f3n y protecci\u00f3n de nuestro planeta.<\/strong><\/p>\n\n\n\n<p class=\"wp-block-paragraph\">Motiva a la sociedad a pensar en la forma que consumen y su impacto en el planeta; a las empresas a desarrollar modelos de producci\u00f3n y servicios m\u00e1s sustentables; a los agricultores y fabricantes a producir de forma m\u00e1s sostenible y ecol\u00f3gica; a los gobiernos a salvaguardar las regiones silvestres; y a <strong>los sistemas educativos a inspirar a los estudiantes a vivir en armon\u00eda con la Tierra y ser conscientes del impacto que cada una de sus acciones puede generar en el Planeta y su futuro.<\/strong><\/p>\n\n\n\n<p class=\"wp-block-paragraph\">En este sentido, el <strong>TecNM campus Tuxtla Guti\u00e9rrez<\/strong>, lleva a cabo acciones que promueven el cuidado del Medio Ambiente y <strong>generan conciencia en la Comunidad Tecnol\u00f3gica sobre la importancia de preservar nuestros recursos.<\/strong><\/p>\n\n\n\n<div class=\"wp-block-image\"><figure class=\"aligncenter size-large is-resized\"><img decoding=\"async\" src=\"https:\/\/www.tuxtla.tecnm.mx\/wp-content\/uploads\/2020\/06\/LibreDePlastico.png\" alt=\"\" class=\"wp-image-8422\" width=\"580\"\/><\/figure><\/div>\n\n\n\n<p class=\"wp-block-paragraph\">Es as\u00ed como de la mano de <strong>Mar\u00eda Magdalena P\u00e9rez Salgado<\/strong>, Coordinadora Institucional del Programa 100% Libre de Pl\u00e1stico; el TecNM campus Tuxtla Guti\u00e9rrez se ha encaminado a <strong>obtener la Certificaci\u00f3n por la eliminaci\u00f3n del pl\u00e1stico de un s\u00f3lo uso<\/strong>, en respuesta a la convocatoria lanzada por el Tecnol\u00f3gico Nacional de M\u00e9xico.<\/p>\n\n\n\n<p class=\"wp-block-paragraph\">Aunado a ello, el Instituto realiz\u00f3 la <strong>Firma de Carta Intensi\u00f3n con la SEMAHN <\/strong>(Secretar\u00eda de Medio Ambiente e Historia Natural) estableciendo una alianza para el desarrollo de la ciencia y la tecnolog\u00eda enfocados en la mejora del medio ambiente.<\/p>\n\n\n\n<div class=\"wp-block-image\"><figure class=\"aligncenter size-large is-resized\"><img decoding=\"async\" src=\"https:\/\/www.tuxtla.tecnm.mx\/wp-content\/uploads\/2020\/06\/CartaIntensionSEMAHN.jpg\" alt=\"\" class=\"wp-image-8424\" width=\"580\"\/><\/figure><\/div>\n\n\n\n<p class=\"wp-block-paragraph\">La implementaci\u00f3n de composteros en las Sedes de Siltepec y La Concordia, involucrando en ello a estudiantes y tutores.<\/p>\n\n\n\n<p class=\"wp-block-paragraph\">Las Campa\u00f1as de Reforestaci\u00f3n, organizadas por <strong>Joaqu\u00edn Adolfo Montes Molina<\/strong>, en las que participan estudiantes de todas las carreras del Instituto. <\/p>\n\n\n\n<div class=\"wp-block-image\"><figure class=\"aligncenter size-large is-resized\"><img decoding=\"async\" src=\"https:\/\/www.tuxtla.tecnm.mx\/wp-content\/uploads\/2020\/06\/AgriculturaConservacion.jpg\" alt=\"\" class=\"wp-image-8423\" width=\"580\"\/><\/figure><\/div>\n\n\n\n<p class=\"wp-block-paragraph\">La responsabilidad por el cuidado del Medio Ambiente, est\u00e1 <strong>impl\u00edcita en la Misi\u00f3n del Tecnol\u00f3gico:<\/strong> <em>\u00abFormar de manera integral profesionistas de excelencia en el campo de la ciencia y la tecnolog\u00eda con actitud emprendedora, <strong>respeto al medio ambiente<\/strong> y apego a los valores \u00e9ticos\u00bb. <\/em>Lo que genera que sea un aspecto constante y primordial en la formaci\u00f3n de sus profesionistas.<\/p>\n\n\n\n<p class=\"wp-block-paragraph\">Es as\u00ed como los proyectos de investigaci\u00f3n de la instituci\u00f3n tambi\u00e9n est\u00e1n encaminados en la b\u00fasqueda de soluciones a problem\u00e1ticas ambientales, como:  la <strong>\u00ablimpieza de Lixiviados y aguas residuales\u00bb<\/strong>, la <strong>\u00abrecuperaci\u00f3n de la coloraci\u00f3n en los Lagos de Montebello\u00bb<\/strong>, el desarrollo de <strong>\u00abBiolubricante a base de grasa de pollo\u00bb<\/strong>, la aplicaci\u00f3n de la <strong>\u00abAgricultura de Conservaci\u00f3n\u00bb<\/strong> para el rescate de suelos agr\u00edcolas, y la protecci\u00f3n de cultivos mediante<strong> \u00abBiotecnolog\u00eda\u00bb<\/strong>, entre otros.<\/p>\n\n\n\n<p class=\"wp-block-paragraph\">Con estas acciones, el Tecnol\u00f3gico de Tuxtla Guti\u00e9rrez reafirma su prop\u00f3sito en la transformaci\u00f3n de la sociedad a trav\u00e9s de la educaci\u00f3n, <strong>formando profesionistas con \u00e9tica, liderazgo y sensibles a su entorno, con una conciencia de respeto por el Medio Ambiente y su comunidad.<\/strong><\/p>\n\n\n\n<figure class=\"wp-block-embed-wordpress wp-block-embed is-type-wp-embed is-provider-instituto-tecnologico-de-tuxtla-gutierrez\"><div class=\"wp-block-embed__wrapper\">\n<blockquote class=\"wp-embedded-content\" data-secret=\"h5DpQ1cRrV\"><a href=\"https:\/\/www.tuxtla.tecnm.mx\/el-tec-de-tuxtla-se-encamina-a-ser-un-campus-100-libre-de-plastico\/\">El Tec de Tuxtla se encamina a ser un campus 100% libre de pl\u00e1stico<\/a><\/blockquote><iframe loading=\"lazy\" title=\"&#171;El Tec de Tuxtla se encamina a ser un campus 100% libre de pl\u00e1stico&#187; &#8212; Instituto Tecnol\u00f3gico de Tuxtla Guti\u00e9rrez\" class=\"wp-embedded-content\" sandbox=\"allow-scripts\" security=\"restricted\" style=\"position: absolute; clip: rect(1px, 1px, 1px, 1px);\" src=\"https:\/\/www.tuxtla.tecnm.mx\/el-tec-de-tuxtla-se-encamina-a-ser-un-campus-100-libre-de-plastico\/embed\/#?secret=h5DpQ1cRrV\" data-secret=\"h5DpQ1cRrV\" width=\"600\" height=\"338\" frameborder=\"0\" marginwidth=\"0\" marginheight=\"0\" scrolling=\"no\"><\/iframe>\n<\/div><\/figure>\n\n\n\n<figure class=\"wp-block-embed-wordpress wp-block-embed is-type-wp-embed is-provider-instituto-tecnologico-de-tuxtla-gutierrez\"><div class=\"wp-block-embed__wrapper\">\n<blockquote class=\"wp-embedded-content\" data-secret=\"9qwHfWmGJk\"><a href=\"https:\/\/www.tuxtla.tecnm.mx\/firma-de-carta-intencion-entre-el-instituto-tecnologico-de-tuxtla-gutierrez-y-la-secretaria-de-medio-ambiente-e-historia-natural-semahn\/\">Firma de carta intenci\u00f3n entre el Instituto Tecnol\u00f3gico de Tuxtla Guti\u00e9rrez y la Secretar\u00eda de Medio Ambiente e Historia Natural (SEMAHN)<\/a><\/blockquote><iframe loading=\"lazy\" title=\"&#171;Firma de carta intenci\u00f3n entre el Instituto Tecnol\u00f3gico de Tuxtla Guti\u00e9rrez y la Secretar\u00eda de Medio Ambiente e Historia Natural (SEMAHN)&#187; &#8212; Instituto Tecnol\u00f3gico de Tuxtla Guti\u00e9rrez\" class=\"wp-embedded-content\" sandbox=\"allow-scripts\" security=\"restricted\" style=\"position: absolute; clip: rect(1px, 1px, 1px, 1px);\" src=\"https:\/\/www.tuxtla.tecnm.mx\/firma-de-carta-intencion-entre-el-instituto-tecnologico-de-tuxtla-gutierrez-y-la-secretaria-de-medio-ambiente-e-historia-natural-semahn\/embed\/#?secret=9qwHfWmGJk\" data-secret=\"9qwHfWmGJk\" width=\"600\" height=\"338\" frameborder=\"0\" marginwidth=\"0\" marginheight=\"0\" scrolling=\"no\"><\/iframe>\n<\/div><\/figure>\n\n\n\n<figure class=\"wp-block-embed-wordpress wp-block-embed is-type-wp-embed is-provider-instituto-tecnologico-de-tuxtla-gutierrez\"><div class=\"wp-block-embed__wrapper\">\n<blockquote class=\"wp-embedded-content\" data-secret=\"Vs7GsMGYwV\"><a href=\"https:\/\/www.tuxtla.tecnm.mx\/estudiantes-del-tecnm-implementan-composteros-en-sus-sedes\/\">Estudiantes del TecNM implementan composteros en sus sedes<\/a><\/blockquote><iframe loading=\"lazy\" title=\"&#171;Estudiantes del TecNM implementan composteros en sus sedes&#187; &#8212; Instituto Tecnol\u00f3gico de Tuxtla Guti\u00e9rrez\" class=\"wp-embedded-content\" sandbox=\"allow-scripts\" security=\"restricted\" style=\"position: absolute; clip: rect(1px, 1px, 1px, 1px);\" src=\"https:\/\/www.tuxtla.tecnm.mx\/estudiantes-del-tecnm-implementan-composteros-en-sus-sedes\/embed\/#?secret=Vs7GsMGYwV\" data-secret=\"Vs7GsMGYwV\" width=\"600\" height=\"338\" frameborder=\"0\" marginwidth=\"0\" marginheight=\"0\" scrolling=\"no\"><\/iframe>\n<\/div><\/figure>\n\n\n\n<figure class=\"wp-block-embed-wordpress wp-block-embed is-type-wp-embed is-provider-instituto-tecnologico-de-tuxtla-gutierrez\"><div class=\"wp-block-embed__wrapper\">\n<blockquote class=\"wp-embedded-content\" data-secret=\"M88eoa2Mbk\"><a href=\"https:\/\/www.tuxtla.tecnm.mx\/campana-de-reforestacion\/\">Campa\u00f1a de Reforestaci\u00f3n<\/a><\/blockquote><iframe loading=\"lazy\" title=\"&#171;Campa\u00f1a de Reforestaci\u00f3n&#187; &#8212; Instituto Tecnol\u00f3gico de Tuxtla Guti\u00e9rrez\" class=\"wp-embedded-content\" sandbox=\"allow-scripts\" security=\"restricted\" style=\"position: absolute; clip: rect(1px, 1px, 1px, 1px);\" src=\"https:\/\/www.tuxtla.tecnm.mx\/campana-de-reforestacion\/embed\/#?secret=M88eoa2Mbk\" data-secret=\"M88eoa2Mbk\" width=\"600\" height=\"338\" frameborder=\"0\" marginwidth=\"0\" marginheight=\"0\" scrolling=\"no\"><\/iframe>\n<\/div><\/figure>\n\n\n\n<figure class=\"wp-block-embed-wordpress wp-block-embed is-type-wp-embed is-provider-instituto-tecnologico-de-tuxtla-gutierrez\"><div class=\"wp-block-embed__wrapper\">\n<blockquote class=\"wp-embedded-content\" data-secret=\"edTFXnohth\"><a href=\"https:\/\/www.tuxtla.tecnm.mx\/estudiantes-del-i-t-tuxtla-gutierrez-trabajan-en-la-limpieza-de-lixiviados-y-aguas-residuales\/\">Estudiantes del I.T. Tuxtla Guti\u00e9rrez trabajan en la limpieza de Lixiviados y aguas residuales<\/a><\/blockquote><iframe loading=\"lazy\" title=\"&#171;Estudiantes del I.T. Tuxtla Guti\u00e9rrez trabajan en la limpieza de Lixiviados y aguas residuales&#187; &#8212; Instituto Tecnol\u00f3gico de Tuxtla Guti\u00e9rrez\" class=\"wp-embedded-content\" sandbox=\"allow-scripts\" security=\"restricted\" style=\"position: absolute; clip: rect(1px, 1px, 1px, 1px);\" src=\"https:\/\/www.tuxtla.tecnm.mx\/estudiantes-del-i-t-tuxtla-gutierrez-trabajan-en-la-limpieza-de-lixiviados-y-aguas-residuales\/embed\/#?secret=edTFXnohth\" data-secret=\"edTFXnohth\" width=\"600\" height=\"338\" frameborder=\"0\" marginwidth=\"0\" marginheight=\"0\" scrolling=\"no\"><\/iframe>\n<\/div><\/figure>\n\n\n\n<figure class=\"wp-block-embed-wordpress wp-block-embed is-type-wp-embed is-provider-instituto-tecnologico-de-tuxtla-gutierrez\"><div class=\"wp-block-embed__wrapper\">\n<blockquote class=\"wp-embedded-content\" data-secret=\"CQA0lupJEa\"><a href=\"https:\/\/www.tuxtla.tecnm.mx\/investigadores-del-tec-buscan-recuperar-la-coloracion-en-los-lagos-de-montebello\/\">Investigadores del TecNM, buscan recuperar la coloraci\u00f3n en los Lagos de Montebello<\/a><\/blockquote><iframe loading=\"lazy\" title=\"&#171;Investigadores del TecNM, buscan recuperar la coloraci\u00f3n en los Lagos de Montebello&#187; &#8212; Instituto Tecnol\u00f3gico de Tuxtla Guti\u00e9rrez\" class=\"wp-embedded-content\" sandbox=\"allow-scripts\" security=\"restricted\" style=\"position: absolute; clip: rect(1px, 1px, 1px, 1px);\" src=\"https:\/\/www.tuxtla.tecnm.mx\/investigadores-del-tec-buscan-recuperar-la-coloracion-en-los-lagos-de-montebello\/embed\/#?secret=CQA0lupJEa\" data-secret=\"CQA0lupJEa\" width=\"600\" height=\"338\" frameborder=\"0\" marginwidth=\"0\" marginheight=\"0\" scrolling=\"no\"><\/iframe>\n<\/div><\/figure>\n\n\n\n<figure class=\"wp-block-embed-wordpress wp-block-embed is-type-wp-embed is-provider-instituto-tecnologico-de-tuxtla-gutierrez\"><div class=\"wp-block-embed__wrapper\">\n<blockquote class=\"wp-embedded-content\" data-secret=\"ZW2F1gZWPl\"><a href=\"https:\/\/www.tuxtla.tecnm.mx\/tecnm-implementa-la-agricultura-de-conservacion\/\">TecNM aplica la Agricultura de Conservaci\u00f3n<\/a><\/blockquote><iframe loading=\"lazy\" title=\"&#171;TecNM aplica la Agricultura de Conservaci\u00f3n&#187; &#8212; Instituto Tecnol\u00f3gico de Tuxtla Guti\u00e9rrez\" class=\"wp-embedded-content\" sandbox=\"allow-scripts\" security=\"restricted\" style=\"position: absolute; clip: rect(1px, 1px, 1px, 1px);\" src=\"https:\/\/www.tuxtla.tecnm.mx\/tecnm-implementa-la-agricultura-de-conservacion\/embed\/#?secret=ZW2F1gZWPl\" data-secret=\"ZW2F1gZWPl\" width=\"600\" height=\"338\" frameborder=\"0\" marginwidth=\"0\" marginheight=\"0\" scrolling=\"no\"><\/iframe>\n<\/div><\/figure>\n\n\n\n<figure class=\"wp-block-embed-wordpress wp-block-embed is-type-wp-embed is-provider-instituto-tecnologico-de-tuxtla-gutierrez\"><div class=\"wp-block-embed__wrapper\">\n<blockquote class=\"wp-embedded-content\" data-secret=\"TAGZYKLu6d\"><a href=\"https:\/\/www.tuxtla.tecnm.mx\/investigadores-del-tecnm-desarrollan-biolubricante-con-grasa-de-pollo\/\">Investigadores del TecNM desarrollan biolubricante con grasa de pollo<\/a><\/blockquote><iframe loading=\"lazy\" title=\"&#171;Investigadores del TecNM desarrollan biolubricante con grasa de pollo&#187; &#8212; Instituto Tecnol\u00f3gico de Tuxtla Guti\u00e9rrez\" class=\"wp-embedded-content\" sandbox=\"allow-scripts\" security=\"restricted\" style=\"position: absolute; clip: rect(1px, 1px, 1px, 1px);\" src=\"https:\/\/www.tuxtla.tecnm.mx\/investigadores-del-tecnm-desarrollan-biolubricante-con-grasa-de-pollo\/embed\/#?secret=TAGZYKLu6d\" data-secret=\"TAGZYKLu6d\" width=\"600\" height=\"338\" frameborder=\"0\" marginwidth=\"0\" marginheight=\"0\" scrolling=\"no\"><\/iframe>\n<\/div><\/figure>\n\n\n\n<p class=\"wp-block-paragraph\">                  <br>CIENCIA Y TECNOLOG\u00cdA CON SENTIDO HUMANO<br> Departamento de Comunicaci\u00f3n y Difusi\u00f3n<br> Instituto Tecnol\u00f3gico de Tuxtla Guti\u00e9rrez                <\/p>\n","protected":false},"excerpt":{"rendered":"<p>El D\u00eda Mundial del Medio Ambiente busca fomentar la conciencia y la acci\u00f3n global a favor de la protecci\u00f3n del entorno ambiental y se ha convertido (desde 1974) en una plataforma global de alcance p\u00fablico, ampliamente celebrado en m\u00e1s de 100 pa\u00edses.<\/p>\n<p><a href=\"https:\/\/www.tuxtla.tecnm.mx\/dcab\/tec-de-tuxtla-continua-impulsando-acciones\/\"><span class=\"glyphicon glyphicon-arrow-right\"><\/span>&nbsp;Seguir leyendo<\/a><\/p>","protected":false},"author":2,"featured_media":0,"comment_status":"closed","ping_status":"open","sticky":false,"template":"","format":"standard","meta":{"footnotes":""},"categories":[1],"tags":[],"class_list":["post-8427","post","type-post","status-publish","format-standard","hentry","category-sin-categoria"],"_links":{"self":[{"href":"https:\/\/www.tuxtla.tecnm.mx\/dcab\/wp-json\/wp\/v2\/posts\/8427","targetHints":{"allow":["GET"]}}],"collection":[{"href":"https:\/\/www.tuxtla.tecnm.mx\/dcab\/wp-json\/wp\/v2\/posts"}],"about":[{"href":"https:\/\/www.tuxtla.tecnm.mx\/dcab\/wp-json\/wp\/v2\/types\/post"}],"author":[{"embeddable":true,"href":"https:\/\/www.tuxtla.tecnm.mx\/dcab\/wp-json\/wp\/v2\/users\/2"}],"replies":[{"embeddable":true,"href":"https:\/\/www.tuxtla.tecnm.mx\/dcab\/wp-json\/wp\/v2\/comments?post=8427"}],"version-history":[{"count":2,"href":"https:\/\/www.tuxtla.tecnm.mx\/dcab\/wp-json\/wp\/v2\/posts\/8427\/revisions"}],"predecessor-version":[{"id":8429,"href":"https:\/\/www.tuxtla.tecnm.mx\/dcab\/wp-json\/wp\/v2\/posts\/8427\/revisions\/8429"}],"wp:attachment":[{"href":"https:\/\/www.tuxtla.tecnm.mx\/dcab\/wp-json\/wp\/v2\/media?parent=8427"}],"wp:term":[{"taxonomy":"category","embeddable":true,"href":"https:\/\/www.tuxtla.tecnm.mx\/dcab\/wp-json\/wp\/v2\/categories?post=8427"},{"taxonomy":"post_tag","embeddable":true,"href":"https:\/\/www.tuxtla.tecnm.mx\/dcab\/wp-json\/wp\/v2\/tags?post=8427"}],"curies":[{"name":"wp","href":"https:\/\/api.w.org\/{rel}","templated":true}]}}