{"id":7978,"date":"2020-04-01T14:00:08","date_gmt":"2020-04-01T19:00:08","guid":{"rendered":"https:\/\/www.tuxtla.tecnm.mx\/?p=7978"},"modified":"2020-04-02T14:46:35","modified_gmt":"2020-04-02T19:46:35","slug":"tec-de-tuxtla-se-integra-a-prodeter","status":"publish","type":"post","link":"https:\/\/www.tuxtla.tecnm.mx\/dcab\/tec-de-tuxtla-se-integra-a-prodeter\/","title":{"rendered":"Tec de Tuxtla se integra a PRODETER"},"content":{"rendered":"\n<div class=\"wp-block-image\"><figure class=\"aligncenter size-large is-resized\"><img loading=\"lazy\" decoding=\"async\" src=\"https:\/\/www.tuxtla.tecnm.mx\/wp-content\/uploads\/2020\/04\/prodeter_maiz.png\" alt=\"\" class=\"wp-image-7983\" width=\"291\" height=\"180\"\/><\/figure><\/div>\n\n\n\n<p class=\"wp-block-paragraph\">El <strong>TecNM campus Tuxtla Guti\u00e9rrez<\/strong> ahora forma parte del componente de Investigaci\u00f3n y Transferencia de Tecnolog\u00eda de los Proyectos de Desarrollo Territorial, mejor conocidos como <strong>PRODETER<\/strong>; programa implementado por la Secretar\u00eda de Agricultura y Desarrollo Rural del Gobierno Federal y la Secretar\u00eda de Agricultura, Ganader\u00eda y Pesca del Gobierno de Chiapas, con el fin de <strong>incrementar la productividad de las unidades de producci\u00f3n familiar para mejorar el ingreso de la poblaci\u00f3n rural.<\/strong><\/p>\n\n\n\n<!--more-->\n\n\n\n<p class=\"wp-block-paragraph\">El proyecto pertenece a la categor\u00eda <strong>\u00abProyectos de diagn\u00f3stico, transferencia de tecnolog\u00eda y soporte t\u00e9cnico para atender necesidades de los PRODETER\u00bb<\/strong>, con el cual ser\u00e1 acreedor de un financiamiento para su desarrollo e implementaci\u00f3n. Comprende <strong>un conjunto de proyectos de inversi\u00f3n para mejorar la producci\u00f3n primaria y crear empresas rurales<\/strong> que permitan asumir las funciones econ\u00f3micas prioritarias.<\/p>\n\n\n\n<figure class=\"wp-block-image size-large is-resized\"><img loading=\"lazy\" decoding=\"async\" src=\"https:\/\/www.tuxtla.tecnm.mx\/wp-content\/uploads\/2020\/04\/PRODETER_ITTG_02.jpeg\" alt=\"\" class=\"wp-image-7976\" width=\"580\" height=\"346\"\/><\/figure>\n\n\n\n<p class=\"wp-block-paragraph\">El programa se integra de <strong>cuatro componentes:<\/strong> fortalecimiento de las unidades de producci\u00f3n familiar; integraci\u00f3n econ\u00f3mica de las cadenas productivas; desarrollo de capacidades, extensi\u00f3n y asesor\u00eda rural; Investigaci\u00f3n y transferencia de tecnolog\u00eda.<\/p>\n\n\n\n<p class=\"wp-block-paragraph\">Docentes investigadores del tecnol\u00f3gico <strong>realizar\u00e1n el diagn\u00f3stico t\u00e9cnico-productivo<\/strong> de las unidades de producci\u00f3n familiar, la propuesta de transferencia de tecnolog\u00eda y la estrategia de <strong>soporte t\u00e9cnico para los municipios de Acala y Totolapa.<\/strong><\/p>\n\n\n\n<p class=\"wp-block-paragraph\">Los responsables t\u00e9cnicos son: <strong>Reiner Rinc\u00f3n Rosales<\/strong> por el municipio de Totolapa con la cadena productiva <strong>Ma\u00edz<\/strong> y <strong>Miguel Cid del Prado Mart\u00ednez<\/strong> por el municipio de Acala con la cadena productiva del <strong>Jocote<\/strong>, ambos con el apoyo del <strong>Posgrado en Ciencias en Ingenier\u00eda Bioqu\u00edmica y el departamento de Ingenier\u00edas del TecNM Campus Tuxtla. <\/strong><\/p>\n\n\n\n<figure class=\"wp-block-image size-large is-resized\"><img loading=\"lazy\" decoding=\"async\" src=\"https:\/\/www.tuxtla.tecnm.mx\/wp-content\/uploads\/2020\/04\/PRODETER_ITTG_01.jpeg\" alt=\"\" class=\"wp-image-7975\" width=\"583\" height=\"374\"\/><\/figure>\n\n\n\n<p class=\"wp-block-paragraph\">Para formular las propuestas de atenci\u00f3n a estos municipios se consideraron los criterios de ser <strong>cadenas productivas prioritarias, potencial productivo, proyectos con inversiones previas y potencial de desarrollo<\/strong>, as\u00ed como tambi\u00e9n complementariedad con programas de dependencias federales y estatales.<\/p>\n\n\n\n<p class=\"wp-block-paragraph\">Los requisitos para la asignaci\u00f3n al TecNM Campus Tuxtla consistieron en: tener vigencia en el Registro Nacional de Instituciones y Empresas Cient\u00edficas y Tecnol\u00f3gicas (<strong>RENIECYT<\/strong>), contar con el <strong>personal calificado<\/strong> y la <strong>infraestructura<\/strong> necesaria para realizar el proyecto, presentar una <strong>propuesta t\u00e9cnica y metodol\u00f3gica<\/strong>, y un <strong>presupuesto<\/strong> desglosado para la realizaci\u00f3n del proyecto, el cual s\u00f3lo incluye costos directos del soporte t\u00e9cnico y transferencia de tecnolog\u00eda e investigaci\u00f3n y desarrollo tecnol\u00f3gico, sin incluir honorarios ni salarios de los investigadores o el personal participante.<\/p>\n\n\n\n<figure class=\"wp-block-image size-large is-resized\"><img loading=\"lazy\" decoding=\"async\" src=\"https:\/\/www.tuxtla.tecnm.mx\/wp-content\/uploads\/2020\/04\/PRODETER_ITTG_03.jpeg\" alt=\"\" class=\"wp-image-7974\" width=\"579\" height=\"269\"\/><\/figure>\n\n\n\n<p class=\"wp-block-paragraph\">Con estos proyectos el <strong>TecNM reafirma su compromiso con el desarrollo social<\/strong>, promoviendo la<strong> investigaci\u00f3n, la innovaci\u00f3n y el desarrollo tecnol\u00f3gico<\/strong>, fortaleciendo la generaci\u00f3n de <strong>redes de trabajo y la cooperaci\u00f3n nacional<\/strong>, con los objetivos de mejorar la producci\u00f3n primaria, incrementar el nivel de producci\u00f3n y productividad e <strong>implementar innovaciones tecnol\u00f3gicas para el beneficio de los productores rurales<\/strong>.<\/p>\n\n\n\n<p class=\"wp-block-paragraph\">CIENCIA Y TECNOLOG\u00cdA CON SENTIDO HUMANO<\/p>\n\n\n\n<p class=\"wp-block-paragraph\">Departamento de Comunicaci\u00f3n y Difusi\u00f3n<\/p>\n\n\n\n<p class=\"wp-block-paragraph\">Instituto Tecnol\u00f3gico de Tuxtla Guti\u00e9rrez<\/p>\n","protected":false},"excerpt":{"rendered":"<p>El TecNM campus Tuxtla Guti\u00e9rrez ahora forma parte del componente de Investigaci\u00f3n y Transferencia de Tecnolog\u00eda de los Proyectos de Desarrollo Territorial, mejor conocidos como PRODETER; programa implementado por la Secretar\u00eda de Agricultura y Desarrollo Rural del Gobierno Federal y la Secretar\u00eda de Agricultura, Ganader\u00eda y Pesca del Gobierno de Chiapas, con el fin de&#8230;<\/p>\n<p><a href=\"https:\/\/www.tuxtla.tecnm.mx\/dcab\/tec-de-tuxtla-se-integra-a-prodeter\/\"><span class=\"glyphicon glyphicon-arrow-right\"><\/span>&nbsp;Seguir leyendo<\/a><\/p>","protected":false},"author":2,"featured_media":0,"comment_status":"closed","ping_status":"open","sticky":false,"template":"","format":"standard","meta":{"footnotes":""},"categories":[1],"tags":[],"class_list":["post-7978","post","type-post","status-publish","format-standard","hentry","category-sin-categoria"],"_links":{"self":[{"href":"https:\/\/www.tuxtla.tecnm.mx\/dcab\/wp-json\/wp\/v2\/posts\/7978","targetHints":{"allow":["GET"]}}],"collection":[{"href":"https:\/\/www.tuxtla.tecnm.mx\/dcab\/wp-json\/wp\/v2\/posts"}],"about":[{"href":"https:\/\/www.tuxtla.tecnm.mx\/dcab\/wp-json\/wp\/v2\/types\/post"}],"author":[{"embeddable":true,"href":"https:\/\/www.tuxtla.tecnm.mx\/dcab\/wp-json\/wp\/v2\/users\/2"}],"replies":[{"embeddable":true,"href":"https:\/\/www.tuxtla.tecnm.mx\/dcab\/wp-json\/wp\/v2\/comments?post=7978"}],"version-history":[{"count":3,"href":"https:\/\/www.tuxtla.tecnm.mx\/dcab\/wp-json\/wp\/v2\/posts\/7978\/revisions"}],"predecessor-version":[{"id":7984,"href":"https:\/\/www.tuxtla.tecnm.mx\/dcab\/wp-json\/wp\/v2\/posts\/7978\/revisions\/7984"}],"wp:attachment":[{"href":"https:\/\/www.tuxtla.tecnm.mx\/dcab\/wp-json\/wp\/v2\/media?parent=7978"}],"wp:term":[{"taxonomy":"category","embeddable":true,"href":"https:\/\/www.tuxtla.tecnm.mx\/dcab\/wp-json\/wp\/v2\/categories?post=7978"},{"taxonomy":"post_tag","embeddable":true,"href":"https:\/\/www.tuxtla.tecnm.mx\/dcab\/wp-json\/wp\/v2\/tags?post=7978"}],"curies":[{"name":"wp","href":"https:\/\/api.w.org\/{rel}","templated":true}]}}