{"id":7425,"date":"2020-02-19T15:44:36","date_gmt":"2020-02-19T20:44:36","guid":{"rendered":"https:\/\/www.tuxtla.tecnm.mx\/?p=7425"},"modified":"2025-08-25T19:40:17","modified_gmt":"2025-08-26T00:40:17","slug":"directorio-2020","status":"publish","type":"post","link":"https:\/\/www.tuxtla.tecnm.mx\/dcab\/directorio-2020\/","title":{"rendered":"Directorio TecNM campus Tuxtla Guti\u00e9rrez"},"content":{"rendered":"\n<!--more-->\n\n\n\n<div class=\"wp-block-group\"><div class=\"wp-block-group__inner-container is-layout-flow wp-block-group-is-layout-flow\">\n<figure class=\"wp-block-table\"><table class=\"has-subtle-pale-pink-background-color has-background\"><tbody><tr><td class=\"has-text-align-center\" data-align=\"center\"><strong>CONMUTADOR<\/strong><\/td><td class=\"has-text-align-center\" data-align=\"center\"><strong>615 0461<\/strong> \/ <strong>615 0138<\/strong> \/ <strong>615 4808<\/strong><\/td><\/tr><\/tbody><\/table><\/figure>\n<\/div><\/div>\n\n\n\n<figure class=\"wp-block-table\"><table class=\"\"><tbody><tr><td class=\"has-text-align-center\" data-align=\"center\">  <strong>NOMBRE Y CARGO<\/strong> <\/td><td class=\"has-text-align-center\" data-align=\"center\"> <strong>EXT.<\/strong> <\/td><td class=\"has-text-align-center\" data-align=\"center\">  <strong>CORREO<\/strong> <\/td><\/tr><tr><td class=\"has-text-align-center\" data-align=\"center\"> <strong>Jos\u00e9 Manuel Rosado P\u00e9rez<\/strong><br>Director del ITTG  <\/td><td class=\"has-text-align-center\" data-align=\"center\">101<\/td><td class=\"has-text-align-center\" data-align=\"center\"> dir_tgutierrez@tecnm.mx  <\/td><\/tr><\/tbody><\/table><\/figure>\n\n\n\n<figure class=\"wp-block-table\"><table class=\"has-subtle-pale-blue-background-color has-background\"><tbody><tr><td class=\"has-text-align-center\" data-align=\"center\"><strong>SERVICIOS ADMINISTRATIVOS<\/strong><\/td><\/tr><\/tbody><\/table><\/figure>\n\n\n\n<figure class=\"wp-block-table\"><table class=\"\"><tbody><tr><td class=\"has-text-align-left\" data-align=\"left\"><strong>Marco Antonio M\u00e9ndez Ancheyta<\/strong><br>Subdirecci\u00f3n de Servicios Administrativos <\/td><td>200<br>201<\/td><td>admon_tgutierrez@tecnm.mx <\/td><\/tr><tr><td class=\"has-text-align-left\" data-align=\"left\"><strong>Jos\u00e9 Rigoberto<\/strong> <strong>Ruiz Gamboa<\/strong><br>Departamento de Recursos Materiales y Servicios<\/td><td>203<\/td><td>rm_tgutierrez@tecnm.mx<\/td><\/tr><tr><td class=\"has-text-align-left\" data-align=\"left\"><strong>N\u00e9stor Antonio Morales Navarro<\/strong><br>Departamento de Centro de C\u00f3mputo<\/td><td>205<br>206<\/td><td>cc_tgutierrez@tecnm.mx<\/td><\/tr><tr><td class=\"has-text-align-left\" data-align=\"left\"><strong>Aldo Est\u00e9ban Aguilar Castillejos<\/strong><br>Departamento de Mantenimiento<br>de Equipo<\/td><td>208<\/td><td>mantto@tuxtla.tecnm.mx <\/td><\/tr><tr><td class=\"has-text-align-left\" data-align=\"left\"><strong>Julieta Garc\u00eda Villatoro<\/strong><br>Departamento de Recursos Humanos<\/td><td>210<\/td><td>rh_tgutierrez@tecnm.mx<\/td><\/tr><tr><td class=\"has-text-align-left\" data-align=\"left\"><strong>Enlace&nbsp;de la Regi\u00f3n VI&nbsp;de la ANFEI&nbsp; <\/strong><\/td><td>211<\/td><td>enlaceanfei@tuxtla.tecnm.mx<\/td><\/tr><tr><td class=\"has-text-align-left\" data-align=\"left\"><strong>Leticia Guadalupe Cancino Cruz<\/strong> <br>Departamento de Recursos Financieros<\/td><td>212<br>213<br>214<\/td><td> rf_tgutierrez@tecnm.mx<\/td><\/tr><\/tbody><\/table><\/figure>\n\n\n\n<figure class=\"wp-block-table\"><table class=\"has-subtle-pale-blue-background-color has-background\"><tbody><tr><td class=\"has-text-align-center\" data-align=\"center\"><strong>SUBDIRECCI\u00d3N ACAD\u00c9MICA<\/strong><\/td><\/tr><\/tbody><\/table><\/figure>\n\n\n\n<figure class=\"wp-block-table\"><table class=\"\"><tbody><tr><td class=\"has-text-align-left\" data-align=\"left\"><strong>Mar\u00eda Delina Culebro Farrera<\/strong><br>Subdirecci\u00f3n Acad\u00e9mica <\/td><td class=\"has-text-align-center\" data-align=\"center\">300<br>301<\/td><td class=\"has-text-align-left\" data-align=\"left\"> acad_tgutierrez@tecnm.mx <\/td><\/tr><tr><td class=\"has-text-align-left\" data-align=\"left\"><strong>Francisco Alexander Rinc\u00f3n Molina<\/strong><br>Divisi\u00f3n de Estudios Profesionales<\/td><td class=\"has-text-align-center\" data-align=\"center\">303<\/td><td class=\"has-text-align-left\" data-align=\"left\">dep_tgutierrez@tecnm.mx<\/td><\/tr><tr><td class=\"has-text-align-left\" data-align=\"left\"><strong>Ricardo Paulo Camacho<\/strong><br>Coordinaci\u00f3n de Centro de Lenguas Extranjeras (CLE)<\/td><td class=\"has-text-align-center\" data-align=\"center\">327<\/td><td class=\"has-text-align-left\" data-align=\"left\">leng_tgutierrez@tecnm.mx<\/td><\/tr><tr><td class=\"has-text-align-left\" data-align=\"left\"><strong>Coordinaci\u00f3n de Titulaci\u00f3n<\/strong><\/td><td class=\"has-text-align-center\" data-align=\"center\">3246<\/td><td class=\"has-text-align-left\" data-align=\"left\">coordinacion.titulacion<br>@tuxtla.tecnm.mx<\/td><\/tr><tr><td class=\"has-text-align-left\" data-align=\"left\"><strong>Am\u00edn Rodr\u00edguez Meneses<\/strong><br>Divisi\u00f3n de Estudios de Posgrado e Investigaci\u00f3n <\/td><td class=\"has-text-align-center\" data-align=\"center\">304<br>305<\/td><td class=\"has-text-align-left\" data-align=\"left\"> depi_tgutierrez@tecnm.mx&nbsp; <\/td><\/tr><tr><td class=\"has-text-align-left\" data-align=\"left\"><strong>Enlace&nbsp;CONRICYT<\/strong> (Posgrado)<\/td><td class=\"has-text-align-center\" data-align=\"center\"><\/td><td class=\"has-text-align-left\" data-align=\"left\">conricyt_tgutierrez@tecnm.mx<\/td><\/tr><tr><td class=\"has-text-align-left\" data-align=\"left\"><strong>Enlace PRODEP<\/strong> (Posgrado)&nbsp; <\/td><td class=\"has-text-align-center\" data-align=\"center\"><\/td><td class=\"has-text-align-left\" data-align=\"left\"> prodep_tgutierrez@tecnm.mx<\/td><\/tr><tr><td class=\"has-text-align-left\" data-align=\"left\"><strong>Mar\u00eda Catalina Salgado Guti\u00e9rrez <\/strong><br>Departamento de Ciencias B\u00e1sicas<\/td><td class=\"has-text-align-center\" data-align=\"center\">306<br>307<\/td><td class=\"has-text-align-left\" data-align=\"left\">cbas_tgutierrez@tecnm.mx<\/td><\/tr><tr><td class=\"has-text-align-left\" data-align=\"left\"><strong>Salvador Hern\u00e1ndez Garduza<\/strong><br>Departamento de Desarrollo Acad\u00e9mico <\/td><td class=\"has-text-align-center\" data-align=\"center\">308<\/td><td class=\"has-text-align-left\" data-align=\"left\"> dda_tgutierrez@tecnm.mx <\/td><\/tr><tr><td class=\"has-text-align-left\" data-align=\"left\"><strong>Karlos Vel\u00e1zquez Moreno<\/strong><br>Departamento de Ingenier\u00eda El\u00e9ctrica y Electr\u00f3nica<\/td><td class=\"has-text-align-center\" data-align=\"center\">310<br>311<\/td><td class=\"has-text-align-left\" data-align=\"left\">eleyeca@tuxtla.tecnm.mx<\/td><\/tr><tr><td class=\"has-text-align-left\" data-align=\"left\"><strong>Carlos Venturino de Coss P\u00e9rez<\/strong><br>Departamento de Ingenier\u00eda Industrial <\/td><td class=\"has-text-align-center\" data-align=\"center\">312<br>313<\/td><td class=\"has-text-align-left\" data-align=\"left\"> industrial@tuxtla.tecnm.mx <\/td><\/tr><tr><td class=\"has-text-align-left\" data-align=\"left\"><strong>Jos\u00e9 Manuel Rasgado Bezares<\/strong><br>Departamento de Metal Mec\u00e1nica<\/td><td class=\"has-text-align-center\" data-align=\"center\">315<br>316<\/td><td class=\"has-text-align-left\" data-align=\"left\">mecanica@tuxtla.tecnm.mx <\/td><\/tr><tr><td class=\"has-text-align-left\" data-align=\"left\"><strong>Mar\u00eda Magdalena P\u00e9rez Salgado<\/strong><br>Departamento de Ingenier\u00eda Qu\u00edmica y Bioqu\u00edmica <\/td><td class=\"has-text-align-center\" data-align=\"center\">317<br>318<\/td><td class=\"has-text-align-left\" data-align=\"left\"> quimica@tuxtla.tecnm.mx <\/td><\/tr><tr><td class=\"has-text-align-left\" data-align=\"left\"><strong>Mar\u00eda Guadalupe Monjar\u00e1s Velasco<\/strong><br>Departamento de Sistemas y Computaci\u00f3n <\/td><td class=\"has-text-align-center\" data-align=\"center\">319<br>320<\/td><td class=\"has-text-align-left\" data-align=\"left\"> sistemas@tuxtla.tecnm.mx  <\/td><\/tr><tr><td class=\"has-text-align-left\" data-align=\"left\"><strong>Adriana Meza Le\u00f3n <\/strong><br>Departamento de Ciencias Econ\u00f3mico Administrativas <\/td><td class=\"has-text-align-center\" data-align=\"center\">321<br>322<\/td><td class=\"has-text-align-left\" data-align=\"left\"> cead_tgutierrez@tecnm.mx <\/td><\/tr><tr><td class=\"has-text-align-left\" data-align=\"left\"><strong>Alba Mercedes Mijangos Oceguera<\/strong><br>Coordinaci\u00f3n General de Educaci\u00f3n a Distancia <\/td><td class=\"has-text-align-center\" data-align=\"center\">323<\/td><td class=\"has-text-align-left\" data-align=\"left\"> distancia@tuxtla.tecnm.mx  <\/td><\/tr><tr><td class=\"has-text-align-left\" data-align=\"left\"><strong>Gabriela Alejandra R\u00edos Z\u00fa\u00f1iga<\/strong><br>Departamento de Ingenier\u00edas <\/td><td class=\"has-text-align-center\" data-align=\"center\">325<\/td><td class=\"has-text-align-left\" data-align=\"left\"> ing_tgutierrez@tecnm.mx <\/td><\/tr><\/tbody><\/table><\/figure>\n\n\n\n<figure class=\"wp-block-table\"><table class=\"has-subtle-pale-blue-background-color has-background\"><tbody><tr><td class=\"has-text-align-center\" data-align=\"center\"><strong>EXTENSIONES<\/strong><\/td><\/tr><\/tbody><\/table><\/figure>\n\n\n\n<figure class=\"wp-block-table\"><table class=\"\"><tbody><tr><td class=\"has-text-align-left\" data-align=\"left\"><strong>Abelardo Guadalupe Zenteno Flores<\/strong><br>Coordinaci\u00f3n Extensi\u00f3n Venustiano Carranza<\/td><td class=\"has-text-align-left\" data-align=\"left\">ccarranza@tuxtla.tecnm.mx <\/td><\/tr><tr><td class=\"has-text-align-left\" data-align=\"left\"><strong>Juan Antonio G\u00f3mez S\u00e1nchez<\/strong><br>Coordinaci\u00f3n Extensi\u00f3n Palenque<\/td><td class=\"has-text-align-left\" data-align=\"left\"> cpalenque@tuxtla.tecnm.mx<\/td><\/tr><tr><td class=\"has-text-align-left\" data-align=\"left\"><strong>Pedro D\u00edaz Hern\u00e1ndez <\/strong><br>Coordinaci\u00f3n Extensi\u00f3n Bochil<\/td><td class=\"has-text-align-left\" data-align=\"left\"> cbochil@tuxtla.tecnm.mx&nbsp; <\/td><\/tr><\/tbody><\/table><\/figure>\n\n\n\n<figure class=\"wp-block-table\"><table class=\"has-subtle-pale-blue-background-color has-background\"><tbody><tr><td class=\"has-text-align-center\" data-align=\"center\"><strong>SUBDIRECCI\u00d3N DE PLANEACI\u00d3N<\/strong><\/td><\/tr><\/tbody><\/table><\/figure>\n\n\n\n<figure class=\"wp-block-table\"><table class=\"\"><tbody><tr><td class=\"has-text-align-left\" data-align=\"left\"><strong>Juana Cruz Cancino<\/strong><br>Subdirecci\u00f3n de Planeaci\u00f3n y Vinculaci\u00f3n<\/td><td class=\"has-text-align-center\" data-align=\"center\">400<br>401<\/td><td class=\"has-text-align-left\" data-align=\"left\">plan_tgutierrez@tecnm.mx<\/td><\/tr><tr><td class=\"has-text-align-left\" data-align=\"left\"><strong>Blanca Regina S\u00e1nchez Figueroa<\/strong><br>Departamento de Actividades Extraescolares<\/td><td class=\"has-text-align-center\" data-align=\"center\">402<\/td><td class=\"has-text-align-left\" data-align=\"left\">ext_tgutierrez@tecnm.mx<\/td><\/tr><tr><td class=\"has-text-align-left\" data-align=\"left\"><strong>Lissette Escobar Ram\u00edrez<\/strong><br>Centro de Informaci\u00f3n<\/td><td class=\"has-text-align-center\" data-align=\"center\">404<br>405<\/td><td class=\"has-text-align-left\" data-align=\"left\">ci_tgutierrez@tecnm.mx<\/td><\/tr><tr><td class=\"has-text-align-left\" data-align=\"left\"><strong>Marcela del Carmen Osorio G\u00f3mez<\/strong><br>Departamento de Planeaci\u00f3n, Programaci\u00f3n y Presupuestaci\u00f3n <\/td><td class=\"has-text-align-center\" data-align=\"center\">406<\/td><td class=\"has-text-align-left\" data-align=\"left\"> pl_tgutierrez@tecnm.mx <\/td><\/tr><tr><td class=\"has-text-align-left\" data-align=\"left\"><strong>Desarrollo Institucional<\/strong><\/td><td class=\"has-text-align-center\" data-align=\"center\"><\/td><td class=\"has-text-align-left\" data-align=\"left\"> di_tgutierrez@tecnm.mx<\/td><\/tr><tr><td class=\"has-text-align-left\" data-align=\"left\"><strong>Carolina Cueto Dom\u00ednguez<\/strong><br>Departamento de Gesti\u00f3n Tecnol\u00f3gica y Vinculaci\u00f3n<\/td><td class=\"has-text-align-center\" data-align=\"center\">408<br>409<\/td><td class=\"has-text-align-left\" data-align=\"left\">vin_tgutierrez@tecnm.mx<\/td><\/tr><tr><td class=\"has-text-align-left\" data-align=\"left\"><strong>Roberto Ib\u00e1\u00f1ez C\u00f3rdova<\/strong><br>Coordinaci\u00f3n del Sistema de Gesti\u00f3n Integral<br><br><strong>Daniel Samayoa Penagos<\/strong><br> Coordinador del Sistema de Igualdad de G\u00e9nero y No Discriminaci\u00f3n<strong>&nbsp;(SGIG).<\/strong><\/td><td class=\"has-text-align-center\" data-align=\"center\">408 409<\/td><td class=\"has-text-align-left\" data-align=\"left\">coordinacionsgi@tuxtla.tecnm.mx<br><br>egen_tgutierrez@tecnm.mx<\/td><\/tr><tr><td class=\"has-text-align-left\" data-align=\"left\"><strong>Centro de Incubaci\u00f3n&nbsp;e&nbsp;Innovaci\u00f3n Empresarial <\/strong><\/td><td class=\"has-text-align-center\" data-align=\"center\"><\/td><td class=\"has-text-align-left\" data-align=\"left\">ciie_tgutierrez@tecnm.mx&nbsp; <\/td><\/tr><tr><td class=\"has-text-align-left\" data-align=\"left\"><strong>Ana Erika P\u00e9rez Galindo<\/strong><br>Departamento de Comunicaci\u00f3n<br>y Difusi\u00f3n <\/td><td class=\"has-text-align-center\" data-align=\"center\">411<\/td><td class=\"has-text-align-left\" data-align=\"left\"> cyd_tgutierrez@tecnm.mx <\/td><\/tr><tr><td class=\"has-text-align-left\" data-align=\"left\"><\/td><td class=\"has-text-align-center\" data-align=\"center\"><\/td><td class=\"has-text-align-left\" data-align=\"left\"><\/td><\/tr><tr><td class=\"has-text-align-left\" data-align=\"left\"><strong>Consejo Editorial<\/strong><\/td><td class=\"has-text-align-center\" data-align=\"center\"><\/td><td class=\"has-text-align-left\" data-align=\"left\"> ced_tgutierrez@tecnm.mx<\/td><\/tr><tr><td class=\"has-text-align-left\" data-align=\"left\"><strong>Carolina G\u00f3mez Velasco<\/strong><br>Departamento de Servicios Escolares<\/td><td class=\"has-text-align-center\" data-align=\"center\">407<\/td><td class=\"has-text-align-left\" data-align=\"left\">se_tgutierrez@tecnm.mx<\/td><\/tr><tr><td class=\"has-text-align-left\" data-align=\"left\"><strong>Consultorio M\u00e9dico<\/strong><\/td><td class=\"has-text-align-center\" data-align=\"center\">412<\/td><td class=\"has-text-align-left\" data-align=\"left\"><\/td><\/tr><tr><td class=\"has-text-align-left\" data-align=\"left\"><strong>Becas y seguro escolar<\/strong><\/td><td class=\"has-text-align-center\" data-align=\"center\">413<\/td><td class=\"has-text-align-left\" data-align=\"left\"><\/td><\/tr><tr><td class=\"has-text-align-left\" data-align=\"left\"><strong>Titulaci\u00f3n<\/strong><\/td><td class=\"has-text-align-center\" data-align=\"center\">414<br>415<\/td><td class=\"has-text-align-left\" data-align=\"left\"><\/td><\/tr><\/tbody><\/table><\/figure>\n\n\n\n<p class=\"wp-block-paragraph\"><\/p>\n","protected":false},"excerpt":{"rendered":"<p><a href=\"https:\/\/www.tuxtla.tecnm.mx\/dcab\/directorio-2020\/\"><span class=\"glyphicon glyphicon-arrow-right\"><\/span>&nbsp;Seguir leyendo<\/a><\/p>","protected":false},"author":2,"featured_media":0,"comment_status":"closed","ping_status":"open","sticky":false,"template":"","format":"standard","meta":{"footnotes":""},"categories":[1],"tags":[],"class_list":["post-7425","post","type-post","status-publish","format-standard","hentry","category-sin-categoria"],"_links":{"self":[{"href":"https:\/\/www.tuxtla.tecnm.mx\/dcab\/wp-json\/wp\/v2\/posts\/7425","targetHints":{"allow":["GET"]}}],"collection":[{"href":"https:\/\/www.tuxtla.tecnm.mx\/dcab\/wp-json\/wp\/v2\/posts"}],"about":[{"href":"https:\/\/www.tuxtla.tecnm.mx\/dcab\/wp-json\/wp\/v2\/types\/post"}],"author":[{"embeddable":true,"href":"https:\/\/www.tuxtla.tecnm.mx\/dcab\/wp-json\/wp\/v2\/users\/2"}],"replies":[{"embeddable":true,"href":"https:\/\/www.tuxtla.tecnm.mx\/dcab\/wp-json\/wp\/v2\/comments?post=7425"}],"version-history":[{"count":59,"href":"https:\/\/www.tuxtla.tecnm.mx\/dcab\/wp-json\/wp\/v2\/posts\/7425\/revisions"}],"predecessor-version":[{"id":22849,"href":"https:\/\/www.tuxtla.tecnm.mx\/dcab\/wp-json\/wp\/v2\/posts\/7425\/revisions\/22849"}],"wp:attachment":[{"href":"https:\/\/www.tuxtla.tecnm.mx\/dcab\/wp-json\/wp\/v2\/media?parent=7425"}],"wp:term":[{"taxonomy":"category","embeddable":true,"href":"https:\/\/www.tuxtla.tecnm.mx\/dcab\/wp-json\/wp\/v2\/categories?post=7425"},{"taxonomy":"post_tag","embeddable":true,"href":"https:\/\/www.tuxtla.tecnm.mx\/dcab\/wp-json\/wp\/v2\/tags?post=7425"}],"curies":[{"name":"wp","href":"https:\/\/api.w.org\/{rel}","templated":true}]}}