{"id":6678,"date":"2019-10-03T17:31:12","date_gmt":"2019-10-03T22:31:12","guid":{"rendered":"https:\/\/www.tuxtla.tecnm.mx\/?p=6678"},"modified":"2019-10-03T17:32:22","modified_gmt":"2019-10-03T22:32:22","slug":"estudiantes-del-tecnm-implementan-composteros-en-sus-sedes","status":"publish","type":"post","link":"https:\/\/www.tuxtla.tecnm.mx\/dcab\/estudiantes-del-tecnm-implementan-composteros-en-sus-sedes\/","title":{"rendered":"Estudiantes del TecNM implementan composteros en sus sedes"},"content":{"rendered":"<p><img loading=\"lazy\" decoding=\"async\" class=\"alignleft wp-image-6673\" src=\"https:\/\/www.tuxtla.tecnm.mx\/wp-content\/uploads\/2019\/10\/TallerHortalizas.png\" alt=\"\" width=\"291\" height=\"182\" \/><\/p>\n<p style=\"text-align: justify;\">Estudiantes del TecNM campus Tuxtla Guti\u00e9rrez \u00a0en la modalidad de <strong>Educaci\u00f3n a Distancia (EaD)<\/strong>, en las <strong>sedes Siltepec y La Concordia<\/strong> se han organizado para implementar el uso de <strong>composteros org\u00e1nicos<\/strong> y con ello aprender a producir sus propios alimentos.<\/p>\n<p><!--more--><\/p>\n<p style=\"text-align: justify;\">Como parte de la materia <strong>\u201cDesarrollo Sustentable\u201d<\/strong> se inculca a los estudiantes a realizar un <strong>proyecto de labor social.<\/strong> Este a\u00f1o, los j\u00f3venes se han organizado para aprender a desarrollar y mantener un compostero, para lo cual la Instituci\u00f3n les ha facilitado un espacio en las <strong>sedes Siltepec y La Concordia <\/strong>en su modalidad<strong> EaD<\/strong>, iniciando as\u00ed con un proyecto denominado <strong>\u201cSembrado de hortalizas cultivadas con abono org\u00e1nico basado en composta\u201d.<\/strong><\/p>\n<p style=\"text-align: justify;\"><em>\u201cEn Siltepec, hemos iniciado este proyecto con 10 personas y nos alegra ver que se han involucrado <strong>tanto estudiantes como tutores<\/strong>. Es un espacio peque\u00f1o, pero hemos podido demostrar que la tierra es apta para cultivos, por lo que ahora se buscar\u00e1 ampliar esta actividad\u201d <\/em>comenta <strong>Sonia Marisol Anzueto Roblero<\/strong>, responsable de la Sede Siltepec.<\/p>\n<div id=\"attachment_6675\" style=\"width: 610px\" class=\"wp-caption aligncenter\"><img loading=\"lazy\" decoding=\"async\" aria-describedby=\"caption-attachment-6675\" class=\"wp-image-6675\" src=\"https:\/\/www.tuxtla.tecnm.mx\/wp-content\/uploads\/2019\/10\/compostero01.jpg\" alt=\"\" width=\"600\" height=\"324\" \/><p id=\"caption-attachment-6675\" class=\"wp-caption-text\">Compostero implementado por los alumnos<\/p><\/div>\n<p style=\"text-align: justify;\">En la sede Siltepec se ha logrado el cultivo de: sand\u00eda, cilantro, zanahoria, pepino y r\u00e1banos.<\/p>\n<p style=\"text-align: justify;\">La mayor\u00eda de los agricultores de esta y otras localidades usan qu\u00edmicos en sus sembrad\u00edos; por lo que este proyecto <strong>buscar\u00e1 fomentar en la comunidad el uso de abono org\u00e1nico, promoviendo el cuidado del medio ambiente<\/strong>. Esto generar\u00e1 adem\u00e1s un ahorro en su econom\u00eda.<\/p>\n<p style=\"text-align: justify;\">Por su parte, <strong>Favio Alejandro Alvarado Cruz<\/strong>, responsable de la Sede La Concordia, en la modalidad EaD coment\u00f3:<em> \u201cB\u00e1sicamente lo estamos implementando para que nuestros j\u00f3venes tengan <strong>una mayor conciencia del cuidado del medio ambiente<\/strong>. En la concordia son aproximadamente 42 los estudiantes involucrados en este proyecto\u201d.<\/em><\/p>\n<div id=\"attachment_6674\" style=\"width: 610px\" class=\"wp-caption aligncenter\"><img loading=\"lazy\" decoding=\"async\" aria-describedby=\"caption-attachment-6674\" class=\"wp-image-6674\" src=\"https:\/\/www.tuxtla.tecnm.mx\/wp-content\/uploads\/2019\/10\/hortaliza01.jpg\" alt=\"\" width=\"600\" height=\"394\" \/><p id=\"caption-attachment-6674\" class=\"wp-caption-text\">Primer cosecha con abono org\u00e1nico a base de composta<\/p><\/div>\n<p style=\"text-align: justify;\">Los estudiantes armaron un compostero, donde van integrando desperdicios de <strong>caf\u00e9, frutas, verduras y todo lo que recolectan, <\/strong>y se han organizado roles para que todos apoyen en remover la composta.<\/p>\n<p style=\"text-align: justify;\"><em>\u201cLos chicos se mostraron entusiasmados despu\u00e9s de tener la primera cosecha. Logramos cultivar r\u00e1bano, calabaza y ma\u00edz, y ahora estamos trabajando para sembrar nuevas hortalizas y se buscar\u00e1 implementar un sistema de riego autom\u00e1tico\u201d<\/em> comparte <strong>Favio Alvarado, <\/strong>quien adem\u00e1s agreg\u00f3:<\/p>\n<p style=\"text-align: justify;\"><em>\u201cHemos visto que los estudiantes <strong>trabajan m\u00e1s unidos y en equipo<\/strong>, se han vuelto m\u00e1s responsables y <strong>han desarrollado una mayor y mejor consciencia sobre su entorno y el medio ambiente\u201d.<\/strong><\/em><\/p>\n<p style=\"text-align: justify;\"><strong>La visi\u00f3n sustentable<\/strong> no es exclusiva solamente de carreras del medio ambiente, es la visi\u00f3n que debe tener toda formaci\u00f3n de futuros ingenieros.<\/p>\n<div id=\"attachment_6677\" style=\"width: 610px\" class=\"wp-caption aligncenter\"><img loading=\"lazy\" decoding=\"async\" aria-describedby=\"caption-attachment-6677\" class=\"wp-image-6677\" src=\"https:\/\/www.tuxtla.tecnm.mx\/wp-content\/uploads\/2019\/10\/compostero04.jpg\" alt=\"\" width=\"600\" height=\"306\" \/><p id=\"caption-attachment-6677\" class=\"wp-caption-text\">Alumnos realizando el mantenimiento de la composta \/ Primer cosecha de ma\u00edz.<\/p><\/div>\n<p style=\"text-align: justify;\"><em>\u201cSe pretende que con este tipo de iniciativas se fomente la econom\u00eda circular, es decir que no solamente usemos algo para luego desecharlo, si no que todo el enfoque sist\u00e9mico de nuestro consumo debe pensar en su impacto en el medio ambiente y la sociedad\u201d.<\/em> Concluy\u00f3 <strong>Mar\u00eda Magdalena P\u00e9rez Salgado<\/strong>, docente del \u00e1rea de Educaci\u00f3n a Distancia en el TecNM campus Tuxtla Guti\u00e9rrez.<\/p>\n<p>&nbsp;<\/p>\n<p><em>\u00abCiencia y Tecnolog\u00eda con Sentido Humano\u201d<\/em><\/p>\n<p>Instituto Tecnol\u00f3gico de Tuxtla Guti\u00e9rrez<\/p>\n<p>Departamento de Comunicaci\u00f3n y Difusi\u00f3n.<\/p>\n<p>&nbsp;<\/p>\n","protected":false},"excerpt":{"rendered":"<p>Estudiantes del TecNM campus Tuxtla Guti\u00e9rrez \u00a0en la modalidad de Educaci\u00f3n a Distancia (EaD), en las sedes Siltepec y La Concordia se han organizado para implementar el uso de composteros org\u00e1nicos y con ello aprender a producir sus propios alimentos.<\/p>\n<p><a href=\"https:\/\/www.tuxtla.tecnm.mx\/dcab\/estudiantes-del-tecnm-implementan-composteros-en-sus-sedes\/\"><span class=\"glyphicon glyphicon-arrow-right\"><\/span>&nbsp;Seguir leyendo<\/a><\/p>","protected":false},"author":2,"featured_media":0,"comment_status":"closed","ping_status":"open","sticky":false,"template":"","format":"standard","meta":{"footnotes":""},"categories":[1],"tags":[],"class_list":["post-6678","post","type-post","status-publish","format-standard","hentry","category-sin-categoria"],"_links":{"self":[{"href":"https:\/\/www.tuxtla.tecnm.mx\/dcab\/wp-json\/wp\/v2\/posts\/6678","targetHints":{"allow":["GET"]}}],"collection":[{"href":"https:\/\/www.tuxtla.tecnm.mx\/dcab\/wp-json\/wp\/v2\/posts"}],"about":[{"href":"https:\/\/www.tuxtla.tecnm.mx\/dcab\/wp-json\/wp\/v2\/types\/post"}],"author":[{"embeddable":true,"href":"https:\/\/www.tuxtla.tecnm.mx\/dcab\/wp-json\/wp\/v2\/users\/2"}],"replies":[{"embeddable":true,"href":"https:\/\/www.tuxtla.tecnm.mx\/dcab\/wp-json\/wp\/v2\/comments?post=6678"}],"version-history":[{"count":3,"href":"https:\/\/www.tuxtla.tecnm.mx\/dcab\/wp-json\/wp\/v2\/posts\/6678\/revisions"}],"predecessor-version":[{"id":6681,"href":"https:\/\/www.tuxtla.tecnm.mx\/dcab\/wp-json\/wp\/v2\/posts\/6678\/revisions\/6681"}],"wp:attachment":[{"href":"https:\/\/www.tuxtla.tecnm.mx\/dcab\/wp-json\/wp\/v2\/media?parent=6678"}],"wp:term":[{"taxonomy":"category","embeddable":true,"href":"https:\/\/www.tuxtla.tecnm.mx\/dcab\/wp-json\/wp\/v2\/categories?post=6678"},{"taxonomy":"post_tag","embeddable":true,"href":"https:\/\/www.tuxtla.tecnm.mx\/dcab\/wp-json\/wp\/v2\/tags?post=6678"}],"curies":[{"name":"wp","href":"https:\/\/api.w.org\/{rel}","templated":true}]}}