{"id":5943,"date":"2019-05-17T15:52:55","date_gmt":"2019-05-17T20:52:55","guid":{"rendered":"https:\/\/www.tuxtla.tecnm.mx\/?p=5943"},"modified":"2019-05-23T10:15:00","modified_gmt":"2019-05-23T15:15:00","slug":"abanderamiento-del-selectivo-del-tecnm-ittg","status":"publish","type":"post","link":"https:\/\/www.tuxtla.tecnm.mx\/dcab\/abanderamiento-del-selectivo-del-tecnm-ittg\/","title":{"rendered":"Abanderamiento del selectivo del TecNM\/ITTG"},"content":{"rendered":"<p><img loading=\"lazy\" decoding=\"async\" class=\"alignleft wp-image-5944\" src=\"https:\/\/www.tuxtla.tecnm.mx\/wp-content\/uploads\/2019\/05\/abanderamiento.png\" alt=\"\" width=\"291\" height=\"184\" \/><\/p>\n<p style=\"text-align: justify;\">Este 17 de Mayo de 2019 \u00a0se realiz\u00f3 el abanderamiento de los representativos del Tecnol\u00f3gico Nacional de M\u00e9xico\/Instituto Tecnol\u00f3gico de Tuxtla Guti\u00e9rrez quienes participaran en el LXIII Evento Nacional Deportivo Estudiantil en su Etapa Pre-nacional;<\/p>\n<p style=\"text-align: justify;\">La selecci\u00f3n est\u00e1 integrada por los equipos de Basquetbol, voleibol, futbol y ajedrez, en las ramas femenil y varonil, quienes tendr\u00e1n su participaci\u00f3n correspondiente del 19 al 24 de Mayo en Comit\u00e1n, Chiapas.<!--more--><\/p>\n<p style=\"text-align: justify;\">En esta ocasi\u00f3n la delegaci\u00f3n integrada por 90 estudiantes, entrenadores y coordinadores deportivos fueron abanderados por las autoridades del plantel, donde se hizo el juramento protocolario a cargo del M.C. Jos\u00e9 Luis M\u00e9ndez Navarro, Director del TecNM\/ITTG, a su vez enfatiz\u00f3 que el bander\u00edn y uniforme los representa como instituci\u00f3n, por lo que exhort\u00f3 a los atletas a dar lo mejor en cada una de las pruebas en las que participar\u00e1n y poner en alto el nombre de nuestro Instituto .Se realiz\u00f3 la entrega de los uniformes que portar\u00e1n en esta justa deportiva.<\/p>\n<p style=\"text-align: justify;\">Con esto se cumple la misi\u00f3n del Instituto siendo un reflejo del trabajo realizado en la formaci\u00f3n Integral de nuestros estudiantes que d\u00eda a d\u00eda se educa y se les transmite valores como liderazgo, trabajo en equipo, alto desempe\u00f1o,\u00a0 esp\u00edritu de servicio, disciplina, identidad y respeto al medio ambiente.<\/p>\n<p style=\"text-align: justify;\">Se cont\u00f3 con la presencia del Ing. Rodrigo Ferrer Gonz\u00e1lez, Subdirector de Planeaci\u00f3n y Vinculaci\u00f3n; el M.C. Jos\u00e9 \u00c1ngel Zepeda Hern\u00e1ndez, Subdirector Acad\u00e9mico; la C.P. Mar\u00eda Elid\u00eda Castellanos Morales, Subdirectora Administrativa; la M.C. Blanca Regina S\u00e1nchez Figueroa, Jefa de Depto. de Actividades\u00a0 Extraescolares y los jefes de Departamento de nuestro instituto.<\/p>\n<p>\u201cCIENCIA Y TECNOLOG\u00cdA CON SENTIDO HUMANO\u201d<\/p>\n<p>Instituto Tecnol\u00f3gico de Tuxtla Guti\u00e9rrez<\/p>\n<p>Departamento de Comunicaci\u00f3n y Difusi\u00f3n.<\/p>\n","protected":false},"excerpt":{"rendered":"<p>Este 17 de Mayo de 2019 \u00a0se realiz\u00f3 el abanderamiento de los representativos del Tecnol\u00f3gico Nacional de M\u00e9xico\/Instituto Tecnol\u00f3gico de Tuxtla Guti\u00e9rrez quienes participaran en el LXIII Evento Nacional Deportivo Estudiantil en su Etapa Pre-nacional; La selecci\u00f3n est\u00e1 integrada por los equipos de Basquetbol, voleibol, futbol y ajedrez, en las ramas femenil y varonil, quienes&#8230;<\/p>\n<p><a href=\"https:\/\/www.tuxtla.tecnm.mx\/dcab\/abanderamiento-del-selectivo-del-tecnm-ittg\/\"><span class=\"glyphicon glyphicon-arrow-right\"><\/span>&nbsp;Seguir leyendo<\/a><\/p>","protected":false},"author":2,"featured_media":0,"comment_status":"closed","ping_status":"open","sticky":false,"template":"","format":"standard","meta":{"footnotes":""},"categories":[1],"tags":[],"class_list":["post-5943","post","type-post","status-publish","format-standard","hentry","category-sin-categoria"],"_links":{"self":[{"href":"https:\/\/www.tuxtla.tecnm.mx\/dcab\/wp-json\/wp\/v2\/posts\/5943","targetHints":{"allow":["GET"]}}],"collection":[{"href":"https:\/\/www.tuxtla.tecnm.mx\/dcab\/wp-json\/wp\/v2\/posts"}],"about":[{"href":"https:\/\/www.tuxtla.tecnm.mx\/dcab\/wp-json\/wp\/v2\/types\/post"}],"author":[{"embeddable":true,"href":"https:\/\/www.tuxtla.tecnm.mx\/dcab\/wp-json\/wp\/v2\/users\/2"}],"replies":[{"embeddable":true,"href":"https:\/\/www.tuxtla.tecnm.mx\/dcab\/wp-json\/wp\/v2\/comments?post=5943"}],"version-history":[{"count":3,"href":"https:\/\/www.tuxtla.tecnm.mx\/dcab\/wp-json\/wp\/v2\/posts\/5943\/revisions"}],"predecessor-version":[{"id":5997,"href":"https:\/\/www.tuxtla.tecnm.mx\/dcab\/wp-json\/wp\/v2\/posts\/5943\/revisions\/5997"}],"wp:attachment":[{"href":"https:\/\/www.tuxtla.tecnm.mx\/dcab\/wp-json\/wp\/v2\/media?parent=5943"}],"wp:term":[{"taxonomy":"category","embeddable":true,"href":"https:\/\/www.tuxtla.tecnm.mx\/dcab\/wp-json\/wp\/v2\/categories?post=5943"},{"taxonomy":"post_tag","embeddable":true,"href":"https:\/\/www.tuxtla.tecnm.mx\/dcab\/wp-json\/wp\/v2\/tags?post=5943"}],"curies":[{"name":"wp","href":"https:\/\/api.w.org\/{rel}","templated":true}]}}