{"id":5882,"date":"2019-05-03T12:29:18","date_gmt":"2019-05-03T17:29:18","guid":{"rendered":"https:\/\/www.tuxtla.tecnm.mx\/?p=5882"},"modified":"2019-05-03T12:34:39","modified_gmt":"2019-05-03T17:34:39","slug":"conmemoracion-de-la-batalla-de-puebla","status":"publish","type":"post","link":"https:\/\/www.tuxtla.tecnm.mx\/dcab\/conmemoracion-de-la-batalla-de-puebla\/","title":{"rendered":"Conmemoraci\u00f3n de la Batalla de Puebla"},"content":{"rendered":"<p><img loading=\"lazy\" decoding=\"async\" class=\"alignleft wp-image-5884\" src=\"https:\/\/www.tuxtla.tecnm.mx\/wp-content\/uploads\/2019\/05\/0505.png\" alt=\"\" width=\"291\" height=\"184\" \/><\/p>\n<p style=\"text-align: justify;\">Este Viernes 03 de Mayo de 2019 se llev\u00f3 a cabo la Conmemoraci\u00f3n de la Batalla de Puebla en la plaza c\u00edvica del Tecnol\u00f3gico Nacional de M\u00e9xico\/Instituto Tecnol\u00f3gico de Tuxtla Guti\u00e9rrez, donde se recuerda el combate librado el 05 de Mayo de 1862 en las cercan\u00edas de la ciudad de Puebla,<!--more--> entre el ej\u00e9rcito mexicano (bajo el mando de Ignacio Zaragoza) y del Segundo imperio Franc\u00e9s (dirigido por Charle Ferdinand Latrille). El resultado fue una victoria importante para los mexicanos ya que con unas fuerzas consideradas como inferiores lograron vencer a uno de los ej\u00e9rcitos m\u00e1s experimentados y respetados de su \u00e9poca.<\/p>\n<p style=\"text-align: justify;\">La batalla de Puebla simboliza el esp\u00edritu de la lucha y de amor a la independencia que caracteriza al pueblo mexicano, por lo que se declara esta fecha como inter\u00e9s nacional.<\/p>\n<p>\u201cCIENCIA Y TECNOLOG\u00cdA CON SENTIDO HUMANO\u201d<\/p>\n<p>Instituto Tecnol\u00f3gico de Tuxtla Guti\u00e9rrez<\/p>\n<p>Departamento de Comunicaci\u00f3n y Difusi\u00f3n.<\/p>\n","protected":false},"excerpt":{"rendered":"<p>Este Viernes 03 de Mayo de 2019 se llev\u00f3 a cabo la Conmemoraci\u00f3n de la Batalla de Puebla en la plaza c\u00edvica del Tecnol\u00f3gico Nacional de M\u00e9xico\/Instituto Tecnol\u00f3gico de Tuxtla Guti\u00e9rrez, donde se recuerda el combate librado el 05 de Mayo de 1862 en las cercan\u00edas de la ciudad de Puebla,<\/p>\n<p><a href=\"https:\/\/www.tuxtla.tecnm.mx\/dcab\/conmemoracion-de-la-batalla-de-puebla\/\"><span class=\"glyphicon glyphicon-arrow-right\"><\/span>&nbsp;Seguir leyendo<\/a><\/p>","protected":false},"author":2,"featured_media":0,"comment_status":"closed","ping_status":"open","sticky":false,"template":"","format":"standard","meta":{"footnotes":""},"categories":[1],"tags":[],"class_list":["post-5882","post","type-post","status-publish","format-standard","hentry","category-sin-categoria"],"_links":{"self":[{"href":"https:\/\/www.tuxtla.tecnm.mx\/dcab\/wp-json\/wp\/v2\/posts\/5882","targetHints":{"allow":["GET"]}}],"collection":[{"href":"https:\/\/www.tuxtla.tecnm.mx\/dcab\/wp-json\/wp\/v2\/posts"}],"about":[{"href":"https:\/\/www.tuxtla.tecnm.mx\/dcab\/wp-json\/wp\/v2\/types\/post"}],"author":[{"embeddable":true,"href":"https:\/\/www.tuxtla.tecnm.mx\/dcab\/wp-json\/wp\/v2\/users\/2"}],"replies":[{"embeddable":true,"href":"https:\/\/www.tuxtla.tecnm.mx\/dcab\/wp-json\/wp\/v2\/comments?post=5882"}],"version-history":[{"count":2,"href":"https:\/\/www.tuxtla.tecnm.mx\/dcab\/wp-json\/wp\/v2\/posts\/5882\/revisions"}],"predecessor-version":[{"id":5890,"href":"https:\/\/www.tuxtla.tecnm.mx\/dcab\/wp-json\/wp\/v2\/posts\/5882\/revisions\/5890"}],"wp:attachment":[{"href":"https:\/\/www.tuxtla.tecnm.mx\/dcab\/wp-json\/wp\/v2\/media?parent=5882"}],"wp:term":[{"taxonomy":"category","embeddable":true,"href":"https:\/\/www.tuxtla.tecnm.mx\/dcab\/wp-json\/wp\/v2\/categories?post=5882"},{"taxonomy":"post_tag","embeddable":true,"href":"https:\/\/www.tuxtla.tecnm.mx\/dcab\/wp-json\/wp\/v2\/tags?post=5882"}],"curies":[{"name":"wp","href":"https:\/\/api.w.org\/{rel}","templated":true}]}}