{"id":5770,"date":"2019-04-10T14:25:49","date_gmt":"2019-04-10T19:25:49","guid":{"rendered":"https:\/\/www.tuxtla.tecnm.mx\/?p=5770"},"modified":"2019-04-10T14:27:30","modified_gmt":"2019-04-10T19:27:30","slug":"visita-a-la-sede-en-siltepec-chiapas","status":"publish","type":"post","link":"https:\/\/www.tuxtla.tecnm.mx\/dcab\/visita-a-la-sede-en-siltepec-chiapas\/","title":{"rendered":"Visita a la sede en Siltepec, Chiapas"},"content":{"rendered":"<p><img loading=\"lazy\" decoding=\"async\" class=\"alignleft wp-image-5771\" src=\"https:\/\/www.tuxtla.tecnm.mx\/wp-content\/uploads\/2019\/04\/Siltepec.png\" alt=\"\" width=\"291\" height=\"192\" \/><\/p>\n<p style=\"text-align: justify;\">El pasado viernes 05 de Abril el M.E.H. Jos\u00e9 Luis M\u00e9ndez Navarro, Director del Tecnol\u00f3gico Nacional de M\u00e9xico\/Instituto Tecnol\u00f3gico de Tuxtla Guti\u00e9rrez, visit\u00f3 la sede de Educaci\u00f3n a Distancia del TecNM\/ITTG ubicada en Siltepec Chiapas, en compa\u00f1\u00eda de la M.P.O. Alba Mercedes Mijangos Oceguera, Coordinadora de EaD. En representaci\u00f3n del Presidente Municipal C. Pedro Dami\u00e1n Gonz\u00e1lez Arriaga;<!--more--> Profesora Ana Mar\u00eda Roblero Mu\u00f1oz, Regidora de Educaci\u00f3n del Municipio de SIltepec; Sr. Luis Federico Hern\u00e1ndez Guzm\u00e1n, Representante de los padres de familia; Docentes de los colegiados de Ingenier\u00eda Industrial e Ingenier\u00eda en Sistemas de Educaci\u00f3n a Distancia, personal administrativo de EaD, Servicios escolares, Difusi\u00f3n y Centro de C\u00f3mputo. Con el objetivo de mejorar el servicio educativo que se ofrece en la Unidad Remota de Educaci\u00f3n a Distancia en el municipio, adem\u00e1s de la entrega de reconocimientos a los mejores promedios del semestre Agosto-Diciembre del 2018.<\/p>\n<p>&nbsp;<\/p>\n<p>\u201cCIENCIA Y TECNOLOG\u00cdA CON SENTIDO HUMANO\u201d<\/p>\n<p>Instituto Tecnol\u00f3gico de Tuxtla Guti\u00e9rrez<\/p>\n<p>Departamento de Comunicaci\u00f3n y Difusi\u00f3n<\/p>\n","protected":false},"excerpt":{"rendered":"<p>El pasado viernes 05 de Abril el M.E.H. Jos\u00e9 Luis M\u00e9ndez Navarro, Director del Tecnol\u00f3gico Nacional de M\u00e9xico\/Instituto Tecnol\u00f3gico de Tuxtla Guti\u00e9rrez, visit\u00f3 la sede de Educaci\u00f3n a Distancia del TecNM\/ITTG ubicada en Siltepec Chiapas, en compa\u00f1\u00eda de la M.P.O. Alba Mercedes Mijangos Oceguera, Coordinadora de EaD. En representaci\u00f3n del Presidente Municipal C. Pedro Dami\u00e1n&#8230;<\/p>\n<p><a href=\"https:\/\/www.tuxtla.tecnm.mx\/dcab\/visita-a-la-sede-en-siltepec-chiapas\/\"><span class=\"glyphicon glyphicon-arrow-right\"><\/span>&nbsp;Seguir leyendo<\/a><\/p>","protected":false},"author":2,"featured_media":0,"comment_status":"closed","ping_status":"open","sticky":false,"template":"","format":"standard","meta":{"footnotes":""},"categories":[1],"tags":[],"class_list":["post-5770","post","type-post","status-publish","format-standard","hentry","category-sin-categoria"],"_links":{"self":[{"href":"https:\/\/www.tuxtla.tecnm.mx\/dcab\/wp-json\/wp\/v2\/posts\/5770","targetHints":{"allow":["GET"]}}],"collection":[{"href":"https:\/\/www.tuxtla.tecnm.mx\/dcab\/wp-json\/wp\/v2\/posts"}],"about":[{"href":"https:\/\/www.tuxtla.tecnm.mx\/dcab\/wp-json\/wp\/v2\/types\/post"}],"author":[{"embeddable":true,"href":"https:\/\/www.tuxtla.tecnm.mx\/dcab\/wp-json\/wp\/v2\/users\/2"}],"replies":[{"embeddable":true,"href":"https:\/\/www.tuxtla.tecnm.mx\/dcab\/wp-json\/wp\/v2\/comments?post=5770"}],"version-history":[{"count":2,"href":"https:\/\/www.tuxtla.tecnm.mx\/dcab\/wp-json\/wp\/v2\/posts\/5770\/revisions"}],"predecessor-version":[{"id":5773,"href":"https:\/\/www.tuxtla.tecnm.mx\/dcab\/wp-json\/wp\/v2\/posts\/5770\/revisions\/5773"}],"wp:attachment":[{"href":"https:\/\/www.tuxtla.tecnm.mx\/dcab\/wp-json\/wp\/v2\/media?parent=5770"}],"wp:term":[{"taxonomy":"category","embeddable":true,"href":"https:\/\/www.tuxtla.tecnm.mx\/dcab\/wp-json\/wp\/v2\/categories?post=5770"},{"taxonomy":"post_tag","embeddable":true,"href":"https:\/\/www.tuxtla.tecnm.mx\/dcab\/wp-json\/wp\/v2\/tags?post=5770"}],"curies":[{"name":"wp","href":"https:\/\/api.w.org\/{rel}","templated":true}]}}