{"id":4548,"date":"2018-09-14T16:02:33","date_gmt":"2018-09-14T16:02:33","guid":{"rendered":"https:\/\/www.ittg.edu.mx\/?p=4548"},"modified":"2018-09-14T16:02:33","modified_gmt":"2018-09-14T16:02:33","slug":"bienvenida-a-estudiantes-de-ingenieria-electronica","status":"publish","type":"post","link":"https:\/\/www.tuxtla.tecnm.mx\/dcab\/bienvenida-a-estudiantes-de-ingenieria-electronica\/","title":{"rendered":"Bienvenida a estudiantes de Ingenier\u00eda Electr\u00f3nica"},"content":{"rendered":"<p style=\"text-align: justify;\"><img loading=\"lazy\" decoding=\"async\" class=\"alignleft wp-image-4554\" src=\"https:\/\/www.ittg.edu.mx\/wp-content\/uploads\/2018\/09\/BOLET\u00cdN-158-18.png\" alt=\"\" width=\"271\" height=\"190\" \/><\/p>\n<p>&nbsp;<\/p>\n<p>Este 12 de septiembre del a\u00f1o en curso, en la Sala Audiovisual del edificio \u201cI\u201d, se llev\u00f3 a cabo el evento de bienvenida a los estudiantes de la carrera de Ingenier\u00eda Electr\u00f3nica.<\/p>\n<p>El evento estuvo presidido por el M. C. Jos\u00e9 \u00c1ngel Zepeda Hern\u00e1ndez, Subdirector Acad\u00e9mico del Campus; el M. C. Osvaldo Brindis Vel\u00e1zquez, Jefe del departamento de Ingenier\u00eda El\u00e9ctrica y Electr\u00f3nica; el M. C. Ra\u00fal Moreno Rinc\u00f3n, Jefe de Docencia de la Academia de Ingenier\u00eda Electr\u00f3nica y docentes del \u00e1rea.<!--more--><\/p>\n<p>El M. C. Jos\u00e9 \u00c1ngel Zepeda Hern\u00e1ndez en su mensaje de bienvenida felicit\u00f3 a los estudiantes por elegir al Campus Tuxtla Guti\u00e9rrez, asimismo los invito a redoblar esfuerzos para que este semestre que inicia logren un buen aprovechamiento escolar.<\/p>\n<p>Asimismo el Ingeniero Vicente Le\u00f3n Orozco, docente del \u00e1rea comento que el evento tiene la finalidad de realizar un acercamiento entre estudiantes y docente del \u00e1rea, as\u00ed como tambi\u00e9n darles a conocer las actividades que se desarrollar\u00e1n durante el semestre agosto-diciembre.<\/p>\n<p>En este evento\u00a0\u00a0se invit\u00f3 a los j\u00f3venes a\u00a0\u00a0redoblar esfuerzos para que este semestre que inicia logren un buen aprovechamiento escolar y\u00a0\u00a0las autoridades reiteraron el compromiso de la instituci\u00f3n de brindarles una educaci\u00f3n integral y de calidad en el campo de la ciencia y la tecnolog\u00eda, haciendo referencia a sus docentes, su\u00a0\u00a0departamento acad\u00e9mico as\u00ed como a los recursos f\u00edsicos, materiales y organizativos que tienen a su disposici\u00f3n y que formar\u00e1n\u00a0\u00a0parte de su vida acad\u00e9mica.<\/p>\n<p>A trav\u00e9s de estas actividades se forja el v\u00ednculo entre los integrantes de la carrera, se les recibe c\u00e1lidamente deseando \u00e9xito en sus actividades acad\u00e9micas y de formaci\u00f3n profesional.<\/p>\n<p><strong><em>\u00a0<\/em><\/strong><\/p>\n<p><strong><em>\u201cCIENCIA Y TECNOLOG\u00cdA CON SENTIDO HUMANO\u201d<\/em><\/strong><\/p>\n<p><strong><em>Instituto Tecnol\u00f3gico de Tuxtla Guti\u00e9rrez<\/em><\/strong><\/p>\n<p><strong><em>Departamento de Comunicaci\u00f3n y Difusi\u00f3n\u00a0<\/em><\/strong><\/p>\n","protected":false},"excerpt":{"rendered":"<p>&nbsp; Este 12 de septiembre del a\u00f1o en curso, en la Sala Audiovisual del edificio \u201cI\u201d, se llev\u00f3 a cabo el evento de bienvenida a los estudiantes de la carrera de Ingenier\u00eda Electr\u00f3nica. El evento estuvo presidido por el M. C. Jos\u00e9 \u00c1ngel Zepeda Hern\u00e1ndez, Subdirector Acad\u00e9mico del Campus; el M. C. Osvaldo Brindis Vel\u00e1zquez,&#8230;<\/p>\n<p><a href=\"https:\/\/www.tuxtla.tecnm.mx\/dcab\/bienvenida-a-estudiantes-de-ingenieria-electronica\/\"><span class=\"glyphicon glyphicon-arrow-right\"><\/span>&nbsp;Seguir leyendo<\/a><\/p>","protected":false},"author":2,"featured_media":0,"comment_status":"closed","ping_status":"open","sticky":false,"template":"","format":"standard","meta":{"footnotes":""},"categories":[2],"tags":[],"class_list":["post-4548","post","type-post","status-publish","format-standard","hentry","category-news"],"_links":{"self":[{"href":"https:\/\/www.tuxtla.tecnm.mx\/dcab\/wp-json\/wp\/v2\/posts\/4548","targetHints":{"allow":["GET"]}}],"collection":[{"href":"https:\/\/www.tuxtla.tecnm.mx\/dcab\/wp-json\/wp\/v2\/posts"}],"about":[{"href":"https:\/\/www.tuxtla.tecnm.mx\/dcab\/wp-json\/wp\/v2\/types\/post"}],"author":[{"embeddable":true,"href":"https:\/\/www.tuxtla.tecnm.mx\/dcab\/wp-json\/wp\/v2\/users\/2"}],"replies":[{"embeddable":true,"href":"https:\/\/www.tuxtla.tecnm.mx\/dcab\/wp-json\/wp\/v2\/comments?post=4548"}],"version-history":[{"count":3,"href":"https:\/\/www.tuxtla.tecnm.mx\/dcab\/wp-json\/wp\/v2\/posts\/4548\/revisions"}],"predecessor-version":[{"id":4555,"href":"https:\/\/www.tuxtla.tecnm.mx\/dcab\/wp-json\/wp\/v2\/posts\/4548\/revisions\/4555"}],"wp:attachment":[{"href":"https:\/\/www.tuxtla.tecnm.mx\/dcab\/wp-json\/wp\/v2\/media?parent=4548"}],"wp:term":[{"taxonomy":"category","embeddable":true,"href":"https:\/\/www.tuxtla.tecnm.mx\/dcab\/wp-json\/wp\/v2\/categories?post=4548"},{"taxonomy":"post_tag","embeddable":true,"href":"https:\/\/www.tuxtla.tecnm.mx\/dcab\/wp-json\/wp\/v2\/tags?post=4548"}],"curies":[{"name":"wp","href":"https:\/\/api.w.org\/{rel}","templated":true}]}}