{"id":3859,"date":"2018-06-18T15:07:44","date_gmt":"2018-06-18T15:07:44","guid":{"rendered":"http:\/\/www.tuxtla.tecnm.mx\/?p=3859"},"modified":"2018-06-18T15:07:44","modified_gmt":"2018-06-18T15:07:44","slug":"estudiantes-de-ige-realizan-protocolo-de-titulacion","status":"publish","type":"post","link":"https:\/\/www.tuxtla.tecnm.mx\/dcab\/estudiantes-de-ige-realizan-protocolo-de-titulacion\/","title":{"rendered":"Estudiantes de IGE Realizan protocolo de titulaci\u00f3n"},"content":{"rendered":"<p style=\"font-weight: 400; text-align: justify;\"><img loading=\"lazy\" decoding=\"async\" class=\"wp-image-3860 alignleft\" src=\"http:\/\/www.tuxtla.tecnm.mx\/wp-content\/uploads\/2018\/06\/foto-boletn-79-18.png\" alt=\"\" width=\"271\" height=\"190\" \/>Este lunes 28 de mayo 2018 se efectu\u00f3 el proceso de protocolo de titulaci\u00f3n de la carrera de Ingenier\u00eda en Gesti\u00f3n Empresarial del Tecnol\u00f3gico Nacional de M\u00e9xico (TecNM) Campus Tuxtla Guti\u00e9rrez como parte de los requisitos para obtener la titulaci\u00f3n integrada despu\u00e9s haber realizado la\u00a0 residencia profesional.<!--more--><\/p>\n<p style=\"font-weight: 400; text-align: justify;\">Esta ocasi\u00f3n la\u00a0mesa de pres\u00eddium\u00a0estuvo integrada por la Dra. Gabriela Alejandra. R\u00edos Z\u00fa\u00f1iga, el M.C. Jos\u00e9 Antonio G\u00f3mez Roblero, el M.C. Helios Seth P\u00e9rez G\u00f3mez y el Dr. Octavio Rolando Lara Mart\u00ednez, Mtro. Miguel Cid del Prado, entre otros, catedr\u00e1ticos de la carrera quienes presidieron los protocolos efectuados en la sala audiovisual del edificio \u201cZ\u201d<\/p>\n<p style=\"font-weight: 400; text-align: justify;\">Los catedr\u00e1ticos presentes en la mesa de pres\u00eddium despu\u00e9s de realizar la evaluaci\u00f3n correspondiente felicitaron a los j\u00f3venes y exhortaron para poner en alto a su instituci\u00f3n y la carrera que cursaron, as\u00ed como utilizar los conocimientos adquiridos en beneficio de la sociedad.<\/p>\n<p style=\"font-weight: 400; text-align: justify;\">Los estudiantes que realizaron este protocolo fueron: Ruth Madeine Roblero L\u00f3pez, Kate Anel Cabrera Fuentevilla, Mauricio de Jes\u00fas Santiago Hern\u00e1ndez y Carolina L\u00f3pez D\u00edaz, quienes finalmente tomaron\u00a0protesta y con ello dieron por finalizado el esfuerzo de nueve semestres de trabajo y preparaci\u00f3n profesional y la aplicaci\u00f3n de sus conocimientos a trav\u00e9s de la residencia profesional.<\/p>\n<p style=\"font-weight: 400; text-align: justify;\">Es satisfactorio para el TecNM Campus Tuxtla Guti\u00e9rrez realizar estos protocolos que son muestra del esfuerzo arduo de docentes, alumnos.<\/p>\n<p>&nbsp;<\/p>\n<p style=\"font-weight: 400; text-align: justify;\"><strong><em>\u201cCIENCIA Y TECNOLOG\u00cdA CON SENTIDO HUMANO\u201d<\/em><\/strong><\/p>\n<p style=\"font-weight: 400; text-align: justify;\"><strong><em>Departamento de Comunicaci\u00f3n y Difusi\u00f3n<\/em><\/strong><\/p>\n<p style=\"font-weight: 400; text-align: justify;\"><strong><em>Instituto Tecnol\u00f3gico de Tuxtla Guti\u00e9rrez.<\/em><\/strong><\/p>\n","protected":false},"excerpt":{"rendered":"<p>Este lunes 28 de mayo 2018 se efectu\u00f3 el proceso de protocolo de titulaci\u00f3n de la carrera de Ingenier\u00eda en Gesti\u00f3n Empresarial del Tecnol\u00f3gico Nacional de M\u00e9xico (TecNM) Campus Tuxtla Guti\u00e9rrez como parte de los requisitos para obtener la titulaci\u00f3n integrada despu\u00e9s haber realizado la\u00a0 residencia profesional.<\/p>\n<p><a href=\"https:\/\/www.tuxtla.tecnm.mx\/dcab\/estudiantes-de-ige-realizan-protocolo-de-titulacion\/\"><span class=\"glyphicon glyphicon-arrow-right\"><\/span>&nbsp;Seguir leyendo<\/a><\/p>","protected":false},"author":2,"featured_media":0,"comment_status":"closed","ping_status":"open","sticky":false,"template":"","format":"standard","meta":{"footnotes":""},"categories":[2],"tags":[],"class_list":["post-3859","post","type-post","status-publish","format-standard","hentry","category-news"],"_links":{"self":[{"href":"https:\/\/www.tuxtla.tecnm.mx\/dcab\/wp-json\/wp\/v2\/posts\/3859","targetHints":{"allow":["GET"]}}],"collection":[{"href":"https:\/\/www.tuxtla.tecnm.mx\/dcab\/wp-json\/wp\/v2\/posts"}],"about":[{"href":"https:\/\/www.tuxtla.tecnm.mx\/dcab\/wp-json\/wp\/v2\/types\/post"}],"author":[{"embeddable":true,"href":"https:\/\/www.tuxtla.tecnm.mx\/dcab\/wp-json\/wp\/v2\/users\/2"}],"replies":[{"embeddable":true,"href":"https:\/\/www.tuxtla.tecnm.mx\/dcab\/wp-json\/wp\/v2\/comments?post=3859"}],"version-history":[{"count":1,"href":"https:\/\/www.tuxtla.tecnm.mx\/dcab\/wp-json\/wp\/v2\/posts\/3859\/revisions"}],"predecessor-version":[{"id":3861,"href":"https:\/\/www.tuxtla.tecnm.mx\/dcab\/wp-json\/wp\/v2\/posts\/3859\/revisions\/3861"}],"wp:attachment":[{"href":"https:\/\/www.tuxtla.tecnm.mx\/dcab\/wp-json\/wp\/v2\/media?parent=3859"}],"wp:term":[{"taxonomy":"category","embeddable":true,"href":"https:\/\/www.tuxtla.tecnm.mx\/dcab\/wp-json\/wp\/v2\/categories?post=3859"},{"taxonomy":"post_tag","embeddable":true,"href":"https:\/\/www.tuxtla.tecnm.mx\/dcab\/wp-json\/wp\/v2\/tags?post=3859"}],"curies":[{"name":"wp","href":"https:\/\/api.w.org\/{rel}","templated":true}]}}