{"id":3244,"date":"2018-02-23T23:06:37","date_gmt":"2018-02-23T23:06:37","guid":{"rendered":"http:\/\/wordpress.local\/2018\/02\/23\/entregaron-reconocimientos-a-estudiantes-de-electronica\/"},"modified":"2018-02-23T23:06:37","modified_gmt":"2018-02-23T23:06:37","slug":"entregaron-reconocimientos-a-estudiantes-de-electronica","status":"publish","type":"post","link":"https:\/\/www.tuxtla.tecnm.mx\/dcab\/entregaron-reconocimientos-a-estudiantes-de-electronica\/","title":{"rendered":"Entregaron reconocimientos a  estudiantes de Electr\u00f3nica"},"content":{"rendered":"<p><span style=\"text-align: justify;\"><img loading=\"lazy\" decoding=\"async\" class=\" alignleft size-full wp-image-3243\" src=\"http:\/\/wordpress.local\/wp-content\/uploads\/2018\/02\/boletn-15-18-electrnica-reconocimientos.png\" border=\"0\" width=\"277\" height=\"189\" style=\"float: left;\" \/>La academia de Ingenier\u00eda Electr\u00f3nica, el d\u00eda mi\u00e9rcoles 21 de febrero de 2018 efectu\u00f3 la ceremonia de entrega de reconocimientos a los mejores promedios del semestre agosto \u2013 diciembre 2017 y certificaci\u00f3n de solidwork, en la sala audiovisual del edificio \u201cZ\u201d del instituto,<\/span><span style=\"text-align: justify;\"> <\/span><span style=\"text-align: justify;\">en donde se dieron cita autoridades, estudiantes y padres de familia en punto de las 12:00 horas. <\/span><\/p>\n<p>  <!--more-->  <\/p>\n<p>\u00a0<\/p>\n<p><span style=\"text-align: justify;\"> <\/span><\/p>\n<p class=\"MsoNormal\">La ceremonia estuvo presidida por \u00a0el Ing. Francisco Ram\u00f3n S\u00e1nchez Rodr\u00edguez, M.C. Ra\u00fal Moreno Rinc\u00f3n, M.C. Osvaldo Brindis Vel\u00e1zquez, M.C\u00a0 Jos\u00e9 \u00c1ngel Zepeda Hern\u00e1ndez, Dr. H\u00e9ctor Hern\u00e1ndez de Le\u00f3n, Ing. \u00c1lvaro Hern\u00e1ndez Sol, quienes entregaron 17 reconocimientos.<\/p>\n<p>Al hacer uso de la palabra el Subdirector Acad\u00e9mico, felicit\u00f3 en su mensaje a los estudiantes por obtener este promedio ya que es un ejemplo para toda la comunidad tecnol\u00f3gica y adem\u00e1s es motivo de orgullo para la propia carrera de ingenier\u00eda contar con estos estudiantes que ponen en alto el nombre el Instituto Tecnol\u00f3gico de Tuxtla Guti\u00e9rrez. Coment\u00f3 \u201cAgradezco el apoyo de los padres de familia que \u00a0brindan para que nuestros j\u00f3venes puedan salir adelante y que mejor que con el reconocimiento del esfuerzo durante el semestre trascurrido, y exhorto a que todos los estudiantes se esfuercen y sean estudiantes extraordinarios\u201d.<\/p>\n<p class=\"MsoNormal\">Los reconocimientos a los mejores promedios fueron entregados a los estudiantes: Heivin Giovanni Cervantes Gallegos, Fredy Suarez Montoya, Edgar Omar Ovalle Ozuna, Roc\u00edo Elizabeth Sarmiento Cruz, Juan Luis G\u00f3mez Escand\u00f3n, No\u00e9 Alejandro Guzm\u00e1n Guillen, William As\u00eds Ra\u00fal Ojeda Rodr\u00edguez , Fanny Guadalupe Vel\u00e1zquez de la Rosa, Zoila Guadalupe Gumeta Champo, Paola Mart\u00ednez P\u00e9rez, Jos\u00e9 \u00c1ngel Dom\u00ednguez Reyes, Nataly Estefan\u00eda Guzm\u00e1n Robles, Jorge Ovilla Mix, Sandra Cecilia Victoria Gonz\u00e1lez, Norberto Daniel Couti\u00f1o Guzm\u00e1n , Frida Valeria P\u00e9rez Fuentes, Tomas David Cueto Castillejos, Daniela Camacho Chac\u00f3n.<\/p>\n<p class=\"MsoNormal\" style=\"margin: 9.75pt 0cm; line-height: normal; background: white;\"><span style=\"font-size: 10.0pt; mso-fareast-font-family: \">\u201cCIENCIA Y TECNOLOG\u00cdA CON SENTIDO HUMANO\u201d<\/span><\/p>\n<p class=\"MsoNormal\" style=\"margin: 9.75pt 0cm; line-height: normal; background: white;\"><span style=\"font-size: 10.0pt; mso-fareast-font-family: \">Instituto Tecnol\u00f3gico de Tuxtla Guti\u00e9rrez<\/span><\/p>\n<p>\u00a0<\/p>\n<p class=\"MsoNormal\" style=\"margin: 9.75pt 0cm; line-height: normal; background: white;\"><span style=\"font-size: 10.0pt; mso-fareast-font-family: \">Departamento de Comunicaci\u00f3n y Difusi\u00f3n<\/span><\/p>\n","protected":false},"excerpt":{"rendered":"<p>La academia de Ingenier\u00eda Electr\u00f3nica, el d\u00eda mi\u00e9rcoles 21 de febrero de 2018 efectu\u00f3 la ceremonia de entrega de reconocimientos a los mejores promedios del semestre agosto \u2013 diciembre 2017 y certificaci\u00f3n de solidwork, en la sala audiovisual del edificio \u201cZ\u201d del instituto, en donde se dieron cita autoridades, estudiantes y padres de familia en&#8230;<\/p>\n<p><a href=\"https:\/\/www.tuxtla.tecnm.mx\/dcab\/entregaron-reconocimientos-a-estudiantes-de-electronica\/\"><span class=\"glyphicon glyphicon-arrow-right\"><\/span>&nbsp;Seguir leyendo<\/a><\/p>","protected":false},"author":1,"featured_media":3243,"comment_status":"open","ping_status":"open","sticky":false,"template":"","format":"standard","meta":{"footnotes":""},"categories":[11],"tags":[],"class_list":["post-3244","post","type-post","status-publish","format-standard","has-post-thumbnail","hentry","category-latest-news"],"_links":{"self":[{"href":"https:\/\/www.tuxtla.tecnm.mx\/dcab\/wp-json\/wp\/v2\/posts\/3244","targetHints":{"allow":["GET"]}}],"collection":[{"href":"https:\/\/www.tuxtla.tecnm.mx\/dcab\/wp-json\/wp\/v2\/posts"}],"about":[{"href":"https:\/\/www.tuxtla.tecnm.mx\/dcab\/wp-json\/wp\/v2\/types\/post"}],"author":[{"embeddable":true,"href":"https:\/\/www.tuxtla.tecnm.mx\/dcab\/wp-json\/wp\/v2\/users\/1"}],"replies":[{"embeddable":true,"href":"https:\/\/www.tuxtla.tecnm.mx\/dcab\/wp-json\/wp\/v2\/comments?post=3244"}],"version-history":[{"count":0,"href":"https:\/\/www.tuxtla.tecnm.mx\/dcab\/wp-json\/wp\/v2\/posts\/3244\/revisions"}],"wp:featuredmedia":[{"embeddable":true,"href":"https:\/\/www.tuxtla.tecnm.mx\/dcab\/wp-json\/wp\/v2\/media\/3243"}],"wp:attachment":[{"href":"https:\/\/www.tuxtla.tecnm.mx\/dcab\/wp-json\/wp\/v2\/media?parent=3244"}],"wp:term":[{"taxonomy":"category","embeddable":true,"href":"https:\/\/www.tuxtla.tecnm.mx\/dcab\/wp-json\/wp\/v2\/categories?post=3244"},{"taxonomy":"post_tag","embeddable":true,"href":"https:\/\/www.tuxtla.tecnm.mx\/dcab\/wp-json\/wp\/v2\/tags?post=3244"}],"curies":[{"name":"wp","href":"https:\/\/api.w.org\/{rel}","templated":true}]}}