{"id":3224,"date":"2018-02-15T01:36:14","date_gmt":"2018-02-15T01:36:14","guid":{"rendered":"http:\/\/wordpress.local\/2018\/02\/15\/seminario-de-avances-de-tesis-enero-junio-2018\/"},"modified":"2018-02-15T01:36:14","modified_gmt":"2018-02-15T01:36:14","slug":"seminario-de-avances-de-tesis-enero-junio-2018","status":"publish","type":"post","link":"https:\/\/www.tuxtla.tecnm.mx\/dcab\/seminario-de-avances-de-tesis-enero-junio-2018\/","title":{"rendered":"Seminario de avances de Tesis  Enero- Junio 2018"},"content":{"rendered":"<p class=\"MsoListParagraph\" style=\"text-align: left; text-indent: -18pt;\"><img loading=\"lazy\" decoding=\"async\" class=\" alignleft size-full wp-image-3223\" src=\"http:\/\/wordpress.local\/wp-content\/uploads\/2018\/02\/09-semi.jpg\" border=\"0\" width=\"277\" height=\"189\" style=\"float: left;\" \/> &#8211; <strong>Organizado por la D<\/strong><strong>ivisi\u00f3n de Estudios de Posgrado <\/strong><\/p>\n<p class=\"MsoNormal\">La Maestr\u00eda en Ingenier\u00eda Mecatr\u00f3nica y el Doctorado en Ciencias de la Ingenier\u00eda del Tecnol\u00f3gico Nacional de M\u00e9xico (TecNM) Campus Tuxtla, continuaron este 9 de febrero con el \u201cSeminario de avances de Tesis<span style=\"mso-spacerun: yes;\"> <\/span>Enero- Junio 2018\u201d<span style=\"mso-spacerun: yes;\"> <\/span>en la sala audiovisual del edificio \u00abZ\u00bb, en donde se presentaron estudiantes y catedr\u00e1ticos quienes realizaron la revisi\u00f3n de los avances y<span style=\"mso-spacerun: yes;\"> <\/span>dieron los puntos de vista para retroalimentar los trabajos de investigaci\u00f3n.<\/p>\n<p>  <!--more-->  <\/p>\n<p class=\"MsoNormal\" style=\"margin-bottom: .0001pt; text-align: justify; line-height: normal;\">Es importante se\u00f1alar que el <span style=\"mso-fareast-font-family: \">Seminario de Tesis es el momento oportuno para la revisi\u00f3n del progreso individual que se obtiene en el <\/span><a href=\"http:\/\/www.monografias.com\/trabajos14\/administ-procesos\/administ-procesos.shtml#PROCE\"><span style=\"mso-fareast-font-family: \">proceso<\/span><\/a><span style=\"mso-fareast-font-family: \"> de <\/span><a href=\"http:\/\/www.monografias.com\/trabajos11\/norma\/norma.shtml\"><span style=\"mso-fareast-font-family: \">investigaci\u00f3n<\/span><\/a><span style=\"mso-fareast-font-family: \"> y la elaboraci\u00f3n del <\/span><a href=\"http:\/\/www.monografias.com\/trabajos12\/pmbok\/pmbok.shtml\"><span style=\"mso-fareast-font-family: \">proyecto<\/span><\/a><span style=\"mso-fareast-font-family: \"> de tesis. Esto se logra mediante el intercambio de criterios con los docentes presentes en el tribunal que eval\u00faa y con otros estudiantes, presentes en la disertaci\u00f3n, donde el ponente somete los resultados parciales de su trabajo a la <\/span><a href=\"http:\/\/www.monografias.com\/trabajos901\/praxis-critica-tesis-doctoral-marx\/praxis-critica-tesis-doctoral-marx.shtml\"><span style=\"mso-fareast-font-family: \">cr\u00edtica<\/span><\/a><span style=\"mso-fareast-font-family: \"> constructiva de otros, de donde obtiene innumerables sugerencias para perfeccionar su investigaci\u00f3n.<\/span><\/p>\n<p class=\"MsoNormal\" style=\"margin-bottom: .0001pt; text-align: justify; line-height: normal;\"><span style=\"mso-fareast-font-family: \"> <\/span><\/p>\n<p class=\"MsoNormal\" style=\"text-align: justify;\">Durante esta jornada se presentaron los temas: \u201cDetecci\u00f3n y<span style=\"mso-spacerun: yes;\"> <\/span>localizaci\u00f3n de fugas en redes de ductos mediante t\u00e9cnicas de aprendizaje autom\u00e1tico y an\u00e1lisis de componentes principales\u201d presentado por el estudiante Ildeberto de los Santos Ru\u00edz, teniendo como revisores al Dr. Guillermo Valencia Palomo, Dr. El\u00edas Neftal\u00ed Escobar G\u00f3mez, <span style=\"mso-spacerun: yes;\"> <\/span>Dr. H\u00e9ctor Ricardo Hern\u00e1ndez de Le\u00f3n; como Director del proyecto el Dr. Francisco Ronay L\u00f3pez y el Dr. Vicente Puig; <span style=\"mso-spacerun: yes;\"> <\/span>y como revisor Externo la Dra. Lizeth Torres Catedr\u00e1tica de la Universidad Aut\u00f3noma de M\u00e9xico (UNAM).<\/p>\n<p class=\"MsoNormal\" style=\"text-align: justify;\">Como segundo tema dentro de la jornada del d\u00eda se expuso<span style=\"mso-spacerun: yes;\"> <\/span>el \u201cSistema optomecatr\u00f3nico para la fabricaci\u00f3n de rejillas del periodo largo de fibras \u00f3pticas\u201d<span style=\"mso-spacerun: yes;\"> <\/span>presentado por el estudiante \u00d3scar Emmanuel Aguilar L\u00f3pez<span style=\"mso-spacerun: yes;\"> <\/span>quien es asesorado por los revisores EL Dr. Carlos R\u00edos Rojas y Dr. Mada\u00ed P\u00e9rez Patricio; como director el Dr. Jorge Luis Camas Anzueto y el Dr. Rub\u00e9n Grajales Couti\u00f1o.<\/p>\n<p class=\"MsoNormal\" style=\"margin-bottom: .0001pt; text-align: justify; line-height: normal;\"><span style=\"mso-fareast-font-family: \">Esta jornada fue sumamente productiva<span style=\"mso-spacerun: yes;\"> <\/span>ya que todas las sugerencias realizadas fueron tomadas en cuenta para continuar con los trabajos de investigaci\u00f3n y enriquecer cada \u00e1rea de oportunidad para que al momento de ser presentada la tesis el proyecto cuente con todas las caracter\u00edsticas necesarias de un proyecto productivo y con la mejor calidad.<\/span><\/p>\n<p class=\"MsoNormal\" style=\"margin-bottom: .0001pt; text-align: justify; line-height: normal;\"><span style=\"mso-fareast-font-family: \"> <\/span><\/p>\n<p class=\"MsoNormal\" style=\"margin-top: 9.75pt; margin-right: 0cm; margin-bottom: 9.75pt; margin-left: 0cm; text-align: justify; line-height: normal; background: white;\"><strong style=\"mso-bidi-font-weight: normal;\"><span style=\"font-size: 10.0pt; font-family: \">\u201cCIENCIA Y TECNOLOG\u00cdA CON SENTIDO HUMANO\u201d<\/span><\/strong><\/p>\n<p class=\"MsoNormal\" style=\"margin-top: 9.75pt; margin-right: 0cm; margin-bottom: 9.75pt; margin-left: 0cm; text-align: justify; line-height: normal; background: white;\"><strong style=\"mso-bidi-font-weight: normal;\"><span style=\"font-size: 10.0pt; font-family: \" lang=\"ES-TRAD\">Instituto Tecnol\u00f3gico de Tuxtla Guti\u00e9rrez<\/span><\/strong><strong style=\"mso-bidi-font-weight: normal;\"><span style=\"font-size: 10.0pt; font-family: \"> <\/span><\/strong><\/p>\n<p class=\"MsoNormal\" style=\"margin-top: 9.75pt; margin-right: 0cm; margin-bottom: 9.75pt; margin-left: 0cm; text-align: justify; line-height: normal; background: white;\"><strong style=\"mso-bidi-font-weight: normal;\"><span style=\"font-size: 10.0pt; font-family: \">Departamento de Comunicaci\u00f3n y Difusi\u00f3n<\/span><\/strong><\/p>\n<p>\u00a0<\/p>\n","protected":false},"excerpt":{"rendered":"<p>&#8211; Organizado por la Divisi\u00f3n de Estudios de Posgrado La Maestr\u00eda en Ingenier\u00eda Mecatr\u00f3nica y el Doctorado en Ciencias de la Ingenier\u00eda del Tecnol\u00f3gico Nacional de M\u00e9xico (TecNM) Campus Tuxtla, continuaron este 9 de febrero con el \u201cSeminario de avances de Tesis Enero- Junio 2018\u201d en la sala audiovisual del edificio \u00abZ\u00bb, en donde se&#8230;<\/p>\n<p><a href=\"https:\/\/www.tuxtla.tecnm.mx\/dcab\/seminario-de-avances-de-tesis-enero-junio-2018\/\"><span class=\"glyphicon glyphicon-arrow-right\"><\/span>&nbsp;Seguir leyendo<\/a><\/p>","protected":false},"author":1,"featured_media":3223,"comment_status":"open","ping_status":"open","sticky":false,"template":"","format":"standard","meta":{"footnotes":""},"categories":[11],"tags":[],"class_list":["post-3224","post","type-post","status-publish","format-standard","has-post-thumbnail","hentry","category-latest-news"],"_links":{"self":[{"href":"https:\/\/www.tuxtla.tecnm.mx\/dcab\/wp-json\/wp\/v2\/posts\/3224","targetHints":{"allow":["GET"]}}],"collection":[{"href":"https:\/\/www.tuxtla.tecnm.mx\/dcab\/wp-json\/wp\/v2\/posts"}],"about":[{"href":"https:\/\/www.tuxtla.tecnm.mx\/dcab\/wp-json\/wp\/v2\/types\/post"}],"author":[{"embeddable":true,"href":"https:\/\/www.tuxtla.tecnm.mx\/dcab\/wp-json\/wp\/v2\/users\/1"}],"replies":[{"embeddable":true,"href":"https:\/\/www.tuxtla.tecnm.mx\/dcab\/wp-json\/wp\/v2\/comments?post=3224"}],"version-history":[{"count":0,"href":"https:\/\/www.tuxtla.tecnm.mx\/dcab\/wp-json\/wp\/v2\/posts\/3224\/revisions"}],"wp:featuredmedia":[{"embeddable":true,"href":"https:\/\/www.tuxtla.tecnm.mx\/dcab\/wp-json\/wp\/v2\/media\/3223"}],"wp:attachment":[{"href":"https:\/\/www.tuxtla.tecnm.mx\/dcab\/wp-json\/wp\/v2\/media?parent=3224"}],"wp:term":[{"taxonomy":"category","embeddable":true,"href":"https:\/\/www.tuxtla.tecnm.mx\/dcab\/wp-json\/wp\/v2\/categories?post=3224"},{"taxonomy":"post_tag","embeddable":true,"href":"https:\/\/www.tuxtla.tecnm.mx\/dcab\/wp-json\/wp\/v2\/tags?post=3224"}],"curies":[{"name":"wp","href":"https:\/\/api.w.org\/{rel}","templated":true}]}}