{"id":3212,"date":"2018-02-02T00:32:08","date_gmt":"2018-02-02T00:32:08","guid":{"rendered":"http:\/\/wordpress.local\/2018\/02\/02\/concluye-diplomado-formacion-de-tutores\/"},"modified":"2018-02-02T00:32:08","modified_gmt":"2018-02-02T00:32:08","slug":"concluye-diplomado-formacion-de-tutores","status":"publish","type":"post","link":"https:\/\/www.tuxtla.tecnm.mx\/dcab\/concluye-diplomado-formacion-de-tutores\/","title":{"rendered":"Concluye Diplomado \u201cFormaci\u00f3n de Tutores\u201d"},"content":{"rendered":"<p><span lang=\"ES-TRAD\"><img loading=\"lazy\" decoding=\"async\" class=\" alignleft size-full wp-image-3211\" src=\"http:\/\/wordpress.local\/wp-content\/uploads\/2018\/02\/01feb_diplomado.png\" border=\"0\" width=\"277\" height=\"189\" style=\"float: left;\" \/>Este jueves 01 de febrero 25 docentes de diferentes \u00e1reas del I.T. Tuxtla Guti\u00e9rrez concluyeron satisfactoriamente el Diplomado \u201cFormaci\u00f3n de Tutores\u201d reconocido por el Tecnol\u00f3gico Nacional de M\u00e9xico, coordinado por el Depto. de Desarrollo acad\u00e9mico del instituto a cargo de la M.C. Mar\u00eda\u00a0Delina\u00a0Culebro Farrera. <\/span><\/p>\n<p>  <!--more-->  <\/p>\n<p>Con el objetivo de fortalecer las habilidades del tutor en las dimensiones personal, acad\u00e9mico y profesional, a trav\u00e9s de las acciones del Programa Institucional de Tutor\u00edas del TecNM, el diplomado estuvo integrado por 5 m\u00f3dulos los cu\u00e1les fueron : M\u00f3dulo I \u201cSensibilizaci\u00f3n del Tutor\u201d, <span style=\"mso-spacerun: yes;\"> <\/span>que se llev\u00f3 a cabo del 01 al 04 de agosto del 2017 de 08:00 a 14:00 hrs. impartido por la Mtra. Edali Ramos Mijangos y el Mtro. Carlos Venturino de Coss P\u00e9rez; el <span style=\"mso-spacerun: yes;\"> <\/span>M\u00f3dulo II \u201cPrograma de Tutor\u00eda\u201d el cual se desarrollo del 7 al 11 de agosto del 2017 de 8:00 a 14:00 hrs. impartido por la Dra. Patricia Guadalupe S\u00e1nchez Iturbe; el M\u00f3dulo III \u201c Formaci\u00f3n de Tutores\u201d se llev\u00f3 a cabo del 09 al 12 de enero del presente a\u00f1o de 8:00 a 14:00 hrs. impartido por el Mtro. Mario de la Cruz Padilla; el M\u00f3dulo IV : \u201cEstrategias de la acci\u00f3n tutorial\u201d que de desarrollo del 15 al 18 de enero del presente a\u00f1o, de 8:00 a 14:00 hrs. y fue impartido por el Ing. Leonardo G\u00f3mez Guti\u00e9rrez y para concluir el M\u00f3dulo V: \u201cRecursos para la acci\u00f3n tutorial, el cual se realiz\u00f3 del 29 de enero al 01 de febrero del presente a\u00f1o y fue impartido por el Dr. William Figueroa Corzo.<\/p>\n<p class=\"MsoNormal\" style=\"text-align: justify; text-justify: inter-ideograph;\"><span lang=\"ES-TRAD\"> <\/span><\/p>\n<p class=\"MsoNormal\" style=\"text-align: justify; text-justify: inter-ideograph;\"><span lang=\"ES-TRAD\">En entrevista la M.C. Mar\u00eda\u00a0Delina\u00a0Culebro Farrera se\u00f1al\u00f3: \u201cHoy en d\u00eda las tutor\u00edas representan una estrategia importante para mejorar tanto la calidad educativa, como la eficiencia terminal del estudiante, por lo que su planificaci\u00f3n es de suma importancia para nuestro instituto, ya que se deben de incluir procesos de ense\u00f1anza aprendizaje, as\u00ed como la formaci\u00f3n y selecci\u00f3n de tutores para lograr una educaci\u00f3n integral para nuestros alumnos; los docentes que hoy finiquitaron el diplomado son la primer generaci\u00f3n en su modalidad presencial, sum\u00e1ndose a los 13 que acreditaron dicho curso en su modalidad en l\u00ednea, haciendo un total de 38 docentes reconocidos por el TecNM. <\/span><\/p>\n<p class=\"MsoNormal\" style=\"text-align: justify; text-justify: inter-ideograph;\"><span lang=\"ES-TRAD\"> <\/span><\/p>\n<p class=\"MsoNormal\" style=\"text-align: justify; text-justify: inter-ideograph;\"><span lang=\"ES-TRAD\"> <\/span><\/p>\n<p class=\"MsoNormal\" style=\"text-align: justify; text-justify: inter-ideograph;\"><span lang=\"ES-TRAD\">Es as\u00ed como el Tecnol\u00f3gico Nacional de M\u00e9xico a trav\u00e9s del Tecnol\u00f3gico de Tuxtla Guti\u00e9rrez,<span style=\"mso-spacerun: yes;\"> <\/span>apegado a sus objetivos\u00a0ofrece una educaci\u00f3n integral y de calidad en el campo de la ciencia y la tecnolog\u00eda<span style=\"mso-spacerun: yes;\"> <\/span>que equilibra el desarrollo de competencias y la adquisici\u00f3n de conocimientos <span style=\"mso-spacerun: yes;\"> <\/span>permitiendo desarrollar en nuestros estudiantes una formaci\u00f3n de alto nivel.<\/span><\/p>\n<p class=\"MsoNormal\" style=\"text-align: justify; text-justify: inter-ideograph;\"><span lang=\"ES-TRAD\"><br \/><\/span><\/p>\n<p class=\"MsoNormal\" style=\"text-align: justify; text-justify: inter-ideograph;\"><span lang=\"ES-TRAD\"> <\/span><\/p>\n<p class=\"MsoNormal\" style=\"text-align: justify; text-justify: inter-ideograph;\"><span lang=\"ES-TRAD\"> <\/span><\/p>\n<p class=\"MsoNormal\"><span lang=\"ES-TRAD\">CIENCIA Y TECNOLOG\u00cdA CON SENTIDO HUMANO\u201d<\/span><\/p>\n<p class=\"MsoNormal\"><span lang=\"ES-TRAD\">Departamento de Comunicaci\u00f3n y Difusi\u00f3n<\/span><\/p>\n<p class=\"MsoNormal\"><span lang=\"ES-TRAD\">Instituto Tecnol\u00f3gico de Tuxtla Guti\u00e9rrez<\/span><\/p>\n<p>\u00a0<\/p>\n<p class=\"MsoNormal\" style=\"text-align: justify; text-justify: inter-ideograph;\"><span lang=\"ES-TRAD\"> <\/span><\/p>\n","protected":false},"excerpt":{"rendered":"<p>Este jueves 01 de febrero 25 docentes de diferentes \u00e1reas del I.T. Tuxtla Guti\u00e9rrez concluyeron satisfactoriamente el Diplomado \u201cFormaci\u00f3n de Tutores\u201d reconocido por el Tecnol\u00f3gico Nacional de M\u00e9xico, coordinado por el Depto. de Desarrollo acad\u00e9mico del instituto a cargo de la M.C. Mar\u00eda\u00a0Delina\u00a0Culebro Farrera.<\/p>\n<p><a href=\"https:\/\/www.tuxtla.tecnm.mx\/dcab\/concluye-diplomado-formacion-de-tutores\/\"><span class=\"glyphicon glyphicon-arrow-right\"><\/span>&nbsp;Seguir leyendo<\/a><\/p>","protected":false},"author":1,"featured_media":3211,"comment_status":"open","ping_status":"open","sticky":false,"template":"","format":"standard","meta":{"footnotes":""},"categories":[11],"tags":[],"class_list":["post-3212","post","type-post","status-publish","format-standard","has-post-thumbnail","hentry","category-latest-news"],"_links":{"self":[{"href":"https:\/\/www.tuxtla.tecnm.mx\/dcab\/wp-json\/wp\/v2\/posts\/3212","targetHints":{"allow":["GET"]}}],"collection":[{"href":"https:\/\/www.tuxtla.tecnm.mx\/dcab\/wp-json\/wp\/v2\/posts"}],"about":[{"href":"https:\/\/www.tuxtla.tecnm.mx\/dcab\/wp-json\/wp\/v2\/types\/post"}],"author":[{"embeddable":true,"href":"https:\/\/www.tuxtla.tecnm.mx\/dcab\/wp-json\/wp\/v2\/users\/1"}],"replies":[{"embeddable":true,"href":"https:\/\/www.tuxtla.tecnm.mx\/dcab\/wp-json\/wp\/v2\/comments?post=3212"}],"version-history":[{"count":0,"href":"https:\/\/www.tuxtla.tecnm.mx\/dcab\/wp-json\/wp\/v2\/posts\/3212\/revisions"}],"wp:featuredmedia":[{"embeddable":true,"href":"https:\/\/www.tuxtla.tecnm.mx\/dcab\/wp-json\/wp\/v2\/media\/3211"}],"wp:attachment":[{"href":"https:\/\/www.tuxtla.tecnm.mx\/dcab\/wp-json\/wp\/v2\/media?parent=3212"}],"wp:term":[{"taxonomy":"category","embeddable":true,"href":"https:\/\/www.tuxtla.tecnm.mx\/dcab\/wp-json\/wp\/v2\/categories?post=3212"},{"taxonomy":"post_tag","embeddable":true,"href":"https:\/\/www.tuxtla.tecnm.mx\/dcab\/wp-json\/wp\/v2\/tags?post=3212"}],"curies":[{"name":"wp","href":"https:\/\/api.w.org\/{rel}","templated":true}]}}