{"id":3190,"date":"2017-12-15T23:22:53","date_gmt":"2017-12-15T23:22:53","guid":{"rendered":"http:\/\/wordpress.local\/2017\/12\/15\/presentacion-de-proyectos-de-aplicaciones-de-las-matematicas\/"},"modified":"2017-12-15T23:22:53","modified_gmt":"2017-12-15T23:22:53","slug":"presentacion-de-proyectos-de-aplicaciones-de-las-matematicas","status":"publish","type":"post","link":"https:\/\/www.tuxtla.tecnm.mx\/dcab\/presentacion-de-proyectos-de-aplicaciones-de-las-matematicas\/","title":{"rendered":"\u201cPresentaci\u00f3n de Proyectos de aplicaciones de las Matem\u00e1ticas\u201d"},"content":{"rendered":"<p \/><span style=\"font-family: Arial; mso-bidi-font-family: Arial;\" lang=\"ES-TRAD\"><img loading=\"lazy\" decoding=\"async\" class=\" alignleft size-full wp-image-3189\" src=\"http:\/\/wordpress.local\/wp-content\/uploads\/2017\/12\/15diciembre2-01-01.png\" border=\"0\" width=\"277\" height=\"189\" style=\"float: left;\" \/>El d\u00eda mi\u00e9rcoles 13 de diciembre, como resultado de los trabajos realizados durante el semestre agosto-diciembre del 2017, se llevo a cabo la presentaci\u00f3n de proyectos por parte de los alumnos de la carrera Ingenier\u00eda Electr\u00f3nica correspondientes a las materias de C\u00e1lculo Vectorial con el tema \u201cRepresentaci\u00f3n de una curva en el espacio\u201d, y a su vez \u00c1lgebra Lineal<span style=\"mso-spacerun: yes;\"> <\/span>con<span style=\"mso-spacerun: yes;\"> <\/span>el \u201cC\u00e1lculo de corrientes de mallas usando m\u00e9todos matriciales\u201d   <!--more-->  <\/span>ambas materias impartidas por el M.C. Roberto Cruz Gordillo, organizada en el lobby del edificio Q.<\/p>\n<p><span style=\"font-family: Arial;\">En los proyectos presentados, los estudiantes desarrollan trabajos con el fin de comprender el funcionamiento, los usos y aplicaciones de las curvas en un espacio vectorial as\u00ed c\u00f3mo los m\u00e9todos de soluci\u00f3n de sistemas aplicados a corrientes el\u00e9ctricas en un circuito el\u00e9ctrico, ambos temas les servir\u00e1n para futuras competencias a desarrollar en la carrera. de ingenier\u00eda electr\u00f3nica.<\/span><\/p>\n<p class=\"MsoNormal\" style=\"text-align: justify; text-justify: inter-ideograph;\"><span style=\"font-family: Arial; mso-bidi-font-family: Arial;\" lang=\"ES-TRAD\"> <\/span><\/p>\n<p class=\"MsoNormal\" style=\"text-align: justify; text-justify: inter-ideograph;\"><span style=\"font-family: Arial; mso-bidi-font-family: Arial;\" lang=\"ES-TRAD\">Dentro de los proyectos que se presentaron se encuentran:<span style=\"mso-spacerun: yes;\"> <\/span>\u201ccurvas en un<span style=\"mso-spacerun: yes;\"> <\/span>espacio vectorial\u201d presentado por los alumnos Sergio Alexander Santiago Sol\u00f3rzano, Erick Joel L\u00f3pez Entzin, Rigoberto G\u00f3mez Robles, Carlos Alberto L\u00f3pez G\u00f3mez, Wayner Galier Ram\u00edrez Fern\u00e1ndez, Sergio Hern\u00e1ndez Constantino y \u00c1ngel Arturo S\u00e1nchez P\u00e9rez, el cual consist\u00eda en la representaci\u00f3n de una curva en un espacio R3, donde<span style=\"mso-spacerun: yes;\"> <\/span>era preciso conocer los par\u00e1metros de una curva, por lo que se usaron diferentes conceptos del c\u00e1lculo vectorial, como son: curvatura, longitud de arco, velocidad<span style=\"mso-spacerun: yes;\"> <\/span>rapidez y aceleraci\u00f3n; resultado de la aplicaci\u00f3n de las derivadas e integrales.<\/span><\/p>\n<p class=\"MsoNormal\" style=\"text-align: justify; text-justify: inter-ideograph;\"><span style=\"font-family: Arial; mso-bidi-font-family: Arial;\" lang=\"ES-TRAD\"> <\/span><\/p>\n<p class=\"MsoNormal\" style=\"text-align: justify; text-justify: inter-ideograph;\"><span style=\"font-family: Arial; mso-bidi-font-family: Arial;\" lang=\"ES-TRAD\">Para el proyecto,<span style=\"mso-spacerun: yes;\"> <\/span>\u201cC\u00e1lculo de corrientes y voltajes en un circuito el\u00e9ctrico\u201d los estudiantes: <span style=\"mso-spacerun: yes;\"> <\/span>Paola Mart\u00ednez P\u00e9rez, Yael Shai Cruz Albores, Joel Alejandro Lara Gordillo, Blanca Nanguel\u00fa Ramos, Cesar Alexis Villatoro Villatoro, Luis Daniel L\u00f3pez Herrera, Rodrigo Oca\u00f1a S\u00e1nchez, Gerhard,<span style=\"mso-spacerun: yes;\"> <\/span>Iv\u00e1n Cruz Arriaga, Willians de Jes\u00fas Franco Gallegos e Iber Alejandro Mart\u00ednez Albores, quienes expusieron los c\u00e1lculos de las corrientes y los voltajes en un circuito el\u00e9ctrico o circuito de mallas, aplicando los conocimientos aprendidos en la materia de algebra lineal, para dicho proceso se utilizaron diferentes m\u00e9todos para resolver un sistema de ecuaciones lineales tales como el de Gauss, Gauss Jord\u00e1n y Cramer. <\/span><\/p>\n<p class=\"MsoNormal\" style=\"text-align: justify; text-justify: inter-ideograph;\"><span style=\"font-family: Arial; mso-bidi-font-family: Arial;\" lang=\"ES-TRAD\"> <\/span><\/p>\n<p class=\"MsoNormal\" style=\"text-align: justify; text-justify: inter-ideograph;\"><span style=\"font-family: Arial; mso-bidi-font-family: Arial;\" lang=\"ES-TRAD\">Cabe destacar que se realiz\u00f3 la simulaci\u00f3n de los procesos a computadora, presentando los c\u00e1lculos matem\u00e1ticos y comprobando los resultados en los circuitos as\u00ed como en las maquetas presentadas.<\/span><\/p>\n<p class=\"MsoNormal\" style=\"text-align: justify; text-justify: inter-ideograph;\"><span style=\"font-family: Arial; mso-bidi-font-family: Arial;\" lang=\"ES-TRAD\"> <\/span><\/p>\n<p class=\"MsoNormal\" style=\"text-align: justify; text-justify: inter-ideograph;\"><span style=\"font-family: Arial; mso-bidi-font-family: Arial;\" lang=\"ES-TRAD\">De esta manera los estudiantes de ingenier\u00eda electr\u00f3nica, logran aplicar los conocimientos aprendidos en las materias <span style=\"mso-spacerun: yes;\"> <\/span>de c\u00e1lculo vectorial y algebra lineal, con lo cual desarrollan y adquieren habilidades necesarias para desenvolverse en futuras asignaturas y en el \u00e1mbito profesional. <\/span><\/p>\n<p class=\"MsoNormal\" style=\"text-align: justify; text-justify: inter-ideograph;\"><span style=\"font-family: Arial; mso-bidi-font-family: Arial;\" lang=\"ES-TRAD\"><span style=\"mso-spacerun: yes;\"> <\/span><\/span><\/p>\n<p class=\"MsoNormal\" style=\"text-align: justify; text-justify: inter-ideograph;\">\u00a0<\/p>\n<p class=\"MsoNormal\" style=\"margin-top: 9.75pt; margin-right: 0cm; margin-bottom: 9.75pt; margin-left: 0cm; text-align: justify; text-justify: inter-ideograph; background: white;\"><strong><span style=\"font-size: 10.0pt; font-family: \">\u201cCIENCIA Y TECNOLOG\u00cdA CON SENTIDO HUMANO\u201d<\/span><\/strong><span style=\"font-size: 10.0pt; font-family: \"> <\/span><\/p>\n<p class=\"MsoNormal\" style=\"margin-top: 9.75pt; margin-right: 0cm; margin-bottom: 9.75pt; margin-left: 0cm; text-align: justify; text-justify: inter-ideograph; background: white;\"><strong><span style=\"font-size: 10.0pt; font-family: \">Departamento de Comunicaci\u00f3n y Difusi\u00f3n<\/span><\/strong><\/p>\n<p class=\"MsoNormal\" style=\"margin-top: 9.75pt; margin-right: 0cm; margin-bottom: 9.75pt; margin-left: 0cm; text-align: justify; text-justify: inter-ideograph; background: white;\"><strong><span style=\"font-size: 10.0pt; font-family: \">Instituto Tecnol\u00f3gico de Tuxtla Guti\u00e9rrez<\/span><\/strong><\/p>\n<p>\u00a0<\/p>\n<p class=\"MsoNormal\" style=\"text-align: justify; text-justify: inter-ideograph;\"><span style=\"font-family: Arial; mso-bidi-font-family: Arial;\" lang=\"ES-TRAD\"> <\/span><\/p>\n","protected":false},"excerpt":{"rendered":"<p>El d\u00eda mi\u00e9rcoles 13 de diciembre, como resultado de los trabajos realizados durante el semestre agosto-diciembre del 2017, se llevo a cabo la presentaci\u00f3n de proyectos por parte de los alumnos de la carrera Ingenier\u00eda Electr\u00f3nica correspondientes a las materias de C\u00e1lculo Vectorial con el tema \u201cRepresentaci\u00f3n de una curva en el espacio\u201d, y a&#8230;<\/p>\n<p><a href=\"https:\/\/www.tuxtla.tecnm.mx\/dcab\/presentacion-de-proyectos-de-aplicaciones-de-las-matematicas\/\"><span class=\"glyphicon glyphicon-arrow-right\"><\/span>&nbsp;Seguir leyendo<\/a><\/p>","protected":false},"author":1,"featured_media":3189,"comment_status":"open","ping_status":"open","sticky":false,"template":"","format":"standard","meta":{"footnotes":""},"categories":[11],"tags":[],"class_list":["post-3190","post","type-post","status-publish","format-standard","has-post-thumbnail","hentry","category-latest-news"],"_links":{"self":[{"href":"https:\/\/www.tuxtla.tecnm.mx\/dcab\/wp-json\/wp\/v2\/posts\/3190","targetHints":{"allow":["GET"]}}],"collection":[{"href":"https:\/\/www.tuxtla.tecnm.mx\/dcab\/wp-json\/wp\/v2\/posts"}],"about":[{"href":"https:\/\/www.tuxtla.tecnm.mx\/dcab\/wp-json\/wp\/v2\/types\/post"}],"author":[{"embeddable":true,"href":"https:\/\/www.tuxtla.tecnm.mx\/dcab\/wp-json\/wp\/v2\/users\/1"}],"replies":[{"embeddable":true,"href":"https:\/\/www.tuxtla.tecnm.mx\/dcab\/wp-json\/wp\/v2\/comments?post=3190"}],"version-history":[{"count":0,"href":"https:\/\/www.tuxtla.tecnm.mx\/dcab\/wp-json\/wp\/v2\/posts\/3190\/revisions"}],"wp:featuredmedia":[{"embeddable":true,"href":"https:\/\/www.tuxtla.tecnm.mx\/dcab\/wp-json\/wp\/v2\/media\/3189"}],"wp:attachment":[{"href":"https:\/\/www.tuxtla.tecnm.mx\/dcab\/wp-json\/wp\/v2\/media?parent=3190"}],"wp:term":[{"taxonomy":"category","embeddable":true,"href":"https:\/\/www.tuxtla.tecnm.mx\/dcab\/wp-json\/wp\/v2\/categories?post=3190"},{"taxonomy":"post_tag","embeddable":true,"href":"https:\/\/www.tuxtla.tecnm.mx\/dcab\/wp-json\/wp\/v2\/tags?post=3190"}],"curies":[{"name":"wp","href":"https:\/\/api.w.org\/{rel}","templated":true}]}}