{"id":2937,"date":"2017-06-08T17:33:27","date_gmt":"2017-06-08T17:33:27","guid":{"rendered":"http:\/\/wordpress.local\/2017\/06\/08\/4ta-muestra-empresarial-de-marketing\/"},"modified":"2017-06-08T17:33:27","modified_gmt":"2017-06-08T17:33:27","slug":"4ta-muestra-empresarial-de-marketing","status":"publish","type":"post","link":"https:\/\/www.tuxtla.tecnm.mx\/dcab\/4ta-muestra-empresarial-de-marketing\/","title":{"rendered":"4ta Muestra Empresarial de Marketing"},"content":{"rendered":"<p><span lang=\"ES-TRAD\"><img loading=\"lazy\" decoding=\"async\" class=\" alignleft size-full wp-image-2936\" src=\"http:\/\/wordpress.local\/wp-content\/uploads\/2017\/06\/08junio_expomercadotecnia-01.png\" border=\"0\" width=\"277\" height=\"189\" style=\"float: left;\" \/>Con la presencia de autoridades \u00a0del\u00a0I.T. Tuxtla Guti\u00e9rrez \u00a0del <\/span>del<span style=\"mso-spacerun: yes;\"> <\/span>Tecnol\u00f3gico Nacional de M\u00e9xico, este mi\u00e9rcoles 07 de junio en punto de las 10:00 am dio inicio la 4ta Muestra Empresarial de Marketing en las instalaciones del edificio \u201cA\u201d.<\/p>\n<p>  <!--more-->  <\/p>\n<p>La inauguraci\u00f3n estuvo presidida por el el M.E.H. Jos\u00e9 Luis M\u00e9ndez Navarro, director del instituto, en compa\u00f1\u00eda de el M.C. Jos\u00e9 \u00c1ngel Zepeda Hern\u00e1ndez, Subdirector Acad\u00e9mico \u00a0y la Lic. Lissette Escobar Ram\u00edrez, Jefa del Depto. Econ\u00f3mico \u2013 Administrativo, con la participaci\u00f3n activa de estudiantes y docentes del instituto.<\/p>\n<p class=\"MsoNormal\" style=\"text-align: justify; text-justify: inter-ideograph;\"><span lang=\"ES-TRAD\"> <\/span><\/p>\n<p class=\"MsoNormal\" style=\"text-align: justify; text-justify: inter-ideograph;\"><span lang=\"ES-TRAD\">Organizada por la Mtra. Tania Carpio Reyes docente de IGEM, \u00a0la muestra tiene la finalidad de dar a conocer los prototipos, productos y servicios elaborados por los estudiantes de 5to semestre de Ingenier\u00eda en Gesti\u00f3n Empresarial, con el objetivo de incentivar a los estudiantes a crear proyectos innovadores que a trav\u00e9s de la pr\u00e1ctica, les permita adquirir experiencias apegadas a la realidad, situados en los contextos que abarcan las distintas materias dentro del plan de estudios establecido para dicha carrera. <span style=\"mso-spacerun: yes;\"> <\/span><\/span><\/p>\n<p class=\"MsoNormal\" style=\"text-align: justify; text-justify: inter-ideograph;\"><span lang=\"ES-TRAD\"> <\/span><\/p>\n<p class=\"MsoNormal\" style=\"text-align: justify; text-justify: inter-ideograph;\"><span lang=\"ES-TRAD\">Los proyectos que integraron la muestra son : \u201cMonlife\u201d, \u201cTuxIce\u201d, \u201cTull\u201d,<span style=\"mso-spacerun: yes;\"> <\/span>\u201cKannbal\u201d, Frasamex\u201d y \u201cPyxis\u201d; en entrevista con Alexis Antonio de la Cruz Guti\u00e9rrez del equipo de trabajo de \u201cTull\u201d se\u00f1al\u00f3: \u201c Esta materia y el desarrollo de nuestro proyecto transformo mi vida, de ser un estudiante cotidiano realizando tareas y actividades en el aula, a trabajar en mi profesionalizaci\u00f3n, proyectando nuestros objetivos ya en el<span style=\"mso-spacerun: yes;\"> <\/span>mercado laboral como un gerente o director en una empresa, ahora ha cambiado mi forma de expresarme, de c\u00f3mo vivir; ya no solo estudio si no que tambi\u00e9n trabajo y d\u00eda con d\u00eda aprendo cosas nuevas y me capacito; quisiera invitar a todos mis compa\u00f1eros a que se animen a transformar su vida con un nuevo proyecto, creando,<span style=\"mso-spacerun: yes;\"> <\/span>innovando, por que para alcanzar el \u00e9xito hay que salir de la zona de confort y romper barreras, uno como persona se siente diferente teniendo la ansiedad de comernos al mundo y ser triunfadores. <\/span><\/p>\n<p class=\"MsoNormal\" style=\"text-align: justify; text-justify: inter-ideograph;\"><span lang=\"ES-TRAD\"> <\/span><\/p>\n<p class=\"MsoNormal\" style=\"text-align: justify; text-justify: inter-ideograph;\"><span lang=\"ES-TRAD\">De esta manera el I.T. Tuxtla Guti\u00e9rrez pone a disposici\u00f3n de sus estudiantes, en primera instancia el conocimiento y las mejores pr\u00e1cticas para fomentar la creaci\u00f3n de empresas con la intenci\u00f3n de impulsar en ellos el desarrollo de su talento, el optimismo, las buenas relaciones, su inteligencia emocional, as\u00ed como su capacidad de innovar como de proponer ideas, inst\u00e1ndoles a <span style=\"mso-spacerun: yes;\"> <\/span>emprender proyectos de innovaci\u00f3n empresarial.<\/span><\/p>\n<p class=\"MsoNormal\" style=\"text-align: justify; text-justify: inter-ideograph;\"><span lang=\"ES-TRAD\"> <\/span><\/p>\n<p class=\"MsoNormal\" style=\"text-align: justify; text-justify: inter-ideograph;\">\u00a0<\/p>\n<p class=\"MsoNormal\" style=\"text-align: justify; text-justify: inter-ideograph;\"><span lang=\"ES-TRAD\">\u201cCIENCIA Y TECNOLOG\u00cdA CON SENTIDO HUMANO\u201d<\/span><\/p>\n<p class=\"MsoNormal\" style=\"text-align: justify; text-justify: inter-ideograph;\"><span lang=\"ES-TRAD\">Departamento de Comunicaci\u00f3n y Difusi\u00f3n<\/span><\/p>\n<p class=\"MsoNormal\" style=\"text-align: justify; text-justify: inter-ideograph;\"><span lang=\"ES-TRAD\">Instituto Tecnol\u00f3gico de Tuxtla Guti\u00e9rrez.<\/span><\/p>\n<p>\u00a0<\/p>\n","protected":false},"excerpt":{"rendered":"<p>Con la presencia de autoridades \u00a0del\u00a0I.T. Tuxtla Guti\u00e9rrez \u00a0del del Tecnol\u00f3gico Nacional de M\u00e9xico, este mi\u00e9rcoles 07 de junio en punto de las 10:00 am dio inicio la 4ta Muestra Empresarial de Marketing en las instalaciones del edificio \u201cA\u201d.<\/p>\n<p><a href=\"https:\/\/www.tuxtla.tecnm.mx\/dcab\/4ta-muestra-empresarial-de-marketing\/\"><span class=\"glyphicon glyphicon-arrow-right\"><\/span>&nbsp;Seguir leyendo<\/a><\/p>","protected":false},"author":1,"featured_media":2936,"comment_status":"open","ping_status":"open","sticky":false,"template":"","format":"standard","meta":{"footnotes":""},"categories":[11],"tags":[],"class_list":["post-2937","post","type-post","status-publish","format-standard","has-post-thumbnail","hentry","category-latest-news"],"_links":{"self":[{"href":"https:\/\/www.tuxtla.tecnm.mx\/dcab\/wp-json\/wp\/v2\/posts\/2937","targetHints":{"allow":["GET"]}}],"collection":[{"href":"https:\/\/www.tuxtla.tecnm.mx\/dcab\/wp-json\/wp\/v2\/posts"}],"about":[{"href":"https:\/\/www.tuxtla.tecnm.mx\/dcab\/wp-json\/wp\/v2\/types\/post"}],"author":[{"embeddable":true,"href":"https:\/\/www.tuxtla.tecnm.mx\/dcab\/wp-json\/wp\/v2\/users\/1"}],"replies":[{"embeddable":true,"href":"https:\/\/www.tuxtla.tecnm.mx\/dcab\/wp-json\/wp\/v2\/comments?post=2937"}],"version-history":[{"count":0,"href":"https:\/\/www.tuxtla.tecnm.mx\/dcab\/wp-json\/wp\/v2\/posts\/2937\/revisions"}],"wp:featuredmedia":[{"embeddable":true,"href":"https:\/\/www.tuxtla.tecnm.mx\/dcab\/wp-json\/wp\/v2\/media\/2936"}],"wp:attachment":[{"href":"https:\/\/www.tuxtla.tecnm.mx\/dcab\/wp-json\/wp\/v2\/media?parent=2937"}],"wp:term":[{"taxonomy":"category","embeddable":true,"href":"https:\/\/www.tuxtla.tecnm.mx\/dcab\/wp-json\/wp\/v2\/categories?post=2937"},{"taxonomy":"post_tag","embeddable":true,"href":"https:\/\/www.tuxtla.tecnm.mx\/dcab\/wp-json\/wp\/v2\/tags?post=2937"}],"curies":[{"name":"wp","href":"https:\/\/api.w.org\/{rel}","templated":true}]}}