{"id":2921,"date":"2017-05-31T22:54:37","date_gmt":"2017-05-31T22:54:37","guid":{"rendered":"http:\/\/wordpress.local\/2017\/05\/31\/firma-de-acuerdo-de-colaboracion-con-coparmex-chiapas\/"},"modified":"2017-05-31T22:54:37","modified_gmt":"2017-05-31T22:54:37","slug":"firma-de-acuerdo-de-colaboracion-con-coparmex-chiapas","status":"publish","type":"post","link":"https:\/\/www.tuxtla.tecnm.mx\/dcab\/firma-de-acuerdo-de-colaboracion-con-coparmex-chiapas\/","title":{"rendered":"Firma de acuerdo de colaboraci\u00f3n con COPARMEX Chiapas"},"content":{"rendered":"<p class=\"MsoNormal\"><span style=\"font-size: 12pt;\"><img loading=\"lazy\" decoding=\"async\" class=\" alignleft size-full wp-image-2920\" src=\"http:\/\/wordpress.local\/wp-content\/uploads\/2017\/05\/31_comparmex-01.png\" border=\"0\" width=\"277\" height=\"189\" style=\"float: left;\" \/><\/span><\/p>\n<p \/>La ma\u00f1ana de este 31 de mayo, se llev\u00f3 a cabo la firma de acuerdo de colaboraci\u00f3n con la Confederaci\u00f3n Patronal de la Rep\u00fablica Mexicana (COPARMEX) Chiapas, en la sala de juntas de la direcci\u00f3n del Instituto Tecnol\u00f3gico de Tuxtla Guti\u00e9rrez, con el objetivo de trabajar en conjunto con el desarrollo de proyectos en el \u00e1rea de ingenier\u00eda   <!--more-->  que generen propuestas de innovaci\u00f3n a\u00a0las necesidades de los sectores p\u00fablico, social y privado apoyando el desarrollo econ\u00f3mico y productivo de la regi\u00f3n y del estado.<\/p>\n<p>En la reuni\u00f3n\u00a0estuvieron presentes: el M.E.H. Jos\u00e9 Luis M\u00e9ndez Navarro, director del I.T. Tuxtla Guti\u00e9rrez, en compa\u00f1\u00eda del Lic. Enoch Guti\u00e9rrez Cruz, Presidente de COPARMEX Chiapas, la C.P. Mar\u00eda\u00a0Elidia\u00a0Castellanos Morales, Subdirectora de Servicios Administrativos, el Ing. Rodrigo Ferrer Gonz\u00e1lez, Subdirector de Planeaci\u00f3n y Vinculaci\u00f3n,\u00a0el Dr. Samuel Enciso S\u00e1enz, jefe de departamento de Gesti\u00f3n Tecnol\u00f3gica y Vinculaci\u00f3n, la Lic. Carolina Cueto , encargada del \u00e1rea de servicios externos y la incubadora, el M.C. Miguel Cid del Prado Mart\u00ednez, el Dr. Daniel\u00a0Samayoa\u00a0Penagos as\u00ed como empresarios y estudiantes del instituto que actualmente est\u00e1n trabajando en proyectos colaborativos.<\/p>\n<p class=\"MsoNormal\"><span lang=\"ES-TRAD\"> <\/span><\/p>\n<p class=\"MsoNormal\"><span lang=\"ES-TRAD\">COPARMEX re\u00fane empresarios de todos los sectores, con m\u00e1s de 36 mil empresas socias en todo el pa\u00eds son responsables del 30% del PIB y de 4.8 millones de empleos formales; cuya misi\u00f3n es contribuir al establecimiento de condiciones para la prosperidad de todos los mexicanos que propicien una creciente cohesi\u00f3n social, para que las empresas se desarrollen, multipliquen y cumplan con su funci\u00f3n creadora de empleo y de riqueza con responsabilidad social.<\/span><\/p>\n<p class=\"MsoNormal\"><span lang=\"ES-TRAD\"> <\/span><\/p>\n<p class=\"MsoNormal\"><span lang=\"ES-TRAD\">Por su parte, el presidente de la COPARMEX mencion\u00f3 que actualmente se demandan profesionistas de calidad congruentes con las necesidades que requiere el estado, por lo que es estrat\u00e9gico sumar esfuerzos y generar v\u00ednculos y acciones de colaboraci\u00f3n entre los sectores educativos de nivel superior y productivos, es el caso del Instituto Tecnol\u00f3gico de Tuxtla Guti\u00e9rrez quienes han demostrado ser profesionistas altamente capacitados, competitivos y comprometidos con el entorno, con su profesi\u00f3n y con el medio. <\/span><\/p>\n<p class=\"MsoNormal\"><span lang=\"ES-TRAD\"> <\/span><\/p>\n<p class=\"MsoNormal\"><span lang=\"ES-TRAD\">\u201cDe esta manera estamos enfocando el trabajo de vinculaci\u00f3n para identificar problemas reales y trabajarlos en conjunto,\u00a0propiciando que nuestros estudiantes\u00a0puedan aplicar todos sus conocimientos no solo dentro de la instituci\u00f3n con sus proyectos escolares si no que los repliquen al exterior\u201d puntualiz\u00f3\u00a0 M\u00e9ndez Navarro ante los presentes; \u00a0siendo as\u00ed como el ITTG pone al servicio de la comunidad el conocimiento de sus \u00e1reas, manifestando la disponibilidad de seguir apoyando en materia de desarrollo tecnol\u00f3gico a la entidad para el bien com\u00fan.<\/span><\/p>\n<p class=\"MsoNormal\"><span lang=\"ES-TRAD\"> <\/span><\/p>\n<p class=\"MsoNormal\"><span style=\"font-size: 12pt;\"> <\/span><\/p>\n<p class=\"MsoNormal\" style=\"text-align: justify; text-justify: inter-ideograph;\"><span lang=\"ES-TRAD\">El I.T. Tuxtla Guti\u00e9rrez impulsa el desarrollo profesional de sus estudiantes que les garantice tener un alto desempe\u00f1o en el ambiente laboral, estableciendo alianzas que nos permitan vincular el \u00e1mbito educativo con el empresarial, promoviendo entre nuestros estudiantes un crecimiento integral a trav\u00e9s de la investigaci\u00f3n, el emprendedurismo, la innovaci\u00f3n, la vinculaci\u00f3n, as\u00ed como en la generaci\u00f3n de conocimiento y desarrollo tecnol\u00f3gico.<\/span><\/p>\n<p class=\"MsoNormal\" style=\"text-align: justify; text-justify: inter-ideograph;\">\u00a0<\/p>\n<p class=\"MsoNormal\" style=\"text-align: justify; text-justify: inter-ideograph;\"><span lang=\"ES-TRAD\">\u201cCIENCIA Y TECNOLOG\u00cdA CON SENTIDO HUMANO\u201d<\/span><\/p>\n<p class=\"MsoNormal\" style=\"text-align: justify; text-justify: inter-ideograph;\"><span lang=\"ES-TRAD\">Departamento de Comunicaci\u00f3n y Difusi\u00f3n<\/span><\/p>\n<p class=\"MsoNormal\" style=\"text-align: justify; text-justify: inter-ideograph;\"><span lang=\"ES-TRAD\">Instituto Tecnol\u00f3gico de Tuxtla Guti\u00e9rrez<\/span><\/p>\n<p class=\"MsoNormal\" style=\"text-align: justify; text-justify: inter-ideograph;\">\u00a0<\/p>\n<p class=\"MsoNormal\" style=\"margin-top: 9.75pt; margin-right: 0cm; margin-bottom: 9.75pt; margin-left: 0cm; text-align: justify; text-justify: inter-ideograph; background: white;\"><span style=\"font-size: 10.0pt; font-family: \"> <\/span><\/p>\n","protected":false},"excerpt":{"rendered":"<p>La ma\u00f1ana de este 31 de mayo, se llev\u00f3 a cabo la firma de acuerdo de colaboraci\u00f3n con la Confederaci\u00f3n Patronal de la Rep\u00fablica Mexicana (COPARMEX) Chiapas, en la sala de juntas de la direcci\u00f3n del Instituto Tecnol\u00f3gico de Tuxtla Guti\u00e9rrez, con el objetivo de trabajar en conjunto con el desarrollo de proyectos en el&#8230;<\/p>\n<p><a href=\"https:\/\/www.tuxtla.tecnm.mx\/dcab\/firma-de-acuerdo-de-colaboracion-con-coparmex-chiapas\/\"><span class=\"glyphicon glyphicon-arrow-right\"><\/span>&nbsp;Seguir leyendo<\/a><\/p>","protected":false},"author":1,"featured_media":2920,"comment_status":"open","ping_status":"open","sticky":false,"template":"","format":"standard","meta":{"footnotes":""},"categories":[11],"tags":[],"class_list":["post-2921","post","type-post","status-publish","format-standard","has-post-thumbnail","hentry","category-latest-news"],"_links":{"self":[{"href":"https:\/\/www.tuxtla.tecnm.mx\/dcab\/wp-json\/wp\/v2\/posts\/2921","targetHints":{"allow":["GET"]}}],"collection":[{"href":"https:\/\/www.tuxtla.tecnm.mx\/dcab\/wp-json\/wp\/v2\/posts"}],"about":[{"href":"https:\/\/www.tuxtla.tecnm.mx\/dcab\/wp-json\/wp\/v2\/types\/post"}],"author":[{"embeddable":true,"href":"https:\/\/www.tuxtla.tecnm.mx\/dcab\/wp-json\/wp\/v2\/users\/1"}],"replies":[{"embeddable":true,"href":"https:\/\/www.tuxtla.tecnm.mx\/dcab\/wp-json\/wp\/v2\/comments?post=2921"}],"version-history":[{"count":0,"href":"https:\/\/www.tuxtla.tecnm.mx\/dcab\/wp-json\/wp\/v2\/posts\/2921\/revisions"}],"wp:featuredmedia":[{"embeddable":true,"href":"https:\/\/www.tuxtla.tecnm.mx\/dcab\/wp-json\/wp\/v2\/media\/2920"}],"wp:attachment":[{"href":"https:\/\/www.tuxtla.tecnm.mx\/dcab\/wp-json\/wp\/v2\/media?parent=2921"}],"wp:term":[{"taxonomy":"category","embeddable":true,"href":"https:\/\/www.tuxtla.tecnm.mx\/dcab\/wp-json\/wp\/v2\/categories?post=2921"},{"taxonomy":"post_tag","embeddable":true,"href":"https:\/\/www.tuxtla.tecnm.mx\/dcab\/wp-json\/wp\/v2\/tags?post=2921"}],"curies":[{"name":"wp","href":"https:\/\/api.w.org\/{rel}","templated":true}]}}