{"id":2839,"date":"2017-04-04T17:44:48","date_gmt":"2017-04-04T17:44:48","guid":{"rendered":"http:\/\/wordpress.local\/2017\/04\/04\/premio-nacional-de-ciencias-2017\/"},"modified":"2017-04-04T17:44:48","modified_gmt":"2017-04-04T17:44:48","slug":"premio-nacional-de-ciencias-2017","status":"publish","type":"post","link":"https:\/\/www.tuxtla.tecnm.mx\/dcab\/premio-nacional-de-ciencias-2017\/","title":{"rendered":"Premio Nacional de Ciencias 2017"},"content":{"rendered":"<p class=\"MsoNormal\" style=\"mso-margin-top-alt: auto; mso-margin-bottom-alt: auto; text-align: center; line-height: normal; mso-outline-level: 2;\" align=\"center\"><strong><span style=\"text-decoration: underline;\"><span style=\"font-size: 18.0pt; font-family: \">TecNM<\/span><\/span><\/strong><strong><span style=\"font-size: 18.0pt; font-family: \"> <\/span><\/strong><\/p>\n<p class=\"MsoNormal\" style=\"mso-margin-top-alt: auto; mso-margin-bottom-alt: auto; text-align: center; line-height: normal; mso-outline-level: 1;\" align=\"center\"><strong><span style=\"font-size: 10.0pt; font-family: \">Premio Nacional de Ciencias 2017<\/span><\/strong><\/p>\n<p class=\"MsoNormal\" style=\"mso-margin-top-alt: auto; mso-margin-bottom-alt: auto; line-height: normal; mso-outline-level: 2;\"><strong><span style=\"font-size: 10.0pt; font-family: \">La Secretar\u00eda de Educaci\u00f3n P\u00fablica convoca instituciones y agrupaciones a presentar candidatos para ser galardonados con el Premio Nacional de Ciencias 2017<\/span><\/strong><\/p>\n<p class=\"MsoNormal\" style=\"mso-margin-top-alt: auto; mso-margin-bottom-alt: auto; line-height: normal; mso-outline-level: 2;\"><strong><span style=\"font-size: 10.0pt; font-family: \">Con este galard\u00f3n se reconoce a quienes, por sus producciones y trabajos docentes, de investigaci\u00f3n o de divulgaci\u00f3n, han contribuido al progreso de la ciencia, la tecnolog\u00eda y la innovaci\u00f3n en las categor\u00edas de Ciencias F\u00edsico Matem\u00e1ticas y Tecnolog\u00eda, Innovaci\u00f3n y Dise\u00f1o.<\/p>\n<p> Las candidaturas \u00fanicamente podr\u00e1n ser propuestas por las instituciones o agrupaciones que se encuentren dentro de la lista que formule y publique el Consejo de Premiaci\u00f3n, y solo ser\u00e1n consideradas las candidaturas que completen el registro en l\u00ednea, a m\u00e1s tardar al 7 de agosto de 2017, fecha en que cierra la convocatoria.<\/span><\/strong><\/p>\n<p class=\"MsoNormal\" style=\"mso-margin-top-alt: auto; mso-margin-bottom-alt: auto; text-align: justify; line-height: normal; mso-outline-level: 2;\"><strong><span style=\"font-size: 10.0pt; font-family: \"><a href=\"http:\/\/www.gob.mx\/cms\/uploads\/attachment\/file\/204790\/Relacio_n_Instituciones-_Premio_Nacional_de_Ciencias_2017.pdf\"><span style=\"color: blue;\">Conoce la lista de instituciones<\/span><\/a><\/span><\/strong><\/p>\n<p class=\"MsoNormal\" style=\"mso-margin-top-alt: auto; mso-margin-bottom-alt: auto; text-align: justify; line-height: normal; mso-outline-level: 2;\"><strong><span style=\"font-size: 10.0pt; font-family: \"><a href=\"http:\/\/www.gob.mx\/cms\/uploads\/attachment\/file\/204791\/Convocatoria_Premio_Nacional_de_Ciencias_2017.pdf\"><span style=\"color: blue;\">Tambi\u00e9n, te invitamos a consultar la convocatoria completa del Premio Nacional de Ciencias 2017.<\/span><\/a><\/span><\/strong><\/p>\n<p>\u00a0<\/p>\n","protected":false},"excerpt":{"rendered":"<p>TecNM Premio Nacional de Ciencias 2017 La Secretar\u00eda de Educaci\u00f3n P\u00fablica convoca instituciones y agrupaciones a presentar candidatos para ser galardonados con el Premio Nacional de Ciencias 2017 Con este galard\u00f3n se reconoce a quienes, por sus producciones y trabajos docentes, de investigaci\u00f3n o de divulgaci\u00f3n, han contribuido al progreso de la ciencia, la tecnolog\u00eda&#8230;<\/p>\n<p><a href=\"https:\/\/www.tuxtla.tecnm.mx\/dcab\/premio-nacional-de-ciencias-2017\/\"><span class=\"glyphicon glyphicon-arrow-right\"><\/span>&nbsp;Seguir leyendo<\/a><\/p>","protected":false},"author":1,"featured_media":0,"comment_status":"open","ping_status":"open","sticky":false,"template":"","format":"standard","meta":{"footnotes":""},"categories":[27],"tags":[],"class_list":["post-2839","post","type-post","status-publish","format-standard","hentry","category-convocatorias-convocatorias"],"_links":{"self":[{"href":"https:\/\/www.tuxtla.tecnm.mx\/dcab\/wp-json\/wp\/v2\/posts\/2839","targetHints":{"allow":["GET"]}}],"collection":[{"href":"https:\/\/www.tuxtla.tecnm.mx\/dcab\/wp-json\/wp\/v2\/posts"}],"about":[{"href":"https:\/\/www.tuxtla.tecnm.mx\/dcab\/wp-json\/wp\/v2\/types\/post"}],"author":[{"embeddable":true,"href":"https:\/\/www.tuxtla.tecnm.mx\/dcab\/wp-json\/wp\/v2\/users\/1"}],"replies":[{"embeddable":true,"href":"https:\/\/www.tuxtla.tecnm.mx\/dcab\/wp-json\/wp\/v2\/comments?post=2839"}],"version-history":[{"count":0,"href":"https:\/\/www.tuxtla.tecnm.mx\/dcab\/wp-json\/wp\/v2\/posts\/2839\/revisions"}],"wp:attachment":[{"href":"https:\/\/www.tuxtla.tecnm.mx\/dcab\/wp-json\/wp\/v2\/media?parent=2839"}],"wp:term":[{"taxonomy":"category","embeddable":true,"href":"https:\/\/www.tuxtla.tecnm.mx\/dcab\/wp-json\/wp\/v2\/categories?post=2839"},{"taxonomy":"post_tag","embeddable":true,"href":"https:\/\/www.tuxtla.tecnm.mx\/dcab\/wp-json\/wp\/v2\/tags?post=2839"}],"curies":[{"name":"wp","href":"https:\/\/api.w.org\/{rel}","templated":true}]}}