{"id":2749,"date":"2017-02-16T00:27:17","date_gmt":"2017-02-16T00:27:17","guid":{"rendered":"http:\/\/wordpress.local\/2017\/02\/16\/encuesta-nacional-conricyt\/"},"modified":"2017-02-16T00:27:17","modified_gmt":"2017-02-16T00:27:17","slug":"encuesta-nacional-conricyt","status":"publish","type":"post","link":"https:\/\/www.tuxtla.tecnm.mx\/dcab\/encuesta-nacional-conricyt\/","title":{"rendered":"Encuesta Nacional CONRICYT"},"content":{"rendered":"<p><img loading=\"lazy\" decoding=\"async\" class=\" alignleft size-full wp-image-2748\" src=\"http:\/\/wordpress.local\/wp-content\/uploads\/2017\/02\/noticias-conrycit.jpg\" border=\"0\" style=\"float: left;\" width=\"290\" height=\"195\" \/><\/p>\n<p style=\"text-align: justify;\"><strong>Ciudad de M\u00e9xico, 15 de febrero de 2017. TecNM\/DCD. <\/strong>El  Consorcio Nacional de Recursos de Informaci\u00f3n Cient\u00edfica y Tecnol\u00f3gica  (CONRICYT), informa que el periodo para la aplicaci\u00f3n de la Encuesta  Nacional CONRICYT 2016 concluir\u00e1 el pr\u00f3ximo 28 de febrero.<\/p>\n<p style=\"text-align: justify;\" \/>  <!--more-->  <\/p>\n<p style=\"text-align: justify;\">Dicha encuesta tiene como objetivo  acopiar evidencia sobre una muestra significativa que permita  cuantificar el impacto del consorcio en una perspectiva complementaria a  la producci\u00f3n cient\u00edfica. Est\u00e1 dirigida a investigadores, acad\u00e9micos,  estudiantes de pre y posgrado, as\u00ed como a los directores de bibliotecas y  bibliotecarios en general.<\/p>\n<p style=\"text-align: justify;\">Al acceder a la Encuesta Nacional  CONRICYT, deber\u00e1n seleccionar la Instituci\u00f3n\/Subsistema a la cual  pertenecen; elegir su perfil y enseguida dar clic en \u201cIr a la Encuesta\u201d,  para poder responderla.<\/p>\n<p style=\"text-align: justify;\">Se recomienda utilizar los exploradores: Google Chrome, Mozilla Firefox o Safari.<\/p>\n<p style=\"text-align: justify;\">La encuesta es completamente  independiente de los servicios inform\u00e1ticos del Tecnol\u00f3gico Nacional de  M\u00e9xico (TecNM). La fecha l\u00edmite para contestarla es el pr\u00f3ximo 28 de  febrero.<\/p>\n<p style=\"text-align: justify;\">Para mayor informaci\u00f3n, comunicarse al  \u00e1rea de Comunicaci\u00f3n y Difusi\u00f3n del CONRICYT, al n\u00famero de Tel\u00e9fono:  5322 7700 extensi\u00f3n 4025, o enviar un correo electr\u00f3nico a   <a href=\"mailto:comunicacion.conricyt@gmail.com\"> <\/a> <a href=\"mailto:comunicacion.conricyt@gmail.com\">comunicacion.conricyt@gmail.com<\/a><\/p>\n<p style=\"text-align: justify;\">Ingresa a la encuesta en: <a href=\"http:\/\/www.conricyt.mx\/encuesta.php\"> <\/a><a href=\"http:\/\/www.conricyt.mx\/encuesta.php\">http:\/\/www.conricyt.mx\/encuesta.php<\/a><\/p>\n","protected":false},"excerpt":{"rendered":"<p>Ciudad de M\u00e9xico, 15 de febrero de 2017. TecNM\/DCD. El Consorcio Nacional de Recursos de Informaci\u00f3n Cient\u00edfica y Tecnol\u00f3gica (CONRICYT), informa que el periodo para la aplicaci\u00f3n de la Encuesta Nacional CONRICYT 2016 concluir\u00e1 el pr\u00f3ximo 28 de febrero.<\/p>\n<p><a href=\"https:\/\/www.tuxtla.tecnm.mx\/dcab\/encuesta-nacional-conricyt\/\"><span class=\"glyphicon glyphicon-arrow-right\"><\/span>&nbsp;Seguir leyendo<\/a><\/p>","protected":false},"author":1,"featured_media":2748,"comment_status":"open","ping_status":"open","sticky":false,"template":"","format":"standard","meta":{"footnotes":""},"categories":[11],"tags":[],"class_list":["post-2749","post","type-post","status-publish","format-standard","has-post-thumbnail","hentry","category-latest-news"],"_links":{"self":[{"href":"https:\/\/www.tuxtla.tecnm.mx\/dcab\/wp-json\/wp\/v2\/posts\/2749","targetHints":{"allow":["GET"]}}],"collection":[{"href":"https:\/\/www.tuxtla.tecnm.mx\/dcab\/wp-json\/wp\/v2\/posts"}],"about":[{"href":"https:\/\/www.tuxtla.tecnm.mx\/dcab\/wp-json\/wp\/v2\/types\/post"}],"author":[{"embeddable":true,"href":"https:\/\/www.tuxtla.tecnm.mx\/dcab\/wp-json\/wp\/v2\/users\/1"}],"replies":[{"embeddable":true,"href":"https:\/\/www.tuxtla.tecnm.mx\/dcab\/wp-json\/wp\/v2\/comments?post=2749"}],"version-history":[{"count":0,"href":"https:\/\/www.tuxtla.tecnm.mx\/dcab\/wp-json\/wp\/v2\/posts\/2749\/revisions"}],"wp:featuredmedia":[{"embeddable":true,"href":"https:\/\/www.tuxtla.tecnm.mx\/dcab\/wp-json\/wp\/v2\/media\/2748"}],"wp:attachment":[{"href":"https:\/\/www.tuxtla.tecnm.mx\/dcab\/wp-json\/wp\/v2\/media?parent=2749"}],"wp:term":[{"taxonomy":"category","embeddable":true,"href":"https:\/\/www.tuxtla.tecnm.mx\/dcab\/wp-json\/wp\/v2\/categories?post=2749"},{"taxonomy":"post_tag","embeddable":true,"href":"https:\/\/www.tuxtla.tecnm.mx\/dcab\/wp-json\/wp\/v2\/tags?post=2749"}],"curies":[{"name":"wp","href":"https:\/\/api.w.org\/{rel}","templated":true}]}}