{"id":2743,"date":"2017-02-09T18:09:31","date_gmt":"2017-02-09T18:09:31","guid":{"rendered":"http:\/\/wordpress.local\/2017\/02\/09\/imparten-platica-para-prevenir-el-cancer\/"},"modified":"2017-02-09T18:09:31","modified_gmt":"2017-02-09T18:09:31","slug":"imparten-platica-para-prevenir-el-cancer","status":"publish","type":"post","link":"https:\/\/www.tuxtla.tecnm.mx\/dcab\/imparten-platica-para-prevenir-el-cancer\/","title":{"rendered":"Imparten pl\u00e1tica para prevenir el c\u00e1ncer"},"content":{"rendered":"<p><span style=\"font-size: 10pt;\"><img loading=\"lazy\" decoding=\"async\" class=\" alignleft size-full wp-image-2742\" src=\"http:\/\/wordpress.local\/wp-content\/uploads\/2017\/02\/06defebrero_cancer-01.png\" border=\"0\" width=\"277\" height=\"189\" style=\"float: left;\" \/>En el marco del D\u00eda Internacional de la lucha <\/span><span style=\"font-size: 13.3333px;\">contra<\/span><span style=\"font-size: 13.3333px;\"> <\/span><span style=\"font-size: 10pt;\">el c\u00e1ncer y por iniciativa del departamento de Actividades Extraescolares, en el Instituto Tecnol\u00f3gico de Tuxtla Guti\u00e9rrez, se llev\u00f3 a cabo la conferencia \u201cPormenores del C\u00e1ncer en M\u00e9xico\u201d, impartida por las doctoras Carmen del Roc\u00edo V\u00e1zquez Molina y Karmina D\u00edaz Selvas, el d\u00eda viernes 3 de febrero 2017, en dos horario de 11:00-12:00<\/span><span style=\"mso-spacerun: yes;\"> <\/span><span style=\"font-size: 10pt;\">y 17:00 -18:00 horas, en la sala audiovisual del edificio \u201cI\u201d.<\/span><\/p>\n<p>  <!--more-->  <\/p>\n<p><span style=\"font-size: 10pt;\">La inauguraci\u00f3n estuvo a cargo de Lic. An\u00edbal L\u00f3pez Zamorano, Coordinador Cultural del Instituto, quien dirigi\u00f3 unas palabras<\/span><span style=\"mso-spacerun: yes;\"> <\/span><span style=\"font-size: 10pt;\">al inicio del evento donde puntualiz\u00f3 la importancia de prevenir esta enfermedad y crear conciencia sobre la importancia de la prevenci\u00f3n; <\/span><span style=\"mso-spacerun: yes;\"> <\/span><span style=\"font-size: 10pt;\">a las conferencias asistieron tanto personal acad\u00e9mico y administrativo, as\u00ed como alumnos de las distintas carreras de nivel: licenciatura, maestr\u00eda y posgrado.<\/span><\/p>\n<p class=\"MsoNormal\" style=\"mso-margin-top-alt: auto; mso-margin-bottom-alt: auto; text-align: justify; line-height: normal;\"><span style=\"font-size: 10.0pt; font-family: \" lang=\"ES-TRAD\">Durante la charla se habl\u00f3 sobre la situaci\u00f3n actual en M\u00e9xico y los esfuerzos que realiza el sector salud para la oportuna detecci\u00f3n y tratamiento de esta enfermedad que afecta en su mayor\u00eda al sexo femenino.<\/span><\/p>\n<p class=\"MsoNormal\" style=\"mso-margin-top-alt: auto; mso-margin-bottom-alt: auto; text-align: justify; line-height: normal;\"><span style=\"font-size: 10.0pt; font-family: \" lang=\"ES-TRAD\">Las doctoras recalcaron la importancia de la autoexploraci\u00f3n y<span style=\"mso-spacerun: yes;\"> <\/span>de realizar estudios complementarios para una detecci\u00f3n temprana de este padecimiento.<\/span><\/p>\n<p class=\"MsoNormal\" style=\"mso-margin-top-alt: auto; mso-margin-bottom-alt: auto; text-align: justify; line-height: normal;\"><span style=\"font-size: 10.0pt; font-family: \" lang=\"ES-TRAD\">Refiri\u00e9ndose a los factores de riesgo, puntualiz\u00f3 que el estilo de vida es determinante; una alimentaci\u00f3n sana, no fumar, beber alcohol moderadamente, son s\u00f3lo algunos de los h\u00e1bitos que se tienen que adquirir para prevenir no s\u00f3lo el c\u00e1ncer, sino cualquier otra enfermedad.<\/span><\/p>\n<p class=\"MsoNoSpacing\" style=\"text-align: justify;\"><span style=\"font-size: 10.0pt; font-family: \" lang=\"ES-TRAD\">\u201cCIENCIA Y TECNOLOG\u00cdA CON SENTIDO HUMANO\u201d<\/span><span style=\"font-size: 10.0pt; font-family: \"> <\/span><\/p>\n<p class=\"MsoNoSpacing\" style=\"text-align: justify;\"><span style=\"font-size: 10.0pt; font-family: \" lang=\"ES-TRAD\">Instituto Tecnol\u00f3gico de Tuxtla Guti\u00e9rrez<\/span><\/p>\n<p class=\"MsoNoSpacing\" style=\"text-align: justify;\"><span style=\"font-size: 10.0pt; font-family: \">Departamento de Comunicaci\u00f3n y Difusi\u00f3n<\/span><\/p>\n<p class=\"MsoNormal\"><span style=\"font-size: 9.0pt; mso-bidi-font-size: 11.0pt; line-height: 107%;\"> <\/span><\/p>\n<p>\u00a0<\/p>\n","protected":false},"excerpt":{"rendered":"<p>En el marco del D\u00eda Internacional de la lucha contra el c\u00e1ncer y por iniciativa del departamento de Actividades Extraescolares, en el Instituto Tecnol\u00f3gico de Tuxtla Guti\u00e9rrez, se llev\u00f3 a cabo la conferencia \u201cPormenores del C\u00e1ncer en M\u00e9xico\u201d, impartida por las doctoras Carmen del Roc\u00edo V\u00e1zquez Molina y Karmina D\u00edaz Selvas, el d\u00eda viernes 3&#8230;<\/p>\n<p><a href=\"https:\/\/www.tuxtla.tecnm.mx\/dcab\/imparten-platica-para-prevenir-el-cancer\/\"><span class=\"glyphicon glyphicon-arrow-right\"><\/span>&nbsp;Seguir leyendo<\/a><\/p>","protected":false},"author":1,"featured_media":2742,"comment_status":"open","ping_status":"open","sticky":false,"template":"","format":"standard","meta":{"footnotes":""},"categories":[11],"tags":[],"class_list":["post-2743","post","type-post","status-publish","format-standard","has-post-thumbnail","hentry","category-latest-news"],"_links":{"self":[{"href":"https:\/\/www.tuxtla.tecnm.mx\/dcab\/wp-json\/wp\/v2\/posts\/2743","targetHints":{"allow":["GET"]}}],"collection":[{"href":"https:\/\/www.tuxtla.tecnm.mx\/dcab\/wp-json\/wp\/v2\/posts"}],"about":[{"href":"https:\/\/www.tuxtla.tecnm.mx\/dcab\/wp-json\/wp\/v2\/types\/post"}],"author":[{"embeddable":true,"href":"https:\/\/www.tuxtla.tecnm.mx\/dcab\/wp-json\/wp\/v2\/users\/1"}],"replies":[{"embeddable":true,"href":"https:\/\/www.tuxtla.tecnm.mx\/dcab\/wp-json\/wp\/v2\/comments?post=2743"}],"version-history":[{"count":0,"href":"https:\/\/www.tuxtla.tecnm.mx\/dcab\/wp-json\/wp\/v2\/posts\/2743\/revisions"}],"wp:featuredmedia":[{"embeddable":true,"href":"https:\/\/www.tuxtla.tecnm.mx\/dcab\/wp-json\/wp\/v2\/media\/2742"}],"wp:attachment":[{"href":"https:\/\/www.tuxtla.tecnm.mx\/dcab\/wp-json\/wp\/v2\/media?parent=2743"}],"wp:term":[{"taxonomy":"category","embeddable":true,"href":"https:\/\/www.tuxtla.tecnm.mx\/dcab\/wp-json\/wp\/v2\/categories?post=2743"},{"taxonomy":"post_tag","embeddable":true,"href":"https:\/\/www.tuxtla.tecnm.mx\/dcab\/wp-json\/wp\/v2\/tags?post=2743"}],"curies":[{"name":"wp","href":"https:\/\/api.w.org\/{rel}","templated":true}]}}