{"id":2723,"date":"2017-02-03T17:44:01","date_gmt":"2017-02-03T17:44:01","guid":{"rendered":"http:\/\/wordpress.local\/2017\/02\/03\/verano-de-la-investigacion-cientifica-amc-2017\/"},"modified":"2017-02-03T17:44:01","modified_gmt":"2017-02-03T17:44:01","slug":"verano-de-la-investigacion-cientifica-amc-2017","status":"publish","type":"post","link":"https:\/\/www.tuxtla.tecnm.mx\/dcab\/verano-de-la-investigacion-cientifica-amc-2017\/","title":{"rendered":"Verano de la Investigaci\u00f3n Cient\u00edfica AMC 2017"},"content":{"rendered":"<ul>\n<li style=\"line-height: 21px;\"> Verano de la Investigaci\u00f3n Cient\u00edfica AMC 2017 <strong><\/strong><\/li>\n<li style=\"line-height: 21px;\"><strong><a href=\"http:\/\/amc.edu.mx\/amc\/images\/CartelXXVIIVerano.jpg\" target=\"_blank\" rel=\"alternate\">Cartel XXVII Verano de la Investigaci\u00f3n Cient\u00edfica 2017<\/a><\/strong><\/li>\n<li style=\"line-height: 21px;\"><strong><a href=\"http:\/\/amc.edu.mx\/amc\/images\/BasesVerano2017.pdf\" target=\"_blank\" rel=\"alternate\">Bases para participar 2017<\/a><br \/><\/strong><\/li>\n<li style=\"line-height: 21px;\"><strong><a href=\"http:\/\/amc.edu.mx\/amc\/images\/Preguntas_frecuentes.pdf\" target=\"_blank\" rel=\"alternate\">Preguntas frecuentes<\/a> <\/strong>(estas se continuar\u00e1n actualizando a lo largo del proceso del registro y estancia del XXVII Verano)<\/li>\n<li style=\"line-height: 21px;\"><strong><a href=\"http:\/\/amc.edu.mx\/verano17\/registroalumnos\/Registro_add.php\" target=\"_blank\" rel=\"alternate\">Registro de solicitud para estudiantes<\/a><\/strong><\/li>\n<li style=\"line-height: 21px;\"><a href=\"http:\/\/amc.edu.mx\/amc\/images\/DIRECOORD2017.pdf\" target=\"_blank\" rel=\"alternate\">Directorio de Coordinadores Estatales<\/a><\/li>\n<li style=\"line-height: 21px;\"><img loading=\"lazy\" decoding=\"async\" class=\" size-full wp-image-2722\" src=\"http:\/\/wordpress.local\/wp-content\/uploads\/2017\/02\/cartelxxviiverano.jpg\" border=\"0\" width=\"547\" height=\"851\" srcset=\"https:\/\/www.tuxtla.tecnm.mx\/dcab\/wp-content\/uploads\/2017\/02\/cartelxxviiverano.jpg 825w, https:\/\/www.tuxtla.tecnm.mx\/dcab\/wp-content\/uploads\/2017\/02\/cartelxxviiverano-193x300.jpg 193w, https:\/\/www.tuxtla.tecnm.mx\/dcab\/wp-content\/uploads\/2017\/02\/cartelxxviiverano-768x1195.jpg 768w, https:\/\/www.tuxtla.tecnm.mx\/dcab\/wp-content\/uploads\/2017\/02\/cartelxxviiverano-658x1024.jpg 658w\" sizes=\"auto, (max-width: 547px) 100vw, 547px\" \/><\/li>\n<\/ul>\n","protected":false},"excerpt":{"rendered":"<p>Verano de la Investigaci\u00f3n Cient\u00edfica AMC 2017 Cartel XXVII Verano de la Investigaci\u00f3n Cient\u00edfica 2017 Bases para participar 2017 Preguntas frecuentes (estas se continuar\u00e1n actualizando a lo largo del proceso del registro y estancia del XXVII Verano) Registro de solicitud para estudiantes Directorio de Coordinadores Estatales<\/p>\n<p><a href=\"https:\/\/www.tuxtla.tecnm.mx\/dcab\/verano-de-la-investigacion-cientifica-amc-2017\/\"><span class=\"glyphicon glyphicon-arrow-right\"><\/span>&nbsp;Seguir leyendo<\/a><\/p>","protected":false},"author":1,"featured_media":2722,"comment_status":"open","ping_status":"open","sticky":false,"template":"","format":"standard","meta":{"footnotes":""},"categories":[27],"tags":[],"class_list":["post-2723","post","type-post","status-publish","format-standard","has-post-thumbnail","hentry","category-convocatorias-convocatorias"],"_links":{"self":[{"href":"https:\/\/www.tuxtla.tecnm.mx\/dcab\/wp-json\/wp\/v2\/posts\/2723","targetHints":{"allow":["GET"]}}],"collection":[{"href":"https:\/\/www.tuxtla.tecnm.mx\/dcab\/wp-json\/wp\/v2\/posts"}],"about":[{"href":"https:\/\/www.tuxtla.tecnm.mx\/dcab\/wp-json\/wp\/v2\/types\/post"}],"author":[{"embeddable":true,"href":"https:\/\/www.tuxtla.tecnm.mx\/dcab\/wp-json\/wp\/v2\/users\/1"}],"replies":[{"embeddable":true,"href":"https:\/\/www.tuxtla.tecnm.mx\/dcab\/wp-json\/wp\/v2\/comments?post=2723"}],"version-history":[{"count":0,"href":"https:\/\/www.tuxtla.tecnm.mx\/dcab\/wp-json\/wp\/v2\/posts\/2723\/revisions"}],"wp:featuredmedia":[{"embeddable":true,"href":"https:\/\/www.tuxtla.tecnm.mx\/dcab\/wp-json\/wp\/v2\/media\/2722"}],"wp:attachment":[{"href":"https:\/\/www.tuxtla.tecnm.mx\/dcab\/wp-json\/wp\/v2\/media?parent=2723"}],"wp:term":[{"taxonomy":"category","embeddable":true,"href":"https:\/\/www.tuxtla.tecnm.mx\/dcab\/wp-json\/wp\/v2\/categories?post=2723"},{"taxonomy":"post_tag","embeddable":true,"href":"https:\/\/www.tuxtla.tecnm.mx\/dcab\/wp-json\/wp\/v2\/tags?post=2723"}],"curies":[{"name":"wp","href":"https:\/\/api.w.org\/{rel}","templated":true}]}}