{"id":2695,"date":"2017-01-24T22:55:12","date_gmt":"2017-01-24T22:55:12","guid":{"rendered":"http:\/\/wordpress.local\/2017\/01\/24\/verano-de-estancias-cientificas-y-tecnologicas-2017\/"},"modified":"2017-01-24T22:55:12","modified_gmt":"2017-01-24T22:55:12","slug":"verano-de-estancias-cientificas-y-tecnologicas-2017","status":"publish","type":"post","link":"https:\/\/www.tuxtla.tecnm.mx\/dcab\/verano-de-estancias-cientificas-y-tecnologicas-2017\/","title":{"rendered":"Verano de Estancias Cient\u00edficas y Tecnol\u00f3gicas 2017"},"content":{"rendered":"<p>El Gobierno del Estado de Chiapas y el Consejo Nacional de Ciencia y  Tecnolog\u00eda a trav\u00e9s del Consejo de Ciencia y Tecnolog\u00eda del Estado de  Chiapas, con el prop\u00f3sito de fomentar las vocaciones cient\u00edficas y  tecnol\u00f3gicas, as\u00ed como el inter\u00e9s por los estudios de posgrado  orientados a la investigaci\u00f3n cient\u00edfica y al desarrollo tecnol\u00f3gico<\/p>\n<h3>Convoca a<\/h3>\n<p>A estudiantes inscritos en Instituciones de Educaci\u00f3n Superior del  Estado de Chiapas, que hayan concluido el 50% de los cr\u00e9ditos  acad\u00e9micos, a realizar estancias de investigaci\u00f3n o pr\u00e1cticas  profesionales en Instituciones de Educaci\u00f3n Superior, Centros de  Investigaci\u00f3n o Empresas en el interior de la Rep\u00fablica Mexicana en el  marco del Programa<\/p>\n<h3>Verano de Estancias Cient\u00edficas y Tecnol\u00f3gicas 2017<\/h3>\n<h4 class=\"post-lead\">Calendario:<\/h4>\n<ul>\n<li>Recepci\u00f3n de solicitudes: Hasta el 17 de marzo de 2017<\/li>\n<li>Publicaci\u00f3n de resultados: A partir del 17 de mayo de 2017<\/li>\n<\/ul>\n<h4 class=\"post-lead\">Convocatoria:<\/h4>\n<ul>\n<li><a href=\"http:\/\/cocytech.gob.mx\/media\/convocatorias\/2017\/estancias-de-verano-2017.pdf\">Convocatoria (Archivo PDF, Tama\u00f1o: 1.9 Mb)<\/a><\/li>\n<li><a href=\"http:\/\/plataforma.cocytech.gob.mx\">Plataforma de Servicios para el registro de solicitudes<\/a><\/li>\n<\/ul>\n","protected":false},"excerpt":{"rendered":"<p>El Gobierno del Estado de Chiapas y el Consejo Nacional de Ciencia y Tecnolog\u00eda a trav\u00e9s del Consejo de Ciencia y Tecnolog\u00eda del Estado de Chiapas, con el prop\u00f3sito de fomentar las vocaciones cient\u00edficas y tecnol\u00f3gicas, as\u00ed como el inter\u00e9s por los estudios de posgrado orientados a la investigaci\u00f3n cient\u00edfica y al desarrollo tecnol\u00f3gico Convoca&#8230;<\/p>\n<p><a href=\"https:\/\/www.tuxtla.tecnm.mx\/dcab\/verano-de-estancias-cientificas-y-tecnologicas-2017\/\"><span class=\"glyphicon glyphicon-arrow-right\"><\/span>&nbsp;Seguir leyendo<\/a><\/p>","protected":false},"author":1,"featured_media":0,"comment_status":"open","ping_status":"open","sticky":false,"template":"","format":"standard","meta":{"footnotes":""},"categories":[11],"tags":[],"class_list":["post-2695","post","type-post","status-publish","format-standard","hentry","category-latest-news"],"_links":{"self":[{"href":"https:\/\/www.tuxtla.tecnm.mx\/dcab\/wp-json\/wp\/v2\/posts\/2695","targetHints":{"allow":["GET"]}}],"collection":[{"href":"https:\/\/www.tuxtla.tecnm.mx\/dcab\/wp-json\/wp\/v2\/posts"}],"about":[{"href":"https:\/\/www.tuxtla.tecnm.mx\/dcab\/wp-json\/wp\/v2\/types\/post"}],"author":[{"embeddable":true,"href":"https:\/\/www.tuxtla.tecnm.mx\/dcab\/wp-json\/wp\/v2\/users\/1"}],"replies":[{"embeddable":true,"href":"https:\/\/www.tuxtla.tecnm.mx\/dcab\/wp-json\/wp\/v2\/comments?post=2695"}],"version-history":[{"count":0,"href":"https:\/\/www.tuxtla.tecnm.mx\/dcab\/wp-json\/wp\/v2\/posts\/2695\/revisions"}],"wp:attachment":[{"href":"https:\/\/www.tuxtla.tecnm.mx\/dcab\/wp-json\/wp\/v2\/media?parent=2695"}],"wp:term":[{"taxonomy":"category","embeddable":true,"href":"https:\/\/www.tuxtla.tecnm.mx\/dcab\/wp-json\/wp\/v2\/categories?post=2695"},{"taxonomy":"post_tag","embeddable":true,"href":"https:\/\/www.tuxtla.tecnm.mx\/dcab\/wp-json\/wp\/v2\/tags?post=2695"}],"curies":[{"name":"wp","href":"https:\/\/api.w.org\/{rel}","templated":true}]}}