{"id":2659,"date":"2016-12-14T23:12:01","date_gmt":"2016-12-14T23:12:01","guid":{"rendered":"http:\/\/wordpress.local\/2016\/12\/14\/exposicion-de-proyectos-de-ingenieria-en-gestion-empresarial\/"},"modified":"2016-12-14T23:12:01","modified_gmt":"2016-12-14T23:12:01","slug":"exposicion-de-proyectos-de-ingenieria-en-gestion-empresarial","status":"publish","type":"post","link":"https:\/\/www.tuxtla.tecnm.mx\/dcab\/exposicion-de-proyectos-de-ingenieria-en-gestion-empresarial\/","title":{"rendered":"Exposici\u00f3n de Proyectos de Ingenier\u00eda en Gesti\u00f3n Empresarial"},"content":{"rendered":"<p><span lang=\"ES-TRAD\"><img loading=\"lazy\" decoding=\"async\" class=\" alignleft size-full wp-image-2658\" src=\"http:\/\/wordpress.local\/wp-content\/uploads\/2016\/12\/igem-01.png\" border=\"0\" width=\"277\" height=\"189\" style=\"float: left;\" \/>Como resultado del trabajo realizado en el semestre agosto &#8211; diciembre 2016 se presentaron en la sala audiovisual del edificio \u201cD1\u201d por la ma\u00f1ana la \u201cExposici\u00f3n de Proyectos Integradores de la Especialidad de Log\u00edstica y Comercio Exterior \u201c y por la tarde la \u201cExposici\u00f3n de Proyectos del<span style=\"mso-spacerun: yes;\"> <\/span>Seminario de Investigaci\u00f3n\u201d de la carrera de Ingenier\u00eda en Gesti\u00f3n Empresarial. <\/span><\/p>\n<p>  <!--more-->  <\/p>\n<p>Organizado por el Ing. Jorge Antonio\u00a0Orozco\u00a0Torres, jefe del departamento de Ingenier\u00edas con el apoyo de docentes de las \u00e1reas de Ingenier\u00eda en Log\u00edstica y Econ\u00f3micos-Administrativos, las presentaciones de estos proyectos tienen el prop\u00f3sito de proporcionar herramientas a los futuros profesionistas, para que contribuyan en la gesti\u00f3n de empresas e innovaci\u00f3n de procesos; as\u00ed como al dise\u00f1o, implementaci\u00f3n y desarrollo de sistemas estrat\u00e9gicos de negocios, optimizando recursos en un entorno global, con \u00e9tica y responsabilidad social; en el caso de los proyectos integradores los estudiantes desarrollaron un proyecto con la especialidad en log\u00edstica y comercio exterior , lo que consisti\u00f3 en elegir\u00a0 un producto que ya existe o que es creado por los mismos estudiantes y exportarlo a diversos pa\u00edses del mundo.<\/p>\n<p class=\"MsoNormal\" style=\"text-align: justify; text-justify: inter-ideograph;\"><span lang=\"ES-TRAD\"> <\/span><\/p>\n<p class=\"MsoNormal\" style=\"text-align: justify; text-justify: inter-ideograph;\"><span lang=\"ES-TRAD\">Por su parte el seminario de investigaci\u00f3n es una actividad que prepara al estudiante, no s\u00f3lo para exponer los conocimientos sino para profundizar, extender el conocimiento de la investigaci\u00f3n y darlos a conocer, as\u00ed como introducir a la pr\u00e1ctica con el trabajo en equipo.<\/span><\/p>\n<p class=\"MsoNormal\" style=\"text-align: justify; text-justify: inter-ideograph;\"><span lang=\"ES-TRAD\"> <\/span><\/p>\n<p class=\"MsoNormal\" style=\"text-align: justify; text-justify: inter-ideograph;\"><span lang=\"ES-TRAD\">Estas presentaciones integran estrategias para lograr altos niveles de calidad en el desarrollo de dichos proyectos que resuelven problemas en nuestro entorno social y productivo, logran adquirir habilidades necesarias para desenvolverse en los mercados tanto nacionales como internacionales, que les permite visualizar el entorno, generar soluciones y propuestas de mejora as\u00ed como dar soluci\u00f3n a problemas en la organizaci\u00f3n, financiaci\u00f3n, proyecci\u00f3n y comercializaci\u00f3n.<\/span><\/p>\n<p class=\"MsoNormal\" style=\"text-align: justify; text-justify: inter-ideograph;\">\u00a0<\/p>\n<p style=\"color: #515151; font-family: soberana_sansregular, \">\u201cCIENCIA Y TECNOLOG\u00cdA CON SENTIDO HUMANO\u201d<\/p>\n<p class=\"MsoNoSpacing\" style=\"color: #515151; font-family: soberana_sansregular, \">Departamento de Comunicaci\u00f3n y Difusi\u00f3n<\/p>\n<p class=\"MsoNormal\" style=\"margin: 13px 0px; color: #515151; font-family: soberana_sansregular, \"><span lang=\"ES-TRAD\"> <\/span><\/p>\n<p class=\"MsoNormal\" style=\"margin: 13px 0px; color: #515151; font-family: soberana_sansregular, \"><span lang=\"ES-TRAD\"> <\/span><\/p>\n<p class=\"MsoNormal\" style=\"margin: 13px 0px; color: #515151; font-family: soberana_sansregular, \"><span lang=\"ES-TRAD\"> <\/span><\/p>\n<p class=\"MsoNormal\" style=\"margin: 13px 0px; color: #515151; font-family: soberana_sansregular, \"><span lang=\"ES-TRAD\"> <\/span><\/p>\n<p class=\"MsoNormal\" style=\"margin: 13px 0px; color: #515151; font-family: soberana_sansregular, \"><span lang=\"ES-TRAD\"> <\/span><\/p>\n<p class=\"MsoNormal\" style=\"margin: 13px 0px; color: #515151; font-family: soberana_sansregular, \"><span lang=\"ES-TRAD\"> <\/span><\/p>\n<p class=\"MsoNormal\" style=\"margin: 13px 0px; color: #515151; font-family: soberana_sansregular, \"><span lang=\"ES-TRAD\"> <\/span><\/p>\n<p class=\"MsoNormal\" style=\"margin: 13px 0px; color: #515151; font-family: soberana_sansregular, \"><span lang=\"ES-TRAD\"> <\/span><\/p>\n<p class=\"MsoNormal\" style=\"margin: 13px 0px; color: #515151; font-family: soberana_sansregular, \"><span lang=\"ES-TRAD\"> <\/span><\/p>\n<p class=\"MsoNormal\" style=\"margin: 13px 0px; color: #515151; font-family: soberana_sansregular, \"><span lang=\"ES-TRAD\"> <\/span><\/p>\n<p class=\"MsoNormal\" style=\"margin: 13px 0px; color: #515151; font-family: soberana_sansregular, \"><span lang=\"ES-TRAD\"> <\/span><\/p>\n<p class=\"MsoNormal\" style=\"margin: 13px 0px; color: #515151; font-family: soberana_sansregular, \"><span lang=\"ES-TRAD\"> <\/span><\/p>\n<p class=\"MsoNormal\" style=\"margin: 13px 0px; color: #515151; font-family: soberana_sansregular, \"><span lang=\"ES-TRAD\"> <\/span><\/p>\n<p class=\"MsoNormal\" style=\"margin: 13px 0px; color: #515151; font-family: soberana_sansregular, \"><span lang=\"ES-TRAD\"> <\/span><\/p>\n<p class=\"MsoNormal\" style=\"margin: 13px 0px; color: #515151; font-family: soberana_sansregular, \"><span lang=\"ES-TRAD\"> <\/span><\/p>\n<p class=\"MsoNormal\" style=\"margin: 13px 0px; color: #515151; font-family: soberana_sansregular, \"><span lang=\"ES-TRAD\"> <\/span><\/p>\n<p class=\"MsoNormal\" style=\"margin: 13px 0px; color: #515151; font-family: soberana_sansregular, \"><span lang=\"ES-TRAD\"> <\/span><\/p>\n<p class=\"MsoNormal\" style=\"margin: 13px 0px; color: #515151; font-family: soberana_sansregular, \"><span lang=\"ES-TRAD\"> <\/span><\/p>\n<p class=\"MsoNormal\" style=\"margin: 13px 0px; color: #515151; font-family: soberana_sansregular, \"><span lang=\"ES-TRAD\"> <\/span><\/p>\n<p class=\"MsoNormal\" style=\"margin: 13px 0px; color: #515151; font-family: soberana_sansregular, \"><span lang=\"ES-TRAD\"> <\/span><\/p>\n<p class=\"MsoNormal\" style=\"margin: 13px 0px; color: #515151; font-family: soberana_sansregular, \"><span lang=\"ES-TRAD\"> <\/span><\/p>\n<p class=\"MsoNormal\" style=\"margin: 13px 0px; color: #515151; font-family: soberana_sansregular, \"><span lang=\"ES-TRAD\"> <\/span><\/p>\n<p class=\"MsoNormal\"><span lang=\"ES-TRAD\"> <\/span><\/p>\n<p style=\"color: #515151; font-family: soberana_sansregular, \">Instituto Tecnol\u00f3gico de Tuxtla Guti\u00e9rrez<\/p>\n<p>\u00a0<\/p>\n<p class=\"MsoNormal\" style=\"text-align: justify; text-justify: inter-ideograph;\"><span lang=\"ES-TRAD\"> <\/span><\/p>\n","protected":false},"excerpt":{"rendered":"<p>Como resultado del trabajo realizado en el semestre agosto &#8211; diciembre 2016 se presentaron en la sala audiovisual del edificio \u201cD1\u201d por la ma\u00f1ana la \u201cExposici\u00f3n de Proyectos Integradores de la Especialidad de Log\u00edstica y Comercio Exterior \u201c y por la tarde la \u201cExposici\u00f3n de Proyectos del Seminario de Investigaci\u00f3n\u201d de la carrera de Ingenier\u00eda&#8230;<\/p>\n<p><a href=\"https:\/\/www.tuxtla.tecnm.mx\/dcab\/exposicion-de-proyectos-de-ingenieria-en-gestion-empresarial\/\"><span class=\"glyphicon glyphicon-arrow-right\"><\/span>&nbsp;Seguir leyendo<\/a><\/p>","protected":false},"author":1,"featured_media":2658,"comment_status":"open","ping_status":"open","sticky":false,"template":"","format":"standard","meta":{"footnotes":""},"categories":[11],"tags":[],"class_list":["post-2659","post","type-post","status-publish","format-standard","has-post-thumbnail","hentry","category-latest-news"],"_links":{"self":[{"href":"https:\/\/www.tuxtla.tecnm.mx\/dcab\/wp-json\/wp\/v2\/posts\/2659","targetHints":{"allow":["GET"]}}],"collection":[{"href":"https:\/\/www.tuxtla.tecnm.mx\/dcab\/wp-json\/wp\/v2\/posts"}],"about":[{"href":"https:\/\/www.tuxtla.tecnm.mx\/dcab\/wp-json\/wp\/v2\/types\/post"}],"author":[{"embeddable":true,"href":"https:\/\/www.tuxtla.tecnm.mx\/dcab\/wp-json\/wp\/v2\/users\/1"}],"replies":[{"embeddable":true,"href":"https:\/\/www.tuxtla.tecnm.mx\/dcab\/wp-json\/wp\/v2\/comments?post=2659"}],"version-history":[{"count":0,"href":"https:\/\/www.tuxtla.tecnm.mx\/dcab\/wp-json\/wp\/v2\/posts\/2659\/revisions"}],"wp:featuredmedia":[{"embeddable":true,"href":"https:\/\/www.tuxtla.tecnm.mx\/dcab\/wp-json\/wp\/v2\/media\/2658"}],"wp:attachment":[{"href":"https:\/\/www.tuxtla.tecnm.mx\/dcab\/wp-json\/wp\/v2\/media?parent=2659"}],"wp:term":[{"taxonomy":"category","embeddable":true,"href":"https:\/\/www.tuxtla.tecnm.mx\/dcab\/wp-json\/wp\/v2\/categories?post=2659"},{"taxonomy":"post_tag","embeddable":true,"href":"https:\/\/www.tuxtla.tecnm.mx\/dcab\/wp-json\/wp\/v2\/tags?post=2659"}],"curies":[{"name":"wp","href":"https:\/\/api.w.org\/{rel}","templated":true}]}}