{"id":2622,"date":"2016-11-23T01:32:41","date_gmt":"2016-11-23T01:32:41","guid":{"rendered":"http:\/\/wordpress.local\/2016\/11\/23\/congreso-de-ciencias-basicas-de-la-ingenieria-conciencias-2016\/"},"modified":"2016-11-23T01:32:41","modified_gmt":"2016-11-23T01:32:41","slug":"congreso-de-ciencias-basicas-de-la-ingenieria-conciencias-2016","status":"publish","type":"post","link":"https:\/\/www.tuxtla.tecnm.mx\/dcab\/congreso-de-ciencias-basicas-de-la-ingenieria-conciencias-2016\/","title":{"rendered":"Congreso de Ciencias B\u00e1sicas de la Ingenier\u00eda \u00abConciencias 2016\u00bb"},"content":{"rendered":"<p><span lang=\"ES-TRAD\"><img loading=\"lazy\" decoding=\"async\" class=\" alignleft size-full wp-image-2621\" src=\"http:\/\/wordpress.local\/wp-content\/uploads\/2016\/11\/cb-01.png\" border=\"0\" width=\"277\" height=\"189\" style=\"float: left;\" \/>Del 22 al 24 de Noviembre se lleva a cabo el Congreso de Ciencias B\u00e1sicas de la Ingenier\u00eda \u00abConciencias 2016\u00bb, la inauguraci\u00f3n tuvo lugar este martes 22 en punto de las 9:00 horas, presidida por el Ing. Gilberto Hern\u00e1ndez Cruz, jefe del departamento de Ciencias B\u00e1sicas, en presencia de el Ing. Marco Antonio M\u00e9ndez Ancheyta, Presidente de la Academia de Ciencias B\u00e1sicas, el Ing. Ren\u00e9 Cuesta D\u00edaz, jefe de departamento de Ing. Qu\u00edmica y Bioqu\u00edmica, <\/span><\/p>\n<p>  <!--more-->  <\/p>\n<p>el Ing. Jorge Antonio Orozco Torres, jefe del departamento de Ingenier\u00edas as\u00ed como docentes y alumnos del instituto.<\/p>\n<p>\u00a0<\/p>\n<p>El Congreso Nacional de Ciencias B\u00e1sicas de la Ingenier\u00eda<span style=\"mso-spacerun: yes;\"> <\/span>\u00abConciencias 2016\u00bb <span style=\"mso-spacerun: yes;\"> <\/span>es el producto de 4 a\u00f1os consecutivos de la realizaci\u00f3n del ciclo de conferencias de Ciencias B\u00e1sicas,<span style=\"mso-spacerun: yes;\"> <\/span>con el objetivo de ofrecer a los estudiantes conocimientos dentro de las materias de matem\u00e1ticas, f\u00edsica, qu\u00edmica, probabilidad y estad\u00edstica, programaci\u00f3n, dibujo, entre otras <span style=\"mso-spacerun: yes;\"> <\/span>y que estos puedan identificar <span style=\"mso-spacerun: yes;\"> <\/span>la infinidad de aplicaciones que tienen y como emplearlas en materias de especialidad.<\/p>\n<p class=\"MsoNormal\" style=\"text-align: justify; text-justify: inter-ideograph;\"><span lang=\"ES-TRAD\"> <\/span><\/p>\n<p class=\"MsoNormal\" style=\"text-align: justify; text-justify: inter-ideograph;\"><span lang=\"ES-TRAD\">En entrevista con el Ing. Hern\u00e1ndez Cruz mencion\u00f3: <span style=\"mso-spacerun: yes;\"> <\/span>\u201cConciencias 2016\u201d es un congreso que nace por la participaci\u00f3n de diversos colegas en el pa\u00eds; objetivos que el departamento se ha establecido, dentro de ellos el obtener un registro ISBN, as\u00ed como el hacer una extensa invitaci\u00f3n a los Departamentos de Ciencias B\u00e1sicas de todo el TecNM para poder generar material de calidad y darle prestigio tanto al Tecnol\u00f3gico Nacional de M\u00e9xico as\u00ed como al I.T. Tuxtla Guti\u00e9rrez, todo esto es el resultado de un <span style=\"mso-spacerun: yes;\"> <\/span>trabajo acad\u00e9mico en conjunto con docentes, estudiantes, directivos del instituto, para que todos los asistentes se lleven una excelente experiencia, se\u00f1al\u00f3.<\/span><\/p>\n<p class=\"MsoNormal\" style=\"text-align: justify; text-justify: inter-ideograph;\"><span lang=\"ES-TRAD\"> <\/span><\/p>\n<p class=\"MsoNormal\" style=\"text-align: justify; text-justify: inter-ideograph;\"><span lang=\"ES-TRAD\">Las conferencias programadas para el martes 22 de noviembre son : \u201cArgumentos de una ecuaci\u00f3n diferencial de un circuito el\u00e9ctrico a trav\u00e9s de su campo de direcciones\u201d, \u201cAn\u00e1lisis de estilos de aprendizaje y de ense\u00f1anza en el Instituto Tecnol\u00f3gico de Tuxtla Guti\u00e9rrez\u201d, \u201cLa escritura correcta de expresiones matem\u00e1ticas\u201d, \u201cSimplificaci\u00f3n de las fracciones parciales lineales repetidas utilizando tolerancias algebraicas y la comprobaci\u00f3n mediante software\u201d, \u201dAplicaci\u00f3n de plataforma did\u00e1ctica en el programa de educaci\u00f3n superior a distancia del Instituto Tecnol\u00f3gico de Tuxtla Guti\u00e9rrez\u201d, \u201cUna propuesta did\u00e1ctica en la ense\u00f1anza del campo el\u00e9ctrico utilizando apoyos tecnol\u00f3gicos\u201d.<\/span><\/p>\n<p class=\"MsoNormal\" style=\"text-align: justify; text-justify: inter-ideograph;\"><span lang=\"ES-TRAD\"> <\/span><\/p>\n<p class=\"MsoNormal\" style=\"text-align: justify; text-justify: inter-ideograph;\"><span lang=\"ES-TRAD\">Se presentan el mi\u00e9rcoles 23: \u201cCondiciones clim\u00e1ticas y producci\u00f3n pesquera en M\u00e9xico, an\u00e1lisis de correlaci\u00f3n teor\u00eda de los seis grados de separaci\u00f3n mito urbano o verdad cient\u00edfica\u201d, \u201cTsot\u2019vik\u2019it muk\u00b4ta sp\u2019ijilal sventa vik\u2019tal chanjunetik\u201d, \u201cGran inteligencia para ni\u00f1os estudiantes\u201d, \u201cMesa redonda\u201d, \u201cMatem\u00e1ticas y sociedad\u201d, \u201cDeterminaci\u00f3n<span style=\"mso-spacerun: yes;\"> <\/span>del TCP (Tool Center Point) en manipulador usando matrices homog\u00e9neas ensambladas con Matlab\u201d.<\/span><\/p>\n<p class=\"MsoNormal\" style=\"text-align: justify; text-justify: inter-ideograph;\"><span lang=\"ES-TRAD\"> <\/span><\/p>\n<p class=\"MsoNormal\" style=\"text-align: justify; text-justify: inter-ideograph;\"><span lang=\"ES-TRAD\">Culminando con las ponencias el jueves 24 con : \u201cLos secretos del famoso tri\u00e1ngulo de Pascal\u201d, \u201cAplicaci\u00f3n del m\u00e9todo de los m\u00ednimos cuadrados para la obtenci\u00f3n de una funci\u00f3n que determine la viscosidad de un fluido\u201d, \u201cUn escenario din\u00e1mico para sumas de senoides epistemolog\u00eda de los n\u00fameros complejos: caso de la impedancia compleja en ingenier\u00eda\u201d, \u201cEstad\u00edstica con SPSS\u201d, \u201cDise\u00f1o, fabricaci\u00f3n y caracterizaci\u00f3n de transductores cil\u00edndricos para fuerzas axiales\u201d. <\/span><\/p>\n<p class=\"MsoNormal\" style=\"text-align: justify; text-justify: inter-ideograph;\"><span lang=\"ES-TRAD\"> <\/span><\/p>\n<p class=\"MsoNormal\" style=\"text-align: justify; text-justify: inter-ideograph;\"><span lang=\"ES-TRAD\">De manera simult\u00e1nea se llevan a cabo talleres dentro de los cuales se encuentran:<span style=\"mso-spacerun: yes;\"> <\/span>Programaci\u00f3n Neuroling\u00fc\u00edstica (PNL), para docentes y su aplicaci\u00f3n en las aulas de Educaci\u00f3n Superior, impartido por el Ing. Carlos D\u00edaz Rodr\u00edguez, Taller de Ciencias F\u00edsicas a cargo de la Ing. Mar\u00eda Catalina Salgado Guti\u00e9rrez, Ing. Martha Luz Paniagua Ch\u00e1vez y el Ing. Alonso<span style=\"mso-spacerun: yes;\"> <\/span>Ju\u00e1rez Ontiveros, Taller de SolidWorks B\u00e1sico impartido por el M.C. Juan Carlos Ni\u00f1os Torres, Escenarios Gr\u00e1ficos con Cabri G\u00e9om\u00e8tre para Matem\u00e1ticas Preuniversitarias y Universitarias por el Dr. Julio Antonio Moreno Gordillo y Uso de la calculadora TI-Nspire CX CAS en los cursos de ingenier\u00eda a cargo M.C. Mario Alberto De La Cruz Padilla.<\/span><\/p>\n<p class=\"MsoNormal\" style=\"text-align: justify; text-justify: inter-ideograph;\"><span lang=\"ES-TRAD\"> <\/span><\/p>\n<p class=\"MsoNormal\" style=\"text-align: justify; text-justify: inter-ideograph;\"><span lang=\"ES-TRAD\">De esta manera el I.T. Tuxtla Guti\u00e9rrez promueve espacios de intercambio y cooperaci\u00f3n de conocimientos brindando a sus estudiantes <span style=\"mso-spacerun: yes;\"> <\/span>herramientas \u00fatiles para su crecimiento profesional, con el uso de tecnolog\u00eda de vanguardia en el ramo de la ingenier\u00eda.<\/span><\/p>\n<p class=\"MsoNormal\" style=\"text-align: justify; text-justify: inter-ideograph;\"><span lang=\"ES-TRAD\"><br \/><\/span><\/p>\n<p class=\"MsoNormal\"><span style=\"font-size: 10.0pt; font-family: Times; mso-fareast-font-family: \"> <\/span><\/p>\n<p class=\"MsoNormal\" style=\"margin: 13px 0px; color: #515151; font-family: soberana_sansregular, \">\u201cCIENCIA Y TECNOLOG\u00cdA CON SENTIDO HUMANO\u201d<\/p>\n<p class=\"MsoNoSpacing\" style=\"color: #515151; font-family: soberana_sansregular, \">Departamento de Comunicaci\u00f3n y Difusi\u00f3n<\/p>\n<p class=\"MsoNormal\" style=\"margin: 13px 0px; color: #515151; font-family: soberana_sansregular, \"><span lang=\"ES-TRAD\"> <\/span><\/p>\n<p class=\"MsoNormal\" style=\"margin: 13px 0px; color: #515151; font-family: soberana_sansregular, \"><span lang=\"ES-TRAD\"> <\/span><\/p>\n<p class=\"MsoNormal\" style=\"margin: 13px 0px; color: #515151; font-family: soberana_sansregular, \"><span lang=\"ES-TRAD\"> <\/span><\/p>\n<p class=\"MsoNormal\" style=\"margin: 13px 0px; color: #515151; font-family: soberana_sansregular, \"><span lang=\"ES-TRAD\"> <\/span><\/p>\n<p class=\"MsoNormal\" style=\"margin: 13px 0px; color: #515151; font-family: soberana_sansregular, \"><span lang=\"ES-TRAD\"> <\/span><\/p>\n<p class=\"MsoNormal\" style=\"margin: 13px 0px; color: #515151; font-family: soberana_sansregular, \"><span lang=\"ES-TRAD\"> <\/span><\/p>\n<p class=\"MsoNormal\" style=\"margin: 13px 0px; color: #515151; font-family: soberana_sansregular, \"><span lang=\"ES-TRAD\"> <\/span><\/p>\n<p class=\"MsoNormal\" style=\"margin: 13px 0px; color: #515151; font-family: soberana_sansregular, \"><span lang=\"ES-TRAD\"> <\/span><\/p>\n<p class=\"MsoNormal\" style=\"margin: 13px 0px; color: #515151; font-family: soberana_sansregular, \"><span lang=\"ES-TRAD\"> <\/span><\/p>\n<p class=\"MsoNormal\" style=\"margin: 13px 0px; color: #515151; font-family: soberana_sansregular, \"><span lang=\"ES-TRAD\"> <\/span><\/p>\n<p class=\"MsoNormal\" style=\"margin: 13px 0px; color: #515151; font-family: soberana_sansregular, \"><span lang=\"ES-TRAD\"> <\/span><\/p>\n<p class=\"MsoNormal\" style=\"margin: 13px 0px; color: #515151; font-family: soberana_sansregular, \"><span lang=\"ES-TRAD\"> <\/span><\/p>\n<p class=\"MsoNormal\" style=\"margin: 13px 0px; color: #515151; font-family: soberana_sansregular, \"><span lang=\"ES-TRAD\"> <\/span><\/p>\n<p class=\"MsoNormal\" style=\"margin: 13px 0px; color: #515151; font-family: soberana_sansregular, \"><span lang=\"ES-TRAD\"> <\/span><\/p>\n<p class=\"MsoNormal\" style=\"margin: 13px 0px; color: #515151; font-family: soberana_sansregular, \"><span lang=\"ES-TRAD\"> <\/span><\/p>\n<p class=\"MsoNormal\" style=\"margin: 13px 0px; color: #515151; font-family: soberana_sansregular, \"><span lang=\"ES-TRAD\"> <\/span><\/p>\n<p class=\"MsoNormal\" style=\"margin: 13px 0px; color: #515151; font-family: soberana_sansregular, \"><span lang=\"ES-TRAD\"> <\/span><\/p>\n<p class=\"MsoNormal\" style=\"margin: 13px 0px; color: #515151; font-family: soberana_sansregular, \"><span lang=\"ES-TRAD\"> <\/span><\/p>\n<p class=\"MsoNormal\" style=\"margin: 13px 0px; color: #515151; font-family: soberana_sansregular, \"><span lang=\"ES-TRAD\"> <\/span><\/p>\n<p style=\"color: #515151; font-family: soberana_sansregular, \">Instituto Tecnol\u00f3gico de Tuxtla Guti\u00e9rrez<\/p>\n<p class=\"MsoNormal\"><span style=\"font-size: 10.0pt; font-family: Times; mso-fareast-font-family: \"><br \/><\/span><\/p>\n<p>\u00a0<\/p>\n<p class=\"MsoNormal\" style=\"text-align: justify; text-justify: inter-ideograph;\"><span lang=\"ES-TRAD\"> <\/span><\/p>\n","protected":false},"excerpt":{"rendered":"<p>Del 22 al 24 de Noviembre se lleva a cabo el Congreso de Ciencias B\u00e1sicas de la Ingenier\u00eda \u00abConciencias 2016\u00bb, la inauguraci\u00f3n tuvo lugar este martes 22 en punto de las 9:00 horas, presidida por el Ing. Gilberto Hern\u00e1ndez Cruz, jefe del departamento de Ciencias B\u00e1sicas, en presencia de el Ing. Marco Antonio M\u00e9ndez Ancheyta,&#8230;<\/p>\n<p><a href=\"https:\/\/www.tuxtla.tecnm.mx\/dcab\/congreso-de-ciencias-basicas-de-la-ingenieria-conciencias-2016\/\"><span class=\"glyphicon glyphicon-arrow-right\"><\/span>&nbsp;Seguir leyendo<\/a><\/p>","protected":false},"author":1,"featured_media":2621,"comment_status":"open","ping_status":"open","sticky":false,"template":"","format":"standard","meta":{"footnotes":""},"categories":[11],"tags":[],"class_list":["post-2622","post","type-post","status-publish","format-standard","has-post-thumbnail","hentry","category-latest-news"],"_links":{"self":[{"href":"https:\/\/www.tuxtla.tecnm.mx\/dcab\/wp-json\/wp\/v2\/posts\/2622","targetHints":{"allow":["GET"]}}],"collection":[{"href":"https:\/\/www.tuxtla.tecnm.mx\/dcab\/wp-json\/wp\/v2\/posts"}],"about":[{"href":"https:\/\/www.tuxtla.tecnm.mx\/dcab\/wp-json\/wp\/v2\/types\/post"}],"author":[{"embeddable":true,"href":"https:\/\/www.tuxtla.tecnm.mx\/dcab\/wp-json\/wp\/v2\/users\/1"}],"replies":[{"embeddable":true,"href":"https:\/\/www.tuxtla.tecnm.mx\/dcab\/wp-json\/wp\/v2\/comments?post=2622"}],"version-history":[{"count":0,"href":"https:\/\/www.tuxtla.tecnm.mx\/dcab\/wp-json\/wp\/v2\/posts\/2622\/revisions"}],"wp:featuredmedia":[{"embeddable":true,"href":"https:\/\/www.tuxtla.tecnm.mx\/dcab\/wp-json\/wp\/v2\/media\/2621"}],"wp:attachment":[{"href":"https:\/\/www.tuxtla.tecnm.mx\/dcab\/wp-json\/wp\/v2\/media?parent=2622"}],"wp:term":[{"taxonomy":"category","embeddable":true,"href":"https:\/\/www.tuxtla.tecnm.mx\/dcab\/wp-json\/wp\/v2\/categories?post=2622"},{"taxonomy":"post_tag","embeddable":true,"href":"https:\/\/www.tuxtla.tecnm.mx\/dcab\/wp-json\/wp\/v2\/tags?post=2622"}],"curies":[{"name":"wp","href":"https:\/\/api.w.org\/{rel}","templated":true}]}}