{"id":2515,"date":"2016-10-08T00:40:57","date_gmt":"2016-10-08T00:40:57","guid":{"rendered":"http:\/\/wordpress.local\/2016\/10\/08\/ponencia-sobre-medicina-preventiva\/"},"modified":"2016-10-08T00:40:57","modified_gmt":"2016-10-08T00:40:57","slug":"ponencia-sobre-medicina-preventiva","status":"publish","type":"post","link":"https:\/\/www.tuxtla.tecnm.mx\/dcab\/ponencia-sobre-medicina-preventiva\/","title":{"rendered":"Pl\u00e1tica sobre Medicina Preventiva"},"content":{"rendered":"<p><img loading=\"lazy\" decoding=\"async\" class=\" alignleft size-full wp-image-2514\" src=\"http:\/\/wordpress.local\/wp-content\/uploads\/2016\/10\/medicina-01.png\" border=\"0\" width=\"277\" height=\"189\" style=\"float: left;\" \/>A las 10:00hrs. se llev\u00f3 a cabo en la sala audiovisual del edificio \u201cD1\u201d la pl\u00e1tica \u201cMedicina Preventiva\u201d\u00a0 impartida por el Bi\u00f3logo Juan Antonio D\u00e1vila Jim\u00e9nez con el objetivo de generar consciencia social, basadas en informaci\u00f3n, experiencias y valores; abordando diversos temas de Salud P\u00fablica; promoviendo una sociedad responsable, sana, pr\u00f3spera y que cuente con diferentes formas de seguir aprendiendo.<\/p>\n<p>  <!--more-->  <\/p>\n<p>\u00a0<\/p>\n<p class=\"MsoNormal\" style=\"text-align: justify; text-justify: inter-ideograph;\">Apoyando al bi\u00f3logo Juan Antonio estuvieron presentes las psic\u00f3logas Alejandra Corral y Estefany Escalante Flores; la pl\u00e1tica es uno de los servicios que ofrece el Grupo Salud y Vida con sede en la Ciudad de M\u00e9xico quienes se dedican a dar pl\u00e1ticas de medicina preventiva a todos los j\u00f3venes del pa\u00eds, con una duraci\u00f3n de 50 minutos tratan sobre tres temas fundamentales para los j\u00f3venes : estr\u00e9s, drogas legales principalmente alcohol y tabaco, as\u00ed tambi\u00e9n sobre sexualidad especialmente sobre enfermedades de transmisi\u00f3n sexual\u00a0 enfoc\u00e1ndose en el virus de papiloma humano y el SIDA.<\/p>\n<p class=\"MsoNormal\" style=\"text-align: justify; text-justify: inter-ideograph;\">En una \u00a0entrevista al equipo de trabajo comentaron: \u201cLa ponencia esta dise\u00f1ada para los\u00a0 j\u00f3venes en donde reflexionan y deciden por su salud generando un gran impacto en ellos,; a trav\u00e9s de estas platicas de alto impacto con casos reales de pacientes y de situaciones derivadas de los temas mencionados hacen reflexionar al joven sobre su vida y comportamiento, esto para que se\u00a0 concienticen y conozcan lo que pueden llegar a vivir si ellos contin\u00faan con una vida desprevenida, les hacemos ver que el no cuidarse y el no informarse los hace candidatos a sufrir alg\u00fan problema de salud.<\/p>\n<p class=\"MsoNormal\" style=\"text-align: justify; text-justify: inter-ideograph;\">Se pretende que los alumnos se sientan valorados y vean la Medicina Preventiva desde un punto de vista m\u00e1s consciente ya que los temas abordados son dirigidos espec\u00edficamente para su bienestar f\u00edsico, psicol\u00f3gico y social., se\u00f1alaron.<\/p>\n<p class=\"MsoNormal\" style=\"text-align: justify; text-justify: inter-ideograph;\">De esta manera la educaci\u00f3n para la salud, brinda la informaci\u00f3n, la motivaci\u00f3n, las habilidades personales y la autoestima, necesarias para adoptar conductas m\u00e1s eficaces en el cuidado de la salud y la prevenci\u00f3n.<\/p>\n<p class=\"MsoNormal\" style=\"text-align: justify; text-justify: inter-ideograph;\">Siendo as\u00ed como el I.T. Tuxtla Guti\u00e9rrez apegado a los objetivos\u00a0ofrece una educaci\u00f3n integral que equilibra la formaci\u00f3n en valores ciudadanos, el desarrollo de competencias y la adquisici\u00f3n de conocimientos, a trav\u00e9s de actividades regulares del aula, la pr\u00e1ctica docente y el ambiente institucional.<\/p>\n<p class=\"MsoNormal\" style=\"text-align: justify; text-justify: inter-ideograph;\">\u00a0<\/p>\n<p class=\"MsoNormal\" style=\"color: #515151; font-family: soberana_sansregular, \">\u201cCIENCIA Y TECNOLOG\u00cdA CON SENTIDO HUMANO\u201d<\/p>\n<p class=\"MsoNormal\" style=\"color: #515151; font-family: soberana_sansregular, \"><span lang=\"ES-TRAD\">Instituto Tecnol\u00f3gico de Tuxtla Guti\u00e9rrez<\/span><\/p>\n<p class=\"MsoNormal\" style=\"color: #515151; font-family: soberana_sansregular, \"><span lang=\"ES-TRAD\"> <\/span><\/p>\n<p class=\"MsoNormal\" style=\"color: #515151; font-family: soberana_sansregular, \">Departamento de Comunicaci\u00f3n y Difusi\u00f3n<\/p>\n<p>\u00a0<\/p>\n<p class=\"MsoNormal\"><span style=\"font-size: 10.0pt; font-family: Times; mso-fareast-font-family: \"> <\/span><\/p>\n","protected":false},"excerpt":{"rendered":"<p>A las 10:00hrs. se llev\u00f3 a cabo en la sala audiovisual del edificio \u201cD1\u201d la pl\u00e1tica \u201cMedicina Preventiva\u201d\u00a0 impartida por el Bi\u00f3logo Juan Antonio D\u00e1vila Jim\u00e9nez con el objetivo de generar consciencia social, basadas en informaci\u00f3n, experiencias y valores; abordando diversos temas de Salud P\u00fablica; promoviendo una sociedad responsable, sana, pr\u00f3spera y que cuente con&#8230;<\/p>\n<p><a href=\"https:\/\/www.tuxtla.tecnm.mx\/dcab\/ponencia-sobre-medicina-preventiva\/\"><span class=\"glyphicon glyphicon-arrow-right\"><\/span>&nbsp;Seguir leyendo<\/a><\/p>","protected":false},"author":1,"featured_media":2514,"comment_status":"open","ping_status":"open","sticky":false,"template":"","format":"standard","meta":{"footnotes":""},"categories":[11],"tags":[],"class_list":["post-2515","post","type-post","status-publish","format-standard","has-post-thumbnail","hentry","category-latest-news"],"_links":{"self":[{"href":"https:\/\/www.tuxtla.tecnm.mx\/dcab\/wp-json\/wp\/v2\/posts\/2515","targetHints":{"allow":["GET"]}}],"collection":[{"href":"https:\/\/www.tuxtla.tecnm.mx\/dcab\/wp-json\/wp\/v2\/posts"}],"about":[{"href":"https:\/\/www.tuxtla.tecnm.mx\/dcab\/wp-json\/wp\/v2\/types\/post"}],"author":[{"embeddable":true,"href":"https:\/\/www.tuxtla.tecnm.mx\/dcab\/wp-json\/wp\/v2\/users\/1"}],"replies":[{"embeddable":true,"href":"https:\/\/www.tuxtla.tecnm.mx\/dcab\/wp-json\/wp\/v2\/comments?post=2515"}],"version-history":[{"count":0,"href":"https:\/\/www.tuxtla.tecnm.mx\/dcab\/wp-json\/wp\/v2\/posts\/2515\/revisions"}],"wp:featuredmedia":[{"embeddable":true,"href":"https:\/\/www.tuxtla.tecnm.mx\/dcab\/wp-json\/wp\/v2\/media\/2514"}],"wp:attachment":[{"href":"https:\/\/www.tuxtla.tecnm.mx\/dcab\/wp-json\/wp\/v2\/media?parent=2515"}],"wp:term":[{"taxonomy":"category","embeddable":true,"href":"https:\/\/www.tuxtla.tecnm.mx\/dcab\/wp-json\/wp\/v2\/categories?post=2515"},{"taxonomy":"post_tag","embeddable":true,"href":"https:\/\/www.tuxtla.tecnm.mx\/dcab\/wp-json\/wp\/v2\/tags?post=2515"}],"curies":[{"name":"wp","href":"https:\/\/api.w.org\/{rel}","templated":true}]}}