{"id":2509,"date":"2016-10-06T18:37:21","date_gmt":"2016-10-06T18:37:21","guid":{"rendered":"http:\/\/wordpress.local\/2016\/10\/06\/conferencia-curvas-mecanicas-y-mecanismos\/"},"modified":"2016-10-06T18:37:21","modified_gmt":"2016-10-06T18:37:21","slug":"conferencia-curvas-mecanicas-y-mecanismos","status":"publish","type":"post","link":"https:\/\/www.tuxtla.tecnm.mx\/dcab\/conferencia-curvas-mecanicas-y-mecanismos\/","title":{"rendered":"Conferencia \u00abCurvas Mec\u00e1nicas y Mecanismos\u00bb"},"content":{"rendered":"<p><span style=\"font-size: 11pt;\"><img loading=\"lazy\" decoding=\"async\" class=\" alignleft size-full wp-image-2506\" src=\"http:\/\/wordpress.local\/wp-content\/uploads\/2016\/10\/curvasimg-01.png\" border=\"0\" width=\"277\" height=\"189\" style=\"float: left;\" \/><\/span><\/p>\n<p><span lang=\"ES-TRAD\">En punto de las 10:00 am en la sala audiovisual del edificio \u201cZ\u201d del instituto\u00a0 dio inicio la conferencia\u00a0 \u00abCurvas Mec\u00e1nicas y Mecanismos\u00bb por el Dr. Eugenio D\u00edaz Barriga Arceo de la Universidad Aut\u00f3noma Del Estado de M\u00e9xico. <\/span><\/p>\n<p>  <!--more-->  <\/p>\n<p>El Dr. D\u00edaz tiene licenciatura en F\u00edsica y Matem\u00e1ticas en la Escuela Superior de F\u00edsica y Matem\u00e1ticas del IPN, es maestro y doctor en Matem\u00e1tica Educativa por el CINVESTAV por el proyecto Alfa de intercambio entre instituciones de la Comunidad Europea y de Am\u00e9rica Latina, realiz\u00f3 una estancia de 20 meses en el Laboratorio Leibniz de la Universidad Joseph Fourier de Grenoble, es profesor de tiempo completo de la Universidad Aut\u00f3noma del Estado de M\u00e9xico.<\/p>\n<p class=\"MsoNormal\"><span lang=\"ES-TRAD\"> <\/span>Sus trabajos de investigaci\u00f3n tienen que ver con el uso de la tecnolog\u00eda en el aula de matem\u00e1ticas. Ponente en diferentes eventos acad\u00e9micos internacionales como IberoCabri, CabriWorld, encuentros sobre la ense\u00f1anza de la matem\u00e1tica y la inform\u00e1tica y otros m\u00e1s, ha publicado libros sobre Cabri, L\u00f3gica y Algebra Superior; actualmente es miembro del comit\u00e9 cient\u00edfico de IberoCabri.<\/p>\n<p class=\"MsoNormal\"><span lang=\"ES-TRAD\"> <\/span>En la conferencia present\u00f3 aspectos hist\u00f3ricos de la construcci\u00f3n de curvas generadas por rotaciones, discutiendo tambi\u00e9n el problema de caracterizar las velocidades de elementos articulados en mecanismos de la t\u00e9cnica moderna, ofreciendo a los estudiantes diversos problemas constructivos de curvas matem\u00e1ticas, de mecanismos y elementos introductorios para el an\u00e1lisis del movimiento de elementos mec\u00e1nicos, explorando curvas rodantes, mecanismos y dispositivos que trazan curvas tales como elips\u00f3grafos, hiperbol\u00f3grafos, pant\u00f3grafos y otros m\u00e1s.<\/p>\n<p class=\"MsoNormal\"><span lang=\"ES-TRAD\"> <\/span><\/p>\n<p class=\"MsoNormal\"><span lang=\"ES-TRAD\">Esto a trav\u00e9s de la puesta en pr\u00e1ctica del software Cabri II, CAhier de\u00a0BRouillon\u00a0Interactif \u00bb (Cuaderno de Borrador Interactivo)\u00a0el cu\u00e1l permite la construcci\u00f3n en un ordenador de figuras geom\u00e9tricas aportando una nueva dimensi\u00f3n con respecto a las construcciones cl\u00e1sicas utilizando papel, l\u00e1piz, regla, comp\u00e1s y goma de borrar. Una vez la figura construida, puede ser manipulada libremente, por ejemplo se pueden desplazar uno o varios puntos, variar las distancias, poner un elemento en movimiento ofreciendo una visualizaci\u00f3n directa, instant\u00e1nea y clara de todos esos movimientos o variaciones. <\/span><\/p>\n<p class=\"MsoNormal\">De esta manera el Dr. Eugenio D\u00edaz se\u00f1al\u00f3: \u201c los ejemplos que se trabajaron en la conferencia permiten una vinculaci\u00f3n estrecha entre mec\u00e1nica y\u00a0 geometr\u00eda din\u00e1mica; existiendo adem\u00e1s un apoyo invaluable para la geometr\u00eda anal\u00edtica, con una gran gama de curvas de rodamiento cuyas propiedades pueden ser construidas con Cabri, con recursos estrictamente geom\u00e9tricos, que ofrecen una alternativa distinta al enfoque anal\u00edtico, con el cual se relaciona y complementa. Citando a Artobolevski y Taddei el an\u00e1lisis de los mecanismos ha fascinado a las mentes m\u00e1s brillantes de la Humanidad y ha ofrecido grandes beneficios tecnol\u00f3gicos . Su uso en el aula es un valioso recurso did\u00e1ctico \u201c, recalc\u00f3.<\/p>\n<p class=\"MsoNormal\"><span lang=\"ES-TRAD\"> <\/span>A trav\u00e9s de estas conferencias el instituto tiene como objetivo potenciar la ense\u00f1anza-aprendizaje de\u00a0 sus\u00a0estudiantes, propiciando el desarrollo de habilidades y competencias en el \u00e1mbito de la ciencia y la tecnolog\u00eda.<\/p>\n<p style=\"text-align: center;\"><span style=\"font-size: 11pt;\"> <img loading=\"lazy\" decoding=\"async\" class=\" size-full wp-image-2507\" src=\"http:\/\/wordpress.local\/wp-content\/uploads\/2016\/10\/curvasfoto-02.png\" border=\"0\" width=\"550\" height=\"210\" style=\"font-size: 11pt; text-align: center;\" \/><\/span><\/p>\n<p class=\"MsoNormal\" style=\"text-align: center;\"><span style=\"font-size: 11pt;\"><img loading=\"lazy\" decoding=\"async\" class=\" size-full wp-image-2508\" src=\"http:\/\/wordpress.local\/wp-content\/uploads\/2016\/10\/curvafoto2-02.png\" border=\"0\" width=\"550\" height=\"210\" \/><br \/><\/span><\/p>\n<p class=\"MsoNormal\" style=\"text-align: justify; text-justify: inter-ideograph;\"><span style=\"font-size: 11pt;\"><br \/><\/span><\/p>\n<p class=\"MsoNormal\" style=\"color: #515151; font-family: soberana_sansregular, \">\u201cCIENCIA Y TECNOLOG\u00cdA CON SENTIDO HUMANO\u201d<\/p>\n<p class=\"MsoNormal\" style=\"color: #515151; font-family: soberana_sansregular, \"><span lang=\"ES-TRAD\">Instituto Tecnol\u00f3gico de Tuxtla Guti\u00e9rrez<\/span><\/p>\n<p class=\"MsoNormal\" style=\"color: #515151; font-family: soberana_sansregular, \"><span lang=\"ES-TRAD\"> <\/span><\/p>\n<p class=\"MsoNormal\" style=\"color: #515151; font-family: soberana_sansregular, \"><span lang=\"ES-TRAD\">Departamento de Comunicaci\u00f3n y Difusi\u00f3n<\/span><\/p>\n<p class=\"MsoNormal\" style=\"text-align: justify; text-justify: inter-ideograph;\">\u00a0<\/p>\n<p class=\"MsoNormal\"><span style=\"font-size: 9.0pt; mso-bidi-font-size: 10.0pt; font-family: Times; mso-fareast-font-family: \"> <\/span><\/p>\n","protected":false},"excerpt":{"rendered":"<p>En punto de las 10:00 am en la sala audiovisual del edificio \u201cZ\u201d del instituto\u00a0 dio inicio la conferencia\u00a0 \u00abCurvas Mec\u00e1nicas y Mecanismos\u00bb por el Dr. Eugenio D\u00edaz Barriga Arceo de la Universidad Aut\u00f3noma Del Estado de M\u00e9xico.<\/p>\n<p><a href=\"https:\/\/www.tuxtla.tecnm.mx\/dcab\/conferencia-curvas-mecanicas-y-mecanismos\/\"><span class=\"glyphicon glyphicon-arrow-right\"><\/span>&nbsp;Seguir leyendo<\/a><\/p>","protected":false},"author":1,"featured_media":2506,"comment_status":"open","ping_status":"open","sticky":false,"template":"","format":"standard","meta":{"footnotes":""},"categories":[11],"tags":[],"class_list":["post-2509","post","type-post","status-publish","format-standard","has-post-thumbnail","hentry","category-latest-news"],"_links":{"self":[{"href":"https:\/\/www.tuxtla.tecnm.mx\/dcab\/wp-json\/wp\/v2\/posts\/2509","targetHints":{"allow":["GET"]}}],"collection":[{"href":"https:\/\/www.tuxtla.tecnm.mx\/dcab\/wp-json\/wp\/v2\/posts"}],"about":[{"href":"https:\/\/www.tuxtla.tecnm.mx\/dcab\/wp-json\/wp\/v2\/types\/post"}],"author":[{"embeddable":true,"href":"https:\/\/www.tuxtla.tecnm.mx\/dcab\/wp-json\/wp\/v2\/users\/1"}],"replies":[{"embeddable":true,"href":"https:\/\/www.tuxtla.tecnm.mx\/dcab\/wp-json\/wp\/v2\/comments?post=2509"}],"version-history":[{"count":0,"href":"https:\/\/www.tuxtla.tecnm.mx\/dcab\/wp-json\/wp\/v2\/posts\/2509\/revisions"}],"wp:featuredmedia":[{"embeddable":true,"href":"https:\/\/www.tuxtla.tecnm.mx\/dcab\/wp-json\/wp\/v2\/media\/2506"}],"wp:attachment":[{"href":"https:\/\/www.tuxtla.tecnm.mx\/dcab\/wp-json\/wp\/v2\/media?parent=2509"}],"wp:term":[{"taxonomy":"category","embeddable":true,"href":"https:\/\/www.tuxtla.tecnm.mx\/dcab\/wp-json\/wp\/v2\/categories?post=2509"},{"taxonomy":"post_tag","embeddable":true,"href":"https:\/\/www.tuxtla.tecnm.mx\/dcab\/wp-json\/wp\/v2\/tags?post=2509"}],"curies":[{"name":"wp","href":"https:\/\/api.w.org\/{rel}","templated":true}]}}