{"id":2397,"date":"2016-09-01T23:25:10","date_gmt":"2016-09-01T23:25:10","guid":{"rendered":"http:\/\/wordpress.local\/2016\/09\/01\/el-tecnm-inicia-nuevos-moocs\/"},"modified":"2016-09-01T23:25:10","modified_gmt":"2016-09-01T23:25:10","slug":"el-tecnm-inicia-nuevos-moocs","status":"publish","type":"post","link":"https:\/\/www.tuxtla.tecnm.mx\/dcab\/el-tecnm-inicia-nuevos-moocs\/","title":{"rendered":"El TecNM inicia nuevos MOOCs"},"content":{"rendered":"<p><img loading=\"lazy\" decoding=\"async\" class=\" alignleft size-full wp-image-2396\" src=\"http:\/\/wordpress.local\/wp-content\/uploads\/2016\/09\/moocs.png\" border=\"0\" width=\"277\" height=\"189\" style=\"float: left;\" \/>El Tecnol\u00f3gico Nacional de M\u00e9xico (TecNM) iniciar\u00e1 en septiembre 9 cursos de la modalidad MOOC (Cursos Abiertos, Masivos y en L\u00ednea) en la plataforma M\u00e9xico X, como parte de la Estrategia Nacional Digital de la Presidencia de la Rep\u00fablica y coordinado por la Direcci\u00f3n General de Televisi\u00f3n Educativa (DGTVE) de la Secretaria de Educaci\u00f3n P\u00fablica.<\/p>\n<p>  <!--more-->  <\/p>\n<p><span style=\"color: #3a3a3a;\">Los MOOCs de \u201c\u00c1lgebra Lineal\u201d, \u201cLa \u00c9tica, el ser humano y la ciencia\u201d, \u201cDesarrollo sustentable\u201d, \u201cC\u00e1lculo diferencial\u201d, \u201cC\u00e1lculo Integral\u201d e \u201cInvestigaci\u00f3n, descubriendo hechos y principios\u201d iniciar\u00e1n el d\u00eda 5 de septiembre.<\/span><\/p>\n<p style=\"color: #3a3a3a; font-family: SoberanaSans, \">Mientras que los cursos de \u201cHerramienta de gesti\u00f3n y comunicaci\u00f3n en la nube\u201d y \u201cProbabilidad y estad\u00edstica\u201d empezar\u00e1n el lunes 12 y \u201cAritm\u00e9tica y principios de \u00e1lgebra\u201d el lunes 26, durante el mismo mes. Los cursos tendr\u00e1n una duraci\u00f3n de seis semanas cada uno.<\/p>\n<p style=\"color: #3a3a3a; font-family: SoberanaSans, \">Una de las novedades en este nuevo ciclo es el tema de \u201c\u201cLa \u00c9tica, el ser humano y la ciencia\u201d, que fue desarrollado por el maestro Jos\u00e9 Luis Guadalupe Triana Hern\u00e1ndez, en coordinaci\u00f3n con un equipo de 12 acad\u00e9micos y colaboradores quienes elaboraron el contenido tem\u00e1tico, manejo de la plataforma, despliegue en redes sociales y grabaci\u00f3n en video.<\/p>\n<p style=\"color: #3a3a3a; font-family: SoberanaSans, \">El profesor investigador del Tecnol\u00f3gico de Mazatl\u00e1n dijo que el contenido de este MOOC se presentar\u00e1 en tres partes: aspectos filos\u00f3ficos, aplicaci\u00f3n a trav\u00e9s de juicios \u00e9ticos y revisi\u00f3n \u00e9tica de la investigaci\u00f3n tecnol\u00f3gica, con una duraci\u00f3n de 6 semanas.<\/p>\n<p style=\"color: #3a3a3a; font-family: SoberanaSans, \">La Direcci\u00f3n de Educaci\u00f3n Continua y a Distancia del TecNM inform\u00f3 que el grupo de investigadores involucrado en la producci\u00f3n de los nuevos MOOCs ha hecho un gran esfuerzo para cubrir todos los requisitos de participaci\u00f3n en la Plataforma M\u00e9xico X, como parte del compromiso del TecNM y la Estrategia Digital de Presidencia de la Rep\u00fablica.<\/p>\n<p style=\"color: #3a3a3a; font-family: SoberanaSans, \">En la primera promoci\u00f3n de siete de estos MOOCS, se tiene una matr\u00edcula de 115 mil estudiantes inscritos.<\/p>\n<p style=\"color: #3a3a3a; font-family: SoberanaSans, \">Los nueve cursos est\u00e1n listos para iniciar en las fechas programadas, y con el prop\u00f3sito de que participen todos los estudiantes, profesores y p\u00fablico en general interesado en los cursos, las inscripciones se realizan en la siguiente direcci\u00f3n:\u00a0<a href=\"http:\/\/mx.televisioneducativa.gob.mx\/\" style=\"color: #292929;\"> <\/a><a href=\"http:\/\/mx.televisioneducativa.gob.mx\/\" style=\"color: #292929;\">http:\/\/mx.televisioneducativa.gob.mx<\/a>, donde el usuario elegir\u00e1 el MOOC impartido por el TecNM de su preferencia.<\/p>\n<p style=\"color: #3a3a3a; font-family: SoberanaSans, \">Los cursos son gratuitos, en l\u00ednea, con una duraci\u00f3n de 6 semanas y con 3 horas de esfuerzo por semana en cada una de las asignaturas complementarias en MOOCs.<\/p>\n<p style=\"color: #3a3a3a; font-family: SoberanaSans, \">\u00a0<\/p>\n<p style=\"color: #3a3a3a; font-family: SoberanaSans, \">Inscr\u00edbete a los MOOCs del TecNM en:<\/p>\n<p style=\"color: #3a3a3a; font-family: SoberanaSans, \"><a href=\"http:\/\/mx.televisioneducativa.gob.mx\/\" style=\"color: #292929;\"> <\/a><a href=\"http:\/\/mx.televisioneducativa.gob.mx\/\" style=\"color: #292929;\">http:\/\/mx.televisioneducativa.gob.mx<\/a><\/p>\n<p style=\"color: #3a3a3a; font-family: SoberanaSans, \">\u00a0<\/p>\n<p style=\"color: #3a3a3a; font-family: SoberanaSans, \">\u00a0<\/p>\n<p style=\"color: #3a3a3a; font-family: SoberanaSans, \">Fuente: \u00a0www.tecnm.mx<\/p>\n","protected":false},"excerpt":{"rendered":"<p>El Tecnol\u00f3gico Nacional de M\u00e9xico (TecNM) iniciar\u00e1 en septiembre 9 cursos de la modalidad MOOC (Cursos Abiertos, Masivos y en L\u00ednea) en la plataforma M\u00e9xico X, como parte de la Estrategia Nacional Digital de la Presidencia de la Rep\u00fablica y coordinado por la Direcci\u00f3n General de Televisi\u00f3n Educativa (DGTVE) de la Secretaria de Educaci\u00f3n P\u00fablica.<\/p>\n<p><a href=\"https:\/\/www.tuxtla.tecnm.mx\/dcab\/el-tecnm-inicia-nuevos-moocs\/\"><span class=\"glyphicon glyphicon-arrow-right\"><\/span>&nbsp;Seguir leyendo<\/a><\/p>","protected":false},"author":1,"featured_media":2396,"comment_status":"open","ping_status":"open","sticky":false,"template":"","format":"standard","meta":{"footnotes":""},"categories":[11],"tags":[],"class_list":["post-2397","post","type-post","status-publish","format-standard","has-post-thumbnail","hentry","category-latest-news"],"_links":{"self":[{"href":"https:\/\/www.tuxtla.tecnm.mx\/dcab\/wp-json\/wp\/v2\/posts\/2397","targetHints":{"allow":["GET"]}}],"collection":[{"href":"https:\/\/www.tuxtla.tecnm.mx\/dcab\/wp-json\/wp\/v2\/posts"}],"about":[{"href":"https:\/\/www.tuxtla.tecnm.mx\/dcab\/wp-json\/wp\/v2\/types\/post"}],"author":[{"embeddable":true,"href":"https:\/\/www.tuxtla.tecnm.mx\/dcab\/wp-json\/wp\/v2\/users\/1"}],"replies":[{"embeddable":true,"href":"https:\/\/www.tuxtla.tecnm.mx\/dcab\/wp-json\/wp\/v2\/comments?post=2397"}],"version-history":[{"count":0,"href":"https:\/\/www.tuxtla.tecnm.mx\/dcab\/wp-json\/wp\/v2\/posts\/2397\/revisions"}],"wp:featuredmedia":[{"embeddable":true,"href":"https:\/\/www.tuxtla.tecnm.mx\/dcab\/wp-json\/wp\/v2\/media\/2396"}],"wp:attachment":[{"href":"https:\/\/www.tuxtla.tecnm.mx\/dcab\/wp-json\/wp\/v2\/media?parent=2397"}],"wp:term":[{"taxonomy":"category","embeddable":true,"href":"https:\/\/www.tuxtla.tecnm.mx\/dcab\/wp-json\/wp\/v2\/categories?post=2397"},{"taxonomy":"post_tag","embeddable":true,"href":"https:\/\/www.tuxtla.tecnm.mx\/dcab\/wp-json\/wp\/v2\/tags?post=2397"}],"curies":[{"name":"wp","href":"https:\/\/api.w.org\/{rel}","templated":true}]}}