{"id":2379,"date":"2016-08-26T21:05:12","date_gmt":"2016-08-26T21:05:12","guid":{"rendered":"http:\/\/wordpress.local\/2016\/08\/26\/cambios-en-la-administracion-del-ittg-3\/"},"modified":"2016-08-26T21:05:12","modified_gmt":"2016-08-26T21:05:12","slug":"cambios-en-la-administracion-del-ittg-3","status":"publish","type":"post","link":"https:\/\/www.tuxtla.tecnm.mx\/dcab\/cambios-en-la-administracion-del-ittg-3\/","title":{"rendered":"Cambios en la Administraci\u00f3n del ITTG"},"content":{"rendered":"<p><span lang=\"ES-TRAD\"><img loading=\"lazy\" decoding=\"async\" class=\" alignleft size-full wp-image-2378\" src=\"http:\/\/wordpress.local\/wp-content\/uploads\/2016\/08\/nombramiento-01.png\" border=\"0\" width=\"277\" height=\"189\" style=\"float: left;\" \/>El M.C. Jos\u00e9 \u00c1ngel Zepeda Hern\u00e1ndez, subdirector acad\u00e9mico del instituto el d\u00eda 26 de agosto del 2016, en la sala de juntas del edificio \u201cD1\u201d, agradeci\u00f3 el trabajo y apoyo durante su gesti\u00f3n al M.C. Francisco de Jes\u00fas Su\u00e1rez Ru\u00edz, reconociendo su labor y compromiso con la comunidad tecnol\u00f3gica. <\/span><\/p>\n<p>  <!--more-->  <\/p>\n<p>Dando la\u00a0 bienvenida como encargada del Depto. de Sistemas y Computaci\u00f3n a la Dra. Mar\u00eda Guadalupe Monjar\u00e1s Velasco, reconocida por su trayectoria institucional \u00a0a quien se conmin\u00f3 a trabajar siempre con el compromiso y dedicaci\u00f3n necesaria para lograr las metas planteadas en dicho departamento.<\/p>\n<p class=\"MsoNormal\">Durante el presente nombramiento estuvieron presentes acad\u00e9micos de la carrera de Ingenier\u00eda en Sistemas Computacionales dentro de ellos se encuentran: Mtra. Rosy Ilda Basave Torres, Dra. Ciclalli Cabrera Garc\u00eda, Mtra. A\u00edda Guillermina Coss\u00edo Mart\u00ednez, Mtra. Mar\u00eda Delina Culebro Farrera, Dr. Jorge William Figueroa Corzo, Mtra. Alicia Gonz\u00e1lez Laguna,Dr. H\u00e9ctor Guerra Crespo, Dra. Mar\u00eda Candelaria Guti\u00e9rrez G\u00f3mez, Mtro. Jorge Octavio Guzm\u00e1n S\u00e1nchez, Dr. Juan Carlos L\u00f3pez Pimentel, Dra. Mar\u00eda Guadalupe Mojanr\u00e1s Velasco, Mtro. N\u00e9stor Antonio Morales Navarro, Dr. Galdino Belizario Nango Sol\u00eds, Mtro. Ra\u00fal Paredes Trinidad, Dr. Mada\u00edn P\u00e9rez Patricio, Mtro. Daniel R\u00edos Garc\u00eda, Mtro. Octavio Ariosto R\u00edos Tercero, Dr. Jorge Ruiz Ovalle, Dr. Jes\u00fas Carlos S\u00e1nchez Guzm\u00e1n, , Mtro. Walter Torres Robledo, Mtra. Imelda Valles L\u00f3pez, Mtro. German Antonio Venegas Robles, Mtro. Miguel Arturo V\u00e1zquez Vel\u00e1zquez, Ing. Sergio V\u00e1zquez L\u00f3pez e Ing. Alejandro Couti\u00f1o Alfaro.<\/p>\n<p class=\"MsoNormal\"><span lang=\"ES-TRAD\"> <\/span>Al finalizar el acto, el subdirector, expres\u00f3 los buenos deseos y el mejor de los \u00e9xitos en el nuevo cargo, del mismo modo hizo la invitaci\u00f3n a los actuales jefes para entregar su experiencia y capacidad profesional en beneficio de la Educaci\u00f3n Superior Tecnol\u00f3gica del Estado de Chiapas.<\/p>\n<p class=\"MsoNormal\">\u00a0<\/p>\n<p class=\"MsoNormal\" style=\"color: #515151; font-family: soberana_sansregular, \">\u201cCIENCIA Y TECNOLOG\u00cdA CON SENTIDO HUMANO\u201d<\/p>\n<p class=\"MsoNormal\" style=\"color: #515151; font-family: soberana_sansregular, \"><span lang=\"ES-TRAD\">Instituto Tecnol\u00f3gico de Tuxtla Guti\u00e9rrez<\/span><\/p>\n<p class=\"MsoNormal\" style=\"color: #515151; font-family: soberana_sansregular, \"><span lang=\"ES-TRAD\"> <\/span><\/p>\n<p class=\"MsoNormal\" style=\"color: #515151; font-family: soberana_sansregular, \">Departamento de Comunicaci\u00f3n y Difusi\u00f3n<\/p>\n<p class=\"MsoNormal\">\u00a0<\/p>\n<p class=\"MsoNormal\">\u00a0<\/p>\n<p class=\"MsoNormal\"><span lang=\"ES-TRAD\"> <\/span><\/p>\n","protected":false},"excerpt":{"rendered":"<p>El M.C. Jos\u00e9 \u00c1ngel Zepeda Hern\u00e1ndez, subdirector acad\u00e9mico del instituto el d\u00eda 26 de agosto del 2016, en la sala de juntas del edificio \u201cD1\u201d, agradeci\u00f3 el trabajo y apoyo durante su gesti\u00f3n al M.C. Francisco de Jes\u00fas Su\u00e1rez Ru\u00edz, reconociendo su labor y compromiso con la comunidad tecnol\u00f3gica.<\/p>\n<p><a href=\"https:\/\/www.tuxtla.tecnm.mx\/dcab\/cambios-en-la-administracion-del-ittg-3\/\"><span class=\"glyphicon glyphicon-arrow-right\"><\/span>&nbsp;Seguir leyendo<\/a><\/p>","protected":false},"author":1,"featured_media":2378,"comment_status":"open","ping_status":"open","sticky":false,"template":"","format":"standard","meta":{"footnotes":""},"categories":[11],"tags":[],"class_list":["post-2379","post","type-post","status-publish","format-standard","has-post-thumbnail","hentry","category-latest-news"],"_links":{"self":[{"href":"https:\/\/www.tuxtla.tecnm.mx\/dcab\/wp-json\/wp\/v2\/posts\/2379","targetHints":{"allow":["GET"]}}],"collection":[{"href":"https:\/\/www.tuxtla.tecnm.mx\/dcab\/wp-json\/wp\/v2\/posts"}],"about":[{"href":"https:\/\/www.tuxtla.tecnm.mx\/dcab\/wp-json\/wp\/v2\/types\/post"}],"author":[{"embeddable":true,"href":"https:\/\/www.tuxtla.tecnm.mx\/dcab\/wp-json\/wp\/v2\/users\/1"}],"replies":[{"embeddable":true,"href":"https:\/\/www.tuxtla.tecnm.mx\/dcab\/wp-json\/wp\/v2\/comments?post=2379"}],"version-history":[{"count":0,"href":"https:\/\/www.tuxtla.tecnm.mx\/dcab\/wp-json\/wp\/v2\/posts\/2379\/revisions"}],"wp:featuredmedia":[{"embeddable":true,"href":"https:\/\/www.tuxtla.tecnm.mx\/dcab\/wp-json\/wp\/v2\/media\/2378"}],"wp:attachment":[{"href":"https:\/\/www.tuxtla.tecnm.mx\/dcab\/wp-json\/wp\/v2\/media?parent=2379"}],"wp:term":[{"taxonomy":"category","embeddable":true,"href":"https:\/\/www.tuxtla.tecnm.mx\/dcab\/wp-json\/wp\/v2\/categories?post=2379"},{"taxonomy":"post_tag","embeddable":true,"href":"https:\/\/www.tuxtla.tecnm.mx\/dcab\/wp-json\/wp\/v2\/tags?post=2379"}],"curies":[{"name":"wp","href":"https:\/\/api.w.org\/{rel}","templated":true}]}}