{"id":2273,"date":"2016-06-27T21:22:57","date_gmt":"2016-06-27T21:22:57","guid":{"rendered":"http:\/\/wordpress.local\/2016\/06\/27\/platica-de-induccion-a-estudiantes-de-nuevo-ingreso\/"},"modified":"2016-06-27T21:22:57","modified_gmt":"2016-06-27T21:22:57","slug":"platica-de-induccion-a-estudiantes-de-nuevo-ingreso","status":"publish","type":"post","link":"https:\/\/www.tuxtla.tecnm.mx\/dcab\/platica-de-induccion-a-estudiantes-de-nuevo-ingreso\/","title":{"rendered":"Pl\u00e1tica de inducci\u00f3n a estudiantes de nuevo ingreso."},"content":{"rendered":"<p><span lang=\"ES-TRAD\"><img loading=\"lazy\" decoding=\"async\" class=\" alignleft size-full wp-image-2272\" src=\"http:\/\/wordpress.local\/wp-content\/uploads\/2016\/06\/induccion-01.png\" border=\"0\" width=\"277\" height=\"189\" style=\"float: left;\" \/>Del 27 al 29 de junio del presente a\u00f1o se lleva a cabo la pl\u00e1tica de inducci\u00f3n para los estudiantes de nuevo ingreso de 10:00 a 14:20 hrs. en las instalaciones <span style=\"mso-spacerun:yes\"> <\/span>del edificio \u201cD1\u201d del Instituto Tecnol\u00f3gico de Tuxtla Guti\u00e9rrez. <\/span><\/p>\n<p>  <!--more-->  <\/p>\n<p>Con la finalidad de informar a los aspirantes de nuevo ingreso sobre los procesos en los cu\u00e1les estar\u00e1n inmersos a partir de su inscripci\u00f3n y durante su estancia como estudiante del instituto.\u00a0 En la pl\u00e1tica participan los \u00a0departamentos y coordinaciones que influyen directamente en el proceso educativo desde el inicio hasta el termino de su carrera profesional.<\/p>\n<p class=\"MsoNormal\" style=\"text-align:justify;text-justify:inter-ideograph\">Organizado por el departamento de Desarrollo Acad\u00e9mico a cargo de la M.C. Mar\u00eda\u00a0Delina\u00a0Culebro Farrera, la pl\u00e1tica inicia con una orientaci\u00f3n educativa por parte del Lic. Juan Carlos D\u00edaz Palacios; el Depto. de Actividades Extraescolares por parte de el Ing. Salom\u00f3n Velasco Berm\u00fadez, el Mtro. William Mauregui Maldonado y el Lic. Edin D\u00edaz Victoria; por su parte el Depto. de Servicios Escolares participa con lo relevante a becas con la Lic. Ver\u00f3nica Morales Jim\u00e9nez e inscripci\u00f3n con el Mtro. Francisco Genov\u00e9s Genov\u00e9s; el Depto. de Gesti\u00f3n y Vinculaci\u00f3n a trav\u00e9s del Lic. Higinio Garc\u00eda Mendoza\u00a0 informa sobre los requisitos y proceso de acreditaci\u00f3n de una lengua extranjera; \u00a0teniendo tambi\u00e9n la participaci\u00f3n del Mtro. Carlos Cerda Mart\u00ednez, Coordinador Institucional de Tutor\u00edas y\u00a0 por parte de la Divisi\u00f3n De Estudios Profesionales los coordinadores de cada una de las carreras del instituto.<\/p>\n<p class=\"MsoNormal\" style=\"text-align:justify;text-justify:inter-ideograph\">En entrevista con la M.C. Culebro Farrera coment\u00f3: \u201cLos procesos de inducci\u00f3n para los estudiantes en el I.T. Tuxtla Guti\u00e9rrez\u00a0 son de suma importancia, pues lo ayudan a adaptarse,\u00a0 teniendo como objetivo que constituyan una visi\u00f3n amplia acerca de la instituci\u00f3n y puedan aprovechar todos los recursos tanto educativos,\u00a0 humanos, t\u00e9cnicos y materiales que este ofrece para el desarrollo de su formaci\u00f3n profesional. De la misma manera, se plantea que este acercamiento entre los estudiantes y la instituci\u00f3n les aporte un panorama general de la organizaci\u00f3n y gesti\u00f3n, as\u00ed como de los derechos y responsabilidades que cada uno de ellos adquiere.\u201d<\/p>\n<p class=\"MsoNormal\" style=\"text-align:justify;text-justify:inter-ideograph\">El Tecnol\u00f3gico apegado a los objetivos\u00a0ofrece una educaci\u00f3n integral que equilibra la formaci\u00f3n en valores ciudadanos, el desarrollo de competencias y la adquisici\u00f3n de conocimientos, a trav\u00e9s de actividades regulares del aula, la pr\u00e1ctica docente y el ambiente institucional, para fortalecer la convivencia democr\u00e1tica e intercultural apoyando el aprendizaje de los estudiantes, ampliando sus aptitudes y favoreciendo su inserci\u00f3n en la sociedad del conocimiento.<\/p>\n<p class=\"MsoNormal\" style=\"text-align:justify;text-justify:inter-ideograph\">\u00a0<\/p>\n<p class=\"MsoNormal\" style=\"color: #515151; font-family: soberana_sansregular, \">\u201cCIENCIA Y TECNOLOG\u00cdA CON SENTIDO HUMANO\u201d<\/p>\n<p class=\"MsoNormal\" style=\"color: #515151; font-family: soberana_sansregular, \"><span lang=\"ES-TRAD\">Instituto Tecnol\u00f3gico de Tuxtla Guti\u00e9rrez<\/span><\/p>\n<p class=\"MsoNormal\" style=\"color: #515151; font-family: soberana_sansregular, \"><span lang=\"ES-TRAD\"> <\/span><\/p>\n<p class=\"MsoNormal\" style=\"color: #515151; font-family: soberana_sansregular, \">Departamento de Comunicaci\u00f3n y Difusi\u00f3n<\/p>\n<p class=\"MsoNormal\" style=\"text-align:justify;text-justify:inter-ideograph\"><span lang=\"ES-TRAD\"> <\/span><\/p>\n<p class=\"MsoNormal\" style=\"text-align:justify;text-justify:inter-ideograph\"><span lang=\"ES-TRAD\"> <\/span><\/p>\n<p class=\"MsoNormal\" style=\"text-align:justify;text-justify:inter-ideograph\"><span lang=\"ES-TRAD\"> <\/span><\/p>\n<p class=\"MsoNormal\" style=\"text-align:justify;text-justify:inter-ideograph\"><span lang=\"ES-TRAD\"> <\/span><\/p>\n<p class=\"MsoNormal\" style=\"text-align:justify;text-justify:inter-ideograph\"><span lang=\"ES-TRAD\"> <\/span><\/p>\n<p>\u00a0<\/p>\n<p class=\"MsoNormal\" style=\"text-align:justify;text-justify:inter-ideograph\"><span lang=\"ES-TRAD\"> <\/span><\/p>\n","protected":false},"excerpt":{"rendered":"<p>Del 27 al 29 de junio del presente a\u00f1o se lleva a cabo la pl\u00e1tica de inducci\u00f3n para los estudiantes de nuevo ingreso de 10:00 a 14:20 hrs. en las instalaciones del edificio \u201cD1\u201d del Instituto Tecnol\u00f3gico de Tuxtla Guti\u00e9rrez.<\/p>\n<p><a href=\"https:\/\/www.tuxtla.tecnm.mx\/dcab\/platica-de-induccion-a-estudiantes-de-nuevo-ingreso\/\"><span class=\"glyphicon glyphicon-arrow-right\"><\/span>&nbsp;Seguir leyendo<\/a><\/p>","protected":false},"author":1,"featured_media":2272,"comment_status":"open","ping_status":"open","sticky":false,"template":"","format":"standard","meta":{"footnotes":""},"categories":[11],"tags":[],"class_list":["post-2273","post","type-post","status-publish","format-standard","has-post-thumbnail","hentry","category-latest-news"],"_links":{"self":[{"href":"https:\/\/www.tuxtla.tecnm.mx\/dcab\/wp-json\/wp\/v2\/posts\/2273","targetHints":{"allow":["GET"]}}],"collection":[{"href":"https:\/\/www.tuxtla.tecnm.mx\/dcab\/wp-json\/wp\/v2\/posts"}],"about":[{"href":"https:\/\/www.tuxtla.tecnm.mx\/dcab\/wp-json\/wp\/v2\/types\/post"}],"author":[{"embeddable":true,"href":"https:\/\/www.tuxtla.tecnm.mx\/dcab\/wp-json\/wp\/v2\/users\/1"}],"replies":[{"embeddable":true,"href":"https:\/\/www.tuxtla.tecnm.mx\/dcab\/wp-json\/wp\/v2\/comments?post=2273"}],"version-history":[{"count":0,"href":"https:\/\/www.tuxtla.tecnm.mx\/dcab\/wp-json\/wp\/v2\/posts\/2273\/revisions"}],"wp:featuredmedia":[{"embeddable":true,"href":"https:\/\/www.tuxtla.tecnm.mx\/dcab\/wp-json\/wp\/v2\/media\/2272"}],"wp:attachment":[{"href":"https:\/\/www.tuxtla.tecnm.mx\/dcab\/wp-json\/wp\/v2\/media?parent=2273"}],"wp:term":[{"taxonomy":"category","embeddable":true,"href":"https:\/\/www.tuxtla.tecnm.mx\/dcab\/wp-json\/wp\/v2\/categories?post=2273"},{"taxonomy":"post_tag","embeddable":true,"href":"https:\/\/www.tuxtla.tecnm.mx\/dcab\/wp-json\/wp\/v2\/tags?post=2273"}],"curies":[{"name":"wp","href":"https:\/\/api.w.org\/{rel}","templated":true}]}}