{"id":2271,"date":"2016-06-27T21:01:34","date_gmt":"2016-06-27T21:01:34","guid":{"rendered":"http:\/\/wordpress.local\/2016\/06\/27\/curso-taller-reclutamiento-de-personal\/"},"modified":"2016-06-27T21:01:34","modified_gmt":"2016-06-27T21:01:34","slug":"curso-taller-reclutamiento-de-personal","status":"publish","type":"post","link":"https:\/\/www.tuxtla.tecnm.mx\/dcab\/curso-taller-reclutamiento-de-personal\/","title":{"rendered":"Curso-Taller \u201cReclutamiento de Personal\u201d."},"content":{"rendered":"<p><img loading=\"lazy\" decoding=\"async\" class=\" alignleft size-full wp-image-2270\" src=\"http:\/\/wordpress.local\/wp-content\/uploads\/2016\/06\/reclutamiento2-01.png\" border=\"0\" width=\"277\" height=\"189\" style=\"float: left;\" \/>En las instalaciones del Instituto Tecnol\u00f3gico de Tuxtla Guti\u00e9rrez este lunes 27 de junio dio inicio el curso-taller \u201cReclutamiento de Personal\u201d , dirigido a alumnos de 8\u00ba y 9\u00ba semestre, con el fin de permitir a los j\u00f3venes una inserci\u00f3n r\u00e1pida al mercado laboral, con una duraci\u00f3n de 35 horas en horario de 8:00\u00a0 a 14:00.<\/p>\n<p>  <!--more-->  <\/p>\n<p>Organizado por el departamento de Desarrollo Acad\u00e9mico, desempe\u00f1andose como instructora a la M.C. Judith Arminda Garc\u00eda Cancino, quien entrevista coment\u00f3: el objetivo del taller es que el estudiante desarrolle competencias para proyectarse profesionalmente en el ambiente laboral, a partir del dise\u00f1o, uso de estrategias y herramientas para el desarrollo del capital humano; \u00a0en donde se impartir\u00e1n temas como: el autoan\u00e1lisis,\u00a0 la marca personal, actitudes de b\u00fasqueda de empleo, claves para la elaboraci\u00f3n de un buen curriculum vitae, reclutamiento y selecci\u00f3n as\u00ed tambi\u00e9n, como afrontar el proceso de selecci\u00f3n.<\/p>\n<p class=\"MsoNormal\"><span lang=\"ES-TRAD\"> <\/span>As\u00ed mismo agreg\u00f3: \u201cEn el taller se desarrollar\u00e1n habilidades en el estudiante, para rentabilizar el esfuerzo en el proceso de inserci\u00f3n al mercado laboral, iniciamos a trav\u00e9s de autoan\u00e1lisis y reflexi\u00f3n\u00a0 de quienes somos, que competencias tenemos, cu\u00e1les son nuestras habilidades, que caracter\u00edsticas nos distinguen de los dem\u00e1s, as\u00ed como lo propio para poder conseguir con ventajas un trabajo. Cuando estamos pr\u00f3ximos a egresar nos ponemos a pensar\u00a0 como vamos a reaccionar, hoy en d\u00eda hay mucha competencia en el mercado laboral y a trav\u00e9s de este taller los estudiantes podr\u00e1n desarrollar aptitudes que les permitir\u00e1n afrontar esta situaci\u00f3n con preeminencia. \u201c<\/p>\n<p class=\"MsoNormal\">Uno de los aspectos significativos que se trabaja en el ITTG es el de presentarles a los estudiantes una formaci\u00f3n integral, siendo parte de esto su desarrollo profesional, por lo que a trav\u00e9s de conferencias con especialistas, talleres, congresos y diplomados, adquieren capacidades relevantes que suponen m\u00e9ritos en su inclusi\u00f3n en el mercado laboral.<\/p>\n<p class=\"MsoNormal\">\u00a0<\/p>\n<p class=\"MsoNormal\" style=\"color: #515151; font-family: soberana_sansregular, \" New=\"New\" Roman\",=\"Roman\",\" Georgia,=\"Georgia,\" Times,=\"Times,\" serif;=\"serif;\" background-color:=\"background-color:\" #ffffff;\"=\"#ffffff;\"\">\u201cCIENCIA Y TECNOLOG\u00cdA CON SENTIDO HUMANO\u201d<\/p>\n<p class=\"MsoNormal\" style=\"color: #515151; font-family: soberana_sansregular, \" New=\"New\" Roman\",=\"Roman\",\" Georgia,=\"Georgia,\" Times,=\"Times,\" serif;=\"serif;\" background-color:=\"background-color:\" #ffffff;\"=\"#ffffff;\"\"><span lang=\"ES-TRAD\">Instituto Tecnol\u00f3gico de Tuxtla Guti\u00e9rrez<\/span><\/p>\n<p class=\"MsoNormal\" style=\"color: #515151; font-family: soberana_sansregular, \" New=\"New\" Roman\",=\"Roman\",\" Georgia,=\"Georgia,\" Times,=\"Times,\" serif;=\"serif;\" background-color:=\"background-color:\" #ffffff;\"=\"#ffffff;\"\"><span lang=\"ES-TRAD\"> <\/span><\/p>\n<p class=\"MsoNormal\" style=\"color: #515151; font-family: soberana_sansregular, \" New=\"New\" Roman\",=\"Roman\",\" Georgia,=\"Georgia,\" Times,=\"Times,\" serif;=\"serif;\" background-color:=\"background-color:\" #ffffff;\"=\"#ffffff;\"\">Departamento de Comunicaci\u00f3n y Difusi\u00f3n<\/p>\n<p class=\"MsoNormal\" style=\"color: #515151; font-family: soberana_sansregular, \"><span lang=\"ES-TRAD\"> <\/span><\/p>\n<p>\u00a0<\/p>\n<p class=\"MsoNormal\" style=\"margin: 13px 0px; padding: 0px; color: #515151; font-family: soberana_sansregular, \">Departamento de Comunicaci\u00f3n y Difusi\u00f3n<\/p>\n<p class=\"MsoNormal\"><span lang=\"ES-TRAD\"> <\/span><\/p>\n<p class=\"MsoNormal\"><span lang=\"ES-TRAD\"> <\/span><\/p>\n","protected":false},"excerpt":{"rendered":"<p>En las instalaciones del Instituto Tecnol\u00f3gico de Tuxtla Guti\u00e9rrez este lunes 27 de junio dio inicio el curso-taller \u201cReclutamiento de Personal\u201d , dirigido a alumnos de 8\u00ba y 9\u00ba semestre, con el fin de permitir a los j\u00f3venes una inserci\u00f3n r\u00e1pida al mercado laboral, con una duraci\u00f3n de 35 horas en horario de 8:00\u00a0 a&#8230;<\/p>\n<p><a href=\"https:\/\/www.tuxtla.tecnm.mx\/dcab\/curso-taller-reclutamiento-de-personal\/\"><span class=\"glyphicon glyphicon-arrow-right\"><\/span>&nbsp;Seguir leyendo<\/a><\/p>","protected":false},"author":1,"featured_media":2270,"comment_status":"open","ping_status":"open","sticky":false,"template":"","format":"standard","meta":{"footnotes":""},"categories":[11],"tags":[],"class_list":["post-2271","post","type-post","status-publish","format-standard","has-post-thumbnail","hentry","category-latest-news"],"_links":{"self":[{"href":"https:\/\/www.tuxtla.tecnm.mx\/dcab\/wp-json\/wp\/v2\/posts\/2271","targetHints":{"allow":["GET"]}}],"collection":[{"href":"https:\/\/www.tuxtla.tecnm.mx\/dcab\/wp-json\/wp\/v2\/posts"}],"about":[{"href":"https:\/\/www.tuxtla.tecnm.mx\/dcab\/wp-json\/wp\/v2\/types\/post"}],"author":[{"embeddable":true,"href":"https:\/\/www.tuxtla.tecnm.mx\/dcab\/wp-json\/wp\/v2\/users\/1"}],"replies":[{"embeddable":true,"href":"https:\/\/www.tuxtla.tecnm.mx\/dcab\/wp-json\/wp\/v2\/comments?post=2271"}],"version-history":[{"count":0,"href":"https:\/\/www.tuxtla.tecnm.mx\/dcab\/wp-json\/wp\/v2\/posts\/2271\/revisions"}],"wp:featuredmedia":[{"embeddable":true,"href":"https:\/\/www.tuxtla.tecnm.mx\/dcab\/wp-json\/wp\/v2\/media\/2270"}],"wp:attachment":[{"href":"https:\/\/www.tuxtla.tecnm.mx\/dcab\/wp-json\/wp\/v2\/media?parent=2271"}],"wp:term":[{"taxonomy":"category","embeddable":true,"href":"https:\/\/www.tuxtla.tecnm.mx\/dcab\/wp-json\/wp\/v2\/categories?post=2271"},{"taxonomy":"post_tag","embeddable":true,"href":"https:\/\/www.tuxtla.tecnm.mx\/dcab\/wp-json\/wp\/v2\/tags?post=2271"}],"curies":[{"name":"wp","href":"https:\/\/api.w.org\/{rel}","templated":true}]}}