{"id":2256,"date":"2016-06-20T14:30:23","date_gmt":"2016-06-20T14:30:23","guid":{"rendered":"http:\/\/wordpress.local\/2016\/06\/20\/cresud-siltepec\/"},"modified":"2016-06-20T14:30:23","modified_gmt":"2016-06-20T14:30:23","slug":"cresud-siltepec","status":"publish","type":"post","link":"https:\/\/www.tuxtla.tecnm.mx\/dcab\/cresud-siltepec\/","title":{"rendered":"C.R.E.S.U.D.  Siltepec"},"content":{"rendered":"<div class=\"item-page\" style=\"color: #303f50; font-family: Telex, Arial, \">\n<div class=\"art-postcontent clearfix\" style=\"text-align: justify; line-height: 22.75px;\">\n<div class=\"art-article\">\n<p class=\"MsoNormal\"><strong><span style=\"font-size: 18pt; line-height: 27.6px; font-family: \">Siltepec<\/span><\/strong><\/p>\n<p class=\"MsoNormal\"><img loading=\"lazy\" decoding=\"async\" class=\" alignright size-full wp-image-2255\" src=\"http:\/\/wordpress.local\/wp-content\/uploads\/2016\/06\/siltepec.jpg\" border=\"0\" style=\"float: right;\" width=\"300\" height=\"260\" \/><strong><span style=\"font-size: 18pt; line-height: 27.6px; font-family: \"> <\/span><\/strong><span style=\"font-family: Arial, sans-serif; font-size: 12pt; line-height: 18.4px;\">Siltepec limita al Norte con Chicomuselo, al Sur con El Porvenir, Motozintla y Escuintla, al Este con Bella Vista y La Grandeza y al Oeste con \u00c1ngel Albino Corzo y Mapastepec. El clima es semic\u00e1lido-h\u00famedo con lluvias abundantes en verano. La vegetaci\u00f3n es de bosque de encino-pino. Por su territorio corren los r\u00edos Vega de Guerrero y Honduras que se unen para formar el r\u00edo Chicomuselo y otros cursos considerables como son los r\u00edos Delicias y Matasanos y los arroyos Parralito, El Rosario y Obscuro.<\/span><span style=\"font-size: 12pt; line-height: 18.4px; font-family: Arial, sans-serif;\">El nombre de Siltepec significa en n\u00e1huatl &#8220;Del cerro de los caracolitos&#8221;. Este municipio se encuentra ubicado en la Sierra Madre de Chiapas, por lo que su relieve est\u00e1 conformado por zonas accidentadas. Tiene una extensi\u00f3n territorial de 685.6 km\u00b2. <\/span><\/p>\n<p class=\"MsoNormal\"><span style=\"font-size: 12pt; line-height: 18.4px; font-family: Arial, sans-serif;\">Dentro de los l\u00edmites de este municipio se encuentran La Reserva de la Biosfera \u201cEl Triunfo\u201d y la Zona Sujeta a Conservaci\u00f3n Ecol\u00f3gica \u201cPico, El Loro Paxtal\u201d.<\/span><\/p>\n<p><span style=\"font-size: 12pt; line-height: 18.4px; font-family: Arial, sans-serif;\">Se inician los procesos de creaci\u00f3n de un nuevo C.R.E.S.U.D. en el municipio de Siltepec, Chiapas, los argumentos que avalan la apertura de un nuevo servicio educativo se presentan a trav\u00e9s de las pol\u00edticas p\u00fablicas que los <\/span><span style=\"font-family: Arial, sans-serif; font-size: 12pt; line-height: 18.4px;\">planes normativos tanto federales, estatales, se exponen desde distintos puntos de vista la necesidad de ampliar la cobertura de educaci\u00f3n superior tecnol\u00f3gica para el desarrollo de las potencialidades del estado de Chiapas, y as\u00ed fue como se comenz\u00f3 a ofrecer los servicios educativos en Junio de 2010, en dicho municipio, en instalaciones prestadas que pertenecen a la Secundaria T\u00e9cnica 15 de Septiembre, durante el gobierno del Lic. Juan Sabines Guerrero.<\/span><\/p>\n<p>\u00a0<\/p>\n<p>\u00a0<\/p>\n<p>\u00a0<\/p>\n<p>\u00a0<\/p>\n<p>\u00a0<\/p>\n<h1 style=\"text-align: center;\">Nuestras Sedes<\/h1>\n<p style=\"text-align: center;\"><a class=\"hovered\" href=\"index.php?option=com_content&#038;view=article&#038;id=1149\" target=\"_self\" title=\"C.R.E.S.U.D. Acala\" style=\"line-height: 21px; font-size: 12px;\"><img loading=\"lazy\" decoding=\"async\" class=\" size-full wp-image-2249\" src=\"http:\/\/wordpress.local\/wp-content\/uploads\/2016\/06\/AcalaB.png\" border=\"0\" width=\"210\" height=\"100\" style=\"vertical-align: text-top;\" \/><\/a><span style=\"font-family: Verdana, Arial, Helvetica, sans-serif; font-size: 12px; line-height: normal; text-align: justify;\"> <\/span><a class=\"hovered\" href=\"index.php?option=com_content&#038;view=article&#038;id=1151\" target=\"_blank\" title=\"C.R.E.S.U.D. La Concordia\" style=\"line-height: 21px; font-size: 12px;\"><img loading=\"lazy\" decoding=\"async\" class=\" size-full wp-image-2243\" src=\"http:\/\/wordpress.local\/wp-content\/uploads\/2016\/06\/ConcordiaB.png\" border=\"0\" width=\"210\" height=\"100\" style=\"vertical-align: text-top;\" \/><\/a><span style=\"font-family: Verdana, Arial, Helvetica, sans-serif; font-size: 12px; line-height: normal; text-align: justify;\"> <\/span><\/p>\n<p><span style=\"font-family: Arial, sans-serif; font-size: 12pt; line-height: 18.4px;\"> <\/span><\/p>\n<p style=\"text-align: center;\"><span style=\"font-family: Verdana, Arial, Helvetica, sans-serif; font-size: 12px; line-height: normal; text-align: justify;\"> <\/span><a class=\"hovered\" href=\"index.php?option=com_content&#038;view=article&#038;id=1150\" target=\"_blank\" title=\"C.R.E.S.U.D. Soyal\u00f3\" style=\"line-height: 22.75px;\"><img loading=\"lazy\" decoding=\"async\" class=\" size-full wp-image-2245\" src=\"http:\/\/wordpress.local\/wp-content\/uploads\/2016\/06\/SoyaloB.png\" border=\"0\" alt=\"http:\/\/www.ittg.edu.mx\/index.php?option=com_content&#038;view=article&#038;id=25&#038;Itemid=1150\" width=\"210\" height=\"100\" style=\"vertical-align: text-top;\" \/><\/a><span style=\"font-family: Verdana, Arial, Helvetica, sans-serif; font-size: 12px; line-height: normal; text-align: justify;\"> <\/span><a class=\"hover\" href=\"index.php?option=com_content&#038;view=article&#038;id=1152\" target=\"_blank\" title=\"C.R.E.S.U.D. Tiltepec\" style=\"line-height: 21px; font-size: 12px;\"><img loading=\"lazy\" decoding=\"async\" class=\" size-full wp-image-2246\" src=\"http:\/\/wordpress.local\/wp-content\/uploads\/2016\/06\/TiltepecB.png\" border=\"0\" width=\"210\" height=\"100\" style=\"vertical-align: text-top;\" \/><\/a><\/p>\n<\/p><\/div>\n<\/p><\/div>\n<\/p><\/div>\n","protected":false},"excerpt":{"rendered":"<p>Siltepec Siltepec limita al Norte con Chicomuselo, al Sur con El Porvenir, Motozintla y Escuintla, al Este con Bella Vista y La Grandeza y al Oeste con \u00c1ngel Albino Corzo y Mapastepec. El clima es semic\u00e1lido-h\u00famedo con lluvias abundantes en verano. La vegetaci\u00f3n es de bosque de encino-pino. Por su territorio corren los r\u00edos Vega&#8230;<\/p>\n<p><a href=\"https:\/\/www.tuxtla.tecnm.mx\/dcab\/cresud-siltepec\/\"><span class=\"glyphicon glyphicon-arrow-right\"><\/span>&nbsp;Seguir leyendo<\/a><\/p>","protected":false},"author":1,"featured_media":2255,"comment_status":"open","ping_status":"open","sticky":false,"template":"","format":"standard","meta":{"footnotes":""},"categories":[11],"tags":[],"class_list":["post-2256","post","type-post","status-publish","format-standard","has-post-thumbnail","hentry","category-latest-news"],"_links":{"self":[{"href":"https:\/\/www.tuxtla.tecnm.mx\/dcab\/wp-json\/wp\/v2\/posts\/2256","targetHints":{"allow":["GET"]}}],"collection":[{"href":"https:\/\/www.tuxtla.tecnm.mx\/dcab\/wp-json\/wp\/v2\/posts"}],"about":[{"href":"https:\/\/www.tuxtla.tecnm.mx\/dcab\/wp-json\/wp\/v2\/types\/post"}],"author":[{"embeddable":true,"href":"https:\/\/www.tuxtla.tecnm.mx\/dcab\/wp-json\/wp\/v2\/users\/1"}],"replies":[{"embeddable":true,"href":"https:\/\/www.tuxtla.tecnm.mx\/dcab\/wp-json\/wp\/v2\/comments?post=2256"}],"version-history":[{"count":0,"href":"https:\/\/www.tuxtla.tecnm.mx\/dcab\/wp-json\/wp\/v2\/posts\/2256\/revisions"}],"wp:featuredmedia":[{"embeddable":true,"href":"https:\/\/www.tuxtla.tecnm.mx\/dcab\/wp-json\/wp\/v2\/media\/2255"}],"wp:attachment":[{"href":"https:\/\/www.tuxtla.tecnm.mx\/dcab\/wp-json\/wp\/v2\/media?parent=2256"}],"wp:term":[{"taxonomy":"category","embeddable":true,"href":"https:\/\/www.tuxtla.tecnm.mx\/dcab\/wp-json\/wp\/v2\/categories?post=2256"},{"taxonomy":"post_tag","embeddable":true,"href":"https:\/\/www.tuxtla.tecnm.mx\/dcab\/wp-json\/wp\/v2\/tags?post=2256"}],"curies":[{"name":"wp","href":"https:\/\/api.w.org\/{rel}","templated":true}]}}