{"id":2254,"date":"2016-06-20T14:27:54","date_gmt":"2016-06-20T14:27:54","guid":{"rendered":"http:\/\/wordpress.local\/2016\/06\/20\/cresud-tiltepec\/"},"modified":"2016-06-20T14:27:54","modified_gmt":"2016-06-20T14:27:54","slug":"cresud-tiltepec","status":"publish","type":"post","link":"https:\/\/www.tuxtla.tecnm.mx\/dcab\/cresud-tiltepec\/","title":{"rendered":"C.R.E.S.U.D.  Tiltepec"},"content":{"rendered":"<h2 style=\"color: #303f50; font-family: Telex, Arial,;\"><strong><span style=\"font-size: 18pt; line-height: 27.6px; font-family: \">Tiltepec <\/span><\/strong><\/h2>\n<p class=\"MsoNormal\" style=\"color: #303f50; font-family: Telex, Arial, \"><span style=\"font-size: 12pt; line-height: 18.4px; font-family: Arial, sans-serif;\"><img loading=\"lazy\" decoding=\"async\" class=\" alignright size-full wp-image-2253\" src=\"http:\/\/wordpress.local\/wp-content\/uploads\/2016\/06\/Tiltepec.jpg\" border=\"0\" style=\"float: right;\" width=\"338\" height=\"306\" srcset=\"https:\/\/www.tuxtla.tecnm.mx\/dcab\/wp-content\/uploads\/2016\/06\/Tiltepec.jpg 338w, https:\/\/www.tuxtla.tecnm.mx\/dcab\/wp-content\/uploads\/2016\/06\/Tiltepec-300x272.jpg 300w\" sizes=\"auto, (max-width: 338px) 100vw, 338px\" \/>Se localiza en el municipio\u00a0Jiquipilas, a una altitud media de 684 m.s.n.m. <\/span><span style=\"font-family: Arial, sans-serif; font-size: 12pt; line-height: 18.4px;\">Cuenta con una poblaci\u00f3n total de 2,007<\/span><span style=\"font-family: Arial, sans-serif; font-size: 12pt; line-height: 18.4px;\"> habitantes (INEGI 2013). <\/span><span style=\"font-family: Arial, sans-serif; font-size: 12pt; line-height: 18.4px;\">Destacan como atractivos tur\u00edsticos el templo cat\u00f3lico y ruinas ubicadas en la parroquia que datan del siglo XIX; Se llevan a cabo las Fiestas del Se\u00f1or de Esquipulas, fiesta patronal de San Pedro, Virgen de la Concepci\u00f3n y una exposici\u00f3n ganadera. <\/span><\/p>\n<p class=\"MsoNormal\" style=\"color: #303f50; font-family: Telex, Arial, \"><span style=\"font-family: Arial, sans-serif; font-size: 12pt; line-height: 18.4px;\">El 31 de Agosto de 2009, el Lic. Juan Sabines Guerrero gobernador del Estado de Chiapas visit\u00f3 el ejido Tiltepec, municipio de Jiquipilas, donde inaugur\u00f3 el Centro Regional de Educaci\u00f3n Superior a Distancia en compa\u00f1\u00eda autoridades de la Secretar\u00eda de Educaci\u00f3n del Estado, el M.A.P. Tom\u00e1s Palomino Sol\u00f3rzano exdirector del Instituto Tecnol\u00f3gico de Tuxtla Guti\u00e9rrez, el C.P. Lesther Hern\u00e1ndez Esquinca presidente municipal de Jiquipilas y el C. Luis Antonio Oca\u00f1a L\u00f3pez Comisariado Ejidal de Tiltepec.<\/span><\/p>\n<p class=\"MsoNormal\" style=\"color: #303f50; font-family: Telex, Arial, \">\u00a0<\/p>\n<p class=\"MsoNormal\" style=\"color: #303f50; font-family: Telex, Arial, \">\u00a0<\/p>\n<p class=\"MsoNormal\" style=\"color: #303f50; font-family: Telex, Arial, \">\u00a0<\/p>\n<p class=\"MsoNormal\" style=\"color: #303f50; font-family: Telex, Arial, \">\u00a0<\/p>\n<p class=\"MsoNormal\" style=\"color: #303f50; font-family: Telex, Arial, \">\u00a0<\/p>\n<p class=\"MsoNormal\" style=\"color: #303f50; font-family: Telex, Arial, \">\u00a0<\/p>\n<p class=\"MsoNormal\" style=\"color: #303f50; font-family: Telex, Arial, \">\u00a0<\/p>\n<h1 style=\"text-align: center;\">Nuestras Sedes<\/h1>\n<p style=\"text-align: center;\"><a class=\"hovered\" href=\"index.php?option=com_content&#038;view=article&#038;id=1149\" target=\"_self\" title=\"C.R.E.S.U.D. Acala\" style=\"line-height: 21px; font-size: 12px;\"><img loading=\"lazy\" decoding=\"async\" class=\" size-full wp-image-2249\" src=\"http:\/\/wordpress.local\/wp-content\/uploads\/2016\/06\/AcalaB.png\" border=\"0\" width=\"210\" height=\"100\" style=\"vertical-align: text-top;\" \/><\/a><span style=\"font-family: Verdana, Arial, Helvetica, sans-serif; font-size: 12px; line-height: normal; text-align: justify;\"> <\/span><a class=\"hovered\" href=\"index.php?option=com_content&#038;view=article&#038;id=1150\" target=\"_blank\" title=\"C.R.E.S.U.D. La Concordia\" style=\"line-height: 21px; font-size: 12px;\"><img loading=\"lazy\" decoding=\"async\" class=\" size-full wp-image-2243\" src=\"http:\/\/wordpress.local\/wp-content\/uploads\/2016\/06\/ConcordiaB.png\" border=\"0\" width=\"210\" height=\"100\" style=\"vertical-align: text-top;\" \/><\/a><\/p>\n<p style=\"text-align: center;\"><a class=\"hovered\" href=\"index.php?option=com_content&#038;view=article&#038;id=1150\" target=\"_blank\" title=\"C.R.E.S.U.D. La Concordia\" style=\"line-height: 21px; font-size: 12px;\"><\/a><span style=\"font-family: Verdana, Arial, Helvetica, sans-serif; font-size: 12px; line-height: normal; text-align: justify;\"> <\/span><a class=\"hovered\" href=\"index.php?option=com_content&#038;view=article&#038;id=1153\" target=\"_blank\" title=\"C.R.E.S.U.D. Siltepec\" style=\"line-height: 22.75px;\"><img loading=\"lazy\" decoding=\"async\" class=\" size-full wp-image-2244\" src=\"http:\/\/wordpress.local\/wp-content\/uploads\/2016\/06\/SiltepecB.png\" border=\"0\" width=\"210\" height=\"100\" style=\"vertical-align: text-top;\" \/><\/a> <a class=\"hovered\" href=\"index.php?option=com_content&#038;view=article&#038;id=1150\" target=\"_blank\" title=\"C.R.E.S.U.D. Soyal\u00f3\" style=\"line-height: 22.75px;\"><img loading=\"lazy\" decoding=\"async\" class=\" size-full wp-image-2245\" src=\"http:\/\/wordpress.local\/wp-content\/uploads\/2016\/06\/SoyaloB.png\" border=\"0\" alt=\"http:\/\/www.ittg.edu.mx\/index.php?option=com_content&#038;view=article&#038;id=25&#038;Itemid=1150\" width=\"210\" height=\"100\" style=\"vertical-align: text-top;\" \/><\/a><span style=\"font-family: Verdana, Arial, Helvetica, sans-serif; font-size: 12px; line-height: normal; text-align: justify;\"> <\/span><\/p>\n","protected":false},"excerpt":{"rendered":"<p>Tiltepec Se localiza en el municipio\u00a0Jiquipilas, a una altitud media de 684 m.s.n.m. Cuenta con una poblaci\u00f3n total de 2,007 habitantes (INEGI 2013). Destacan como atractivos tur\u00edsticos el templo cat\u00f3lico y ruinas ubicadas en la parroquia que datan del siglo XIX; Se llevan a cabo las Fiestas del Se\u00f1or de Esquipulas, fiesta patronal de San&#8230;<\/p>\n<p><a href=\"https:\/\/www.tuxtla.tecnm.mx\/dcab\/cresud-tiltepec\/\"><span class=\"glyphicon glyphicon-arrow-right\"><\/span>&nbsp;Seguir leyendo<\/a><\/p>","protected":false},"author":1,"featured_media":2253,"comment_status":"open","ping_status":"open","sticky":false,"template":"","format":"standard","meta":{"footnotes":""},"categories":[11],"tags":[],"class_list":["post-2254","post","type-post","status-publish","format-standard","has-post-thumbnail","hentry","category-latest-news"],"_links":{"self":[{"href":"https:\/\/www.tuxtla.tecnm.mx\/dcab\/wp-json\/wp\/v2\/posts\/2254","targetHints":{"allow":["GET"]}}],"collection":[{"href":"https:\/\/www.tuxtla.tecnm.mx\/dcab\/wp-json\/wp\/v2\/posts"}],"about":[{"href":"https:\/\/www.tuxtla.tecnm.mx\/dcab\/wp-json\/wp\/v2\/types\/post"}],"author":[{"embeddable":true,"href":"https:\/\/www.tuxtla.tecnm.mx\/dcab\/wp-json\/wp\/v2\/users\/1"}],"replies":[{"embeddable":true,"href":"https:\/\/www.tuxtla.tecnm.mx\/dcab\/wp-json\/wp\/v2\/comments?post=2254"}],"version-history":[{"count":0,"href":"https:\/\/www.tuxtla.tecnm.mx\/dcab\/wp-json\/wp\/v2\/posts\/2254\/revisions"}],"wp:featuredmedia":[{"embeddable":true,"href":"https:\/\/www.tuxtla.tecnm.mx\/dcab\/wp-json\/wp\/v2\/media\/2253"}],"wp:attachment":[{"href":"https:\/\/www.tuxtla.tecnm.mx\/dcab\/wp-json\/wp\/v2\/media?parent=2254"}],"wp:term":[{"taxonomy":"category","embeddable":true,"href":"https:\/\/www.tuxtla.tecnm.mx\/dcab\/wp-json\/wp\/v2\/categories?post=2254"},{"taxonomy":"post_tag","embeddable":true,"href":"https:\/\/www.tuxtla.tecnm.mx\/dcab\/wp-json\/wp\/v2\/tags?post=2254"}],"curies":[{"name":"wp","href":"https:\/\/api.w.org\/{rel}","templated":true}]}}