{"id":22266,"date":"2025-05-15T10:42:00","date_gmt":"2025-05-15T15:42:00","guid":{"rendered":"https:\/\/www.tuxtla.tecnm.mx\/?p=22266"},"modified":"2025-05-19T12:31:28","modified_gmt":"2025-05-19T17:31:28","slug":"jornada-de-conferencias-virtuales-2025","status":"publish","type":"post","link":"https:\/\/www.tuxtla.tecnm.mx\/dcab\/jornada-de-conferencias-virtuales-2025\/","title":{"rendered":"Jornada de Conferencias Virtuales 2025"},"content":{"rendered":"\n<div class=\"wp-block-image\"><figure class=\"aligncenter size-large is-resized\"><img decoding=\"async\" src=\"https:\/\/www.tuxtla.tecnm.mx\/wp-content\/uploads\/2025\/05\/WhatsApp-Image-2025-05-19-at-11.30.12-AM.jpeg\" alt=\"\" class=\"wp-image-22277\" width=\"320\" srcset=\"https:\/\/www.tuxtla.tecnm.mx\/dcab\/wp-content\/uploads\/2025\/05\/WhatsApp-Image-2025-05-19-at-11.30.12-AM.jpeg 855w, https:\/\/www.tuxtla.tecnm.mx\/dcab\/wp-content\/uploads\/2025\/05\/WhatsApp-Image-2025-05-19-at-11.30.12-AM-300x167.jpeg 300w, https:\/\/www.tuxtla.tecnm.mx\/dcab\/wp-content\/uploads\/2025\/05\/WhatsApp-Image-2025-05-19-at-11.30.12-AM-768x427.jpeg 768w\" sizes=\"(max-width: 855px) 100vw, 855px\" \/><\/figure><\/div>\n\n\n\n<p class=\"wp-block-paragraph\">Con el objetivo de fortalecer las competencias acad\u00e9micas y profesionales de nuestra comunidad, se llev\u00f3 a cabo con gran entusiasmo la Jornada de Conferencias Virtuales 2025 del Instituto Tecnol\u00f3gico de Tuxtla Guti\u00e9rrez, en su modalidad de Educaci\u00f3n a Distancia.<\/p>\n\n\n\n<!--more-->\n\n\n\n<figure class=\"wp-block-image size-large is-resized\"><img decoding=\"async\" src=\"https:\/\/www.tuxtla.tecnm.mx\/wp-content\/uploads\/2025\/05\/Captura-de-pantalla-2025-05-13-135416-1024x621.png\" alt=\"\" class=\"wp-image-22267\" width=\"580\" srcset=\"https:\/\/www.tuxtla.tecnm.mx\/dcab\/wp-content\/uploads\/2025\/05\/Captura-de-pantalla-2025-05-13-135416-1024x621.png 1024w, https:\/\/www.tuxtla.tecnm.mx\/dcab\/wp-content\/uploads\/2025\/05\/Captura-de-pantalla-2025-05-13-135416-300x182.png 300w, https:\/\/www.tuxtla.tecnm.mx\/dcab\/wp-content\/uploads\/2025\/05\/Captura-de-pantalla-2025-05-13-135416-768x466.png 768w, https:\/\/www.tuxtla.tecnm.mx\/dcab\/wp-content\/uploads\/2025\/05\/Captura-de-pantalla-2025-05-13-135416.png 1126w\" sizes=\"(max-width: 1024px) 100vw, 1024px\" \/><\/figure>\n\n\n\n<p class=\"wp-block-paragraph\"> Un evento que reuni\u00f3 conocimiento, experiencia e innovaci\u00f3n. La jornada fue inaugurada por el Director del Tecnol\u00f3gico Nacional de M\u00e9xico- Instituto Tecnol\u00f3gico de Tuxtla Guti\u00e9rrez, Jos\u00e9 Manuel Rosado P\u00e9rez, acompa\u00f1ado de distinguidas autoridades del Instituto, destacando la importancia de ofrecer espacios formativos que preparen a las y los estudiantes para los retos del entorno actual. <\/p>\n\n\n\n<figure class=\"wp-block-image size-large\"><img loading=\"lazy\" decoding=\"async\" width=\"1024\" height=\"610\" src=\"https:\/\/www.tuxtla.tecnm.mx\/wp-content\/uploads\/2025\/05\/Captura-de-pantalla-2025-05-13-a-las-2.54.07\u202fp.m.-1024x610.png\" alt=\"\" class=\"wp-image-22271\" srcset=\"https:\/\/www.tuxtla.tecnm.mx\/dcab\/wp-content\/uploads\/2025\/05\/Captura-de-pantalla-2025-05-13-a-las-2.54.07\u202fp.m.-1024x610.png 1024w, https:\/\/www.tuxtla.tecnm.mx\/dcab\/wp-content\/uploads\/2025\/05\/Captura-de-pantalla-2025-05-13-a-las-2.54.07\u202fp.m.-300x179.png 300w, https:\/\/www.tuxtla.tecnm.mx\/dcab\/wp-content\/uploads\/2025\/05\/Captura-de-pantalla-2025-05-13-a-las-2.54.07\u202fp.m.-768x457.png 768w, https:\/\/www.tuxtla.tecnm.mx\/dcab\/wp-content\/uploads\/2025\/05\/Captura-de-pantalla-2025-05-13-a-las-2.54.07\u202fp.m.-1536x914.png 1536w, https:\/\/www.tuxtla.tecnm.mx\/dcab\/wp-content\/uploads\/2025\/05\/Captura-de-pantalla-2025-05-13-a-las-2.54.07\u202fp.m.-2048x1219.png 2048w\" sizes=\"auto, (max-width: 1024px) 100vw, 1024px\" \/><\/figure>\n\n\n\n<p class=\"wp-block-paragraph\">Cada una de las conferencias ofreci\u00f3 herramientas pr\u00e1cticas y conocimientos clave para impulsar el desarrollo acad\u00e9mico, profesional y personal de los asistentes. <\/p>\n\n\n\n<figure class=\"wp-block-image size-large\"><img loading=\"lazy\" decoding=\"async\" width=\"1024\" height=\"523\" src=\"https:\/\/www.tuxtla.tecnm.mx\/wp-content\/uploads\/2025\/05\/Captura-de-pantalla-2025-05-13-a-las-6.07.09\u202fp.m.-1024x523.png\" alt=\"\" class=\"wp-image-22269\" srcset=\"https:\/\/www.tuxtla.tecnm.mx\/dcab\/wp-content\/uploads\/2025\/05\/Captura-de-pantalla-2025-05-13-a-las-6.07.09\u202fp.m.-1024x523.png 1024w, https:\/\/www.tuxtla.tecnm.mx\/dcab\/wp-content\/uploads\/2025\/05\/Captura-de-pantalla-2025-05-13-a-las-6.07.09\u202fp.m.-300x153.png 300w, https:\/\/www.tuxtla.tecnm.mx\/dcab\/wp-content\/uploads\/2025\/05\/Captura-de-pantalla-2025-05-13-a-las-6.07.09\u202fp.m.-768x392.png 768w, https:\/\/www.tuxtla.tecnm.mx\/dcab\/wp-content\/uploads\/2025\/05\/Captura-de-pantalla-2025-05-13-a-las-6.07.09\u202fp.m.-1536x784.png 1536w, https:\/\/www.tuxtla.tecnm.mx\/dcab\/wp-content\/uploads\/2025\/05\/Captura-de-pantalla-2025-05-13-a-las-6.07.09\u202fp.m.-2048x1045.png 2048w\" sizes=\"auto, (max-width: 1024px) 100vw, 1024px\" \/><\/figure>\n\n\n\n<p class=\"wp-block-paragraph\">En la inauguraci\u00f3n se agradeci\u00f3 a los ponentes, nuestras autoridades y toda la comunidad tecnol\u00f3gica por su compromiso y entusiasmo.<\/p>\n\n\n\n<figure class=\"wp-block-image size-large\"><img loading=\"lazy\" decoding=\"async\" width=\"1024\" height=\"610\" src=\"https:\/\/www.tuxtla.tecnm.mx\/wp-content\/uploads\/2025\/05\/Captura-de-pantalla-2025-05-13-a-las-2.52.11\u202fp.m.-1024x610.png\" alt=\"\" class=\"wp-image-22270\" srcset=\"https:\/\/www.tuxtla.tecnm.mx\/dcab\/wp-content\/uploads\/2025\/05\/Captura-de-pantalla-2025-05-13-a-las-2.52.11\u202fp.m.-1024x610.png 1024w, https:\/\/www.tuxtla.tecnm.mx\/dcab\/wp-content\/uploads\/2025\/05\/Captura-de-pantalla-2025-05-13-a-las-2.52.11\u202fp.m.-300x179.png 300w, https:\/\/www.tuxtla.tecnm.mx\/dcab\/wp-content\/uploads\/2025\/05\/Captura-de-pantalla-2025-05-13-a-las-2.52.11\u202fp.m.-768x458.png 768w, https:\/\/www.tuxtla.tecnm.mx\/dcab\/wp-content\/uploads\/2025\/05\/Captura-de-pantalla-2025-05-13-a-las-2.52.11\u202fp.m.-1536x915.png 1536w, https:\/\/www.tuxtla.tecnm.mx\/dcab\/wp-content\/uploads\/2025\/05\/Captura-de-pantalla-2025-05-13-a-las-2.52.11\u202fp.m.-2048x1221.png 2048w\" sizes=\"auto, (max-width: 1024px) 100vw, 1024px\" \/><\/figure>\n\n\n\n<p class=\"wp-block-paragraph\"><em><strong>\u201cCiencia y Tecnolog\u00eda con Sentido Humano\u201d<\/strong><\/em><br>Departamento de Comunicaci\u00f3n y Difusi\u00f3n<br>TecNM Tuxtla Guti\u00e9rrez<\/p>\n","protected":false},"excerpt":{"rendered":"<p>Con el objetivo de fortalecer las competencias acad\u00e9micas y profesionales de nuestra comunidad, se llev\u00f3 a cabo con gran entusiasmo la Jornada de Conferencias Virtuales 2025 del Instituto Tecnol\u00f3gico de Tuxtla Guti\u00e9rrez, en su modalidad de Educaci\u00f3n a Distancia.<\/p>\n<p><a href=\"https:\/\/www.tuxtla.tecnm.mx\/dcab\/jornada-de-conferencias-virtuales-2025\/\"><span class=\"glyphicon glyphicon-arrow-right\"><\/span>&nbsp;Seguir leyendo<\/a><\/p>","protected":false},"author":2,"featured_media":0,"comment_status":"closed","ping_status":"open","sticky":false,"template":"","format":"standard","meta":{"footnotes":""},"categories":[1],"tags":[],"class_list":["post-22266","post","type-post","status-publish","format-standard","hentry","category-sin-categoria"],"_links":{"self":[{"href":"https:\/\/www.tuxtla.tecnm.mx\/dcab\/wp-json\/wp\/v2\/posts\/22266","targetHints":{"allow":["GET"]}}],"collection":[{"href":"https:\/\/www.tuxtla.tecnm.mx\/dcab\/wp-json\/wp\/v2\/posts"}],"about":[{"href":"https:\/\/www.tuxtla.tecnm.mx\/dcab\/wp-json\/wp\/v2\/types\/post"}],"author":[{"embeddable":true,"href":"https:\/\/www.tuxtla.tecnm.mx\/dcab\/wp-json\/wp\/v2\/users\/2"}],"replies":[{"embeddable":true,"href":"https:\/\/www.tuxtla.tecnm.mx\/dcab\/wp-json\/wp\/v2\/comments?post=22266"}],"version-history":[{"count":3,"href":"https:\/\/www.tuxtla.tecnm.mx\/dcab\/wp-json\/wp\/v2\/posts\/22266\/revisions"}],"predecessor-version":[{"id":22278,"href":"https:\/\/www.tuxtla.tecnm.mx\/dcab\/wp-json\/wp\/v2\/posts\/22266\/revisions\/22278"}],"wp:attachment":[{"href":"https:\/\/www.tuxtla.tecnm.mx\/dcab\/wp-json\/wp\/v2\/media?parent=22266"}],"wp:term":[{"taxonomy":"category","embeddable":true,"href":"https:\/\/www.tuxtla.tecnm.mx\/dcab\/wp-json\/wp\/v2\/categories?post=22266"},{"taxonomy":"post_tag","embeddable":true,"href":"https:\/\/www.tuxtla.tecnm.mx\/dcab\/wp-json\/wp\/v2\/tags?post=22266"}],"curies":[{"name":"wp","href":"https:\/\/api.w.org\/{rel}","templated":true}]}}