{"id":22218,"date":"2025-05-08T14:10:00","date_gmt":"2025-05-08T19:10:00","guid":{"rendered":"https:\/\/www.tuxtla.tecnm.mx\/?p=22218"},"modified":"2025-05-12T14:12:31","modified_gmt":"2025-05-12T19:12:31","slug":"presentan-a-finalistas-del-concurso-talento-digital-2025","status":"publish","type":"post","link":"https:\/\/www.tuxtla.tecnm.mx\/dcab\/presentan-a-finalistas-del-concurso-talento-digital-2025\/","title":{"rendered":"Presentan a finalistas del Concurso Talento Digital 2025"},"content":{"rendered":"\n<div class=\"wp-block-image\"><figure class=\"aligncenter size-large is-resized\"><img decoding=\"async\" src=\"https:\/\/www.tuxtla.tecnm.mx\/wp-content\/uploads\/2025\/05\/WhatsApp-Image-2025-05-12-at-1.08.18-PM.jpeg\" alt=\"\" class=\"wp-image-22217\" width=\"320\" srcset=\"https:\/\/www.tuxtla.tecnm.mx\/dcab\/wp-content\/uploads\/2025\/05\/WhatsApp-Image-2025-05-12-at-1.08.18-PM.jpeg 840w, https:\/\/www.tuxtla.tecnm.mx\/dcab\/wp-content\/uploads\/2025\/05\/WhatsApp-Image-2025-05-12-at-1.08.18-PM-300x184.jpeg 300w, https:\/\/www.tuxtla.tecnm.mx\/dcab\/wp-content\/uploads\/2025\/05\/WhatsApp-Image-2025-05-12-at-1.08.18-PM-768x470.jpeg 768w\" sizes=\"(max-width: 840px) 100vw, 840px\" \/><\/figure><\/div>\n\n\n\n<p class=\"wp-block-paragraph\">La ma\u00f1ana de este jueves se llev\u00f3 a cabo la presentaci\u00f3n de\nlos equipos finalistas del <strong>Concurso\nTalento Digital 2025<\/strong>, organizada por el <strong>HUB TECH Chiapas<\/strong> y el <strong>TecNM-Tuxtla<\/strong>,\nel evento tiene como objetivo que los estudiantes desarrollen soluciones\ninnovadoras a problem\u00e1ticas sociales, con el fin de generar un impacto positivo\ntanto a nivel local como regional.<\/p>\n\n\n\n<!--more-->\n\n\n\n<p class=\"wp-block-paragraph\">Mar\u00eda Delina Culebro Farrera, Subdirectora Acad\u00e9mica del\nTecNM Tuxtla Guti\u00e9rrez, felicit\u00f3 a los equipos <strong><em>GPT Lovers<\/em><\/strong> y <strong><em>Syntax\nError<\/em><\/strong>, quienes destacaron con sus proyectos y obtuvieron su pase a la\nsiguiente etapa del concurso.<\/p>\n\n\n\n<div class=\"wp-block-image\"><figure class=\"aligncenter size-large is-resized\"><img decoding=\"async\" src=\"https:\/\/www.tuxtla.tecnm.mx\/wp-content\/uploads\/2025\/05\/WhatsApp-Image-2025-05-12-at-12.20.33-PM-3-1024x767.jpeg\" alt=\"\" class=\"wp-image-22211\" width=\"580\" srcset=\"https:\/\/www.tuxtla.tecnm.mx\/dcab\/wp-content\/uploads\/2025\/05\/WhatsApp-Image-2025-05-12-at-12.20.33-PM-3-1024x767.jpeg 1024w, https:\/\/www.tuxtla.tecnm.mx\/dcab\/wp-content\/uploads\/2025\/05\/WhatsApp-Image-2025-05-12-at-12.20.33-PM-3-300x225.jpeg 300w, https:\/\/www.tuxtla.tecnm.mx\/dcab\/wp-content\/uploads\/2025\/05\/WhatsApp-Image-2025-05-12-at-12.20.33-PM-3-768x575.jpeg 768w, https:\/\/www.tuxtla.tecnm.mx\/dcab\/wp-content\/uploads\/2025\/05\/WhatsApp-Image-2025-05-12-at-12.20.33-PM-3-1536x1150.jpeg 1536w, https:\/\/www.tuxtla.tecnm.mx\/dcab\/wp-content\/uploads\/2025\/05\/WhatsApp-Image-2025-05-12-at-12.20.33-PM-3.jpeg 1553w\" sizes=\"(max-width: 1024px) 100vw, 1024px\" \/><\/figure><\/div>\n\n\n\n<p class=\"wp-block-paragraph\"><em>\u201cLos\nestudiantes cuentan con los conocimientos y habilidades necesarias para aportar\nsoluciones efectivas, nuestros estudiantes est\u00e1n preparados para enfrentar\ndesaf\u00edos y contribuir al desarrollo de la sociedad chiapaneca y m\u00e1s all\u00e1\u201d.<\/em><\/p>\n\n\n\n<div class=\"wp-block-image\"><figure class=\"aligncenter size-large is-resized\"><img decoding=\"async\" src=\"https:\/\/www.tuxtla.tecnm.mx\/wp-content\/uploads\/2025\/05\/WhatsApp-Image-2025-05-12-at-12.20.33-PM-1-1024x768.jpeg\" alt=\"\" class=\"wp-image-22213\" width=\"580\" srcset=\"https:\/\/www.tuxtla.tecnm.mx\/dcab\/wp-content\/uploads\/2025\/05\/WhatsApp-Image-2025-05-12-at-12.20.33-PM-1-1024x768.jpeg 1024w, https:\/\/www.tuxtla.tecnm.mx\/dcab\/wp-content\/uploads\/2025\/05\/WhatsApp-Image-2025-05-12-at-12.20.33-PM-1-300x225.jpeg 300w, https:\/\/www.tuxtla.tecnm.mx\/dcab\/wp-content\/uploads\/2025\/05\/WhatsApp-Image-2025-05-12-at-12.20.33-PM-1-768x576.jpeg 768w, https:\/\/www.tuxtla.tecnm.mx\/dcab\/wp-content\/uploads\/2025\/05\/WhatsApp-Image-2025-05-12-at-12.20.33-PM-1-1536x1152.jpeg 1536w, https:\/\/www.tuxtla.tecnm.mx\/dcab\/wp-content\/uploads\/2025\/05\/WhatsApp-Image-2025-05-12-at-12.20.33-PM-1.jpeg 1600w\" sizes=\"(max-width: 1024px) 100vw, 1024px\" \/><\/figure><\/div>\n\n\n\n<p class=\"wp-block-paragraph\">El evento refuerza la colaboraci\u00f3n entre el sector\neducativo y el tecnol\u00f3gico en la regi\u00f3n, promoviendo la formaci\u00f3n de\nprofesionales capacitados para afrontar los retos del futuro.<\/p>\n\n\n\n<div class=\"wp-block-image\"><figure class=\"aligncenter size-large is-resized\"><img decoding=\"async\" src=\"https:\/\/www.tuxtla.tecnm.mx\/wp-content\/uploads\/2025\/05\/WhatsApp-Image-2025-05-12-at-12.20.33-PM-1024x768.jpeg\" alt=\"\" class=\"wp-image-22214\" width=\"580\" srcset=\"https:\/\/www.tuxtla.tecnm.mx\/dcab\/wp-content\/uploads\/2025\/05\/WhatsApp-Image-2025-05-12-at-12.20.33-PM-1024x768.jpeg 1024w, https:\/\/www.tuxtla.tecnm.mx\/dcab\/wp-content\/uploads\/2025\/05\/WhatsApp-Image-2025-05-12-at-12.20.33-PM-300x225.jpeg 300w, https:\/\/www.tuxtla.tecnm.mx\/dcab\/wp-content\/uploads\/2025\/05\/WhatsApp-Image-2025-05-12-at-12.20.33-PM-768x576.jpeg 768w, https:\/\/www.tuxtla.tecnm.mx\/dcab\/wp-content\/uploads\/2025\/05\/WhatsApp-Image-2025-05-12-at-12.20.33-PM-1536x1152.jpeg 1536w, https:\/\/www.tuxtla.tecnm.mx\/dcab\/wp-content\/uploads\/2025\/05\/WhatsApp-Image-2025-05-12-at-12.20.33-PM.jpeg 1600w\" sizes=\"(max-width: 1024px) 100vw, 1024px\" \/><\/figure><\/div>\n\n\n\n<p class=\"wp-block-paragraph\">Cabe destacar que <strong>el evento fue organizado por la carrera de Ingenier\u00eda en Sistemas Computacionales<\/strong> y estuvieron presentes <strong>Mar\u00eda Delina Culebro Farrera, Subdirectora Acad\u00e9mica del Instituto, Carlos Fern\u00e1ndez Magall\u00f3n, Presidente del Cl\u00faster de TI y responsable del HUB TECH<\/strong>, as\u00ed como <strong>Alejandro Calder\u00f3n, empresario y miembro activo del Cl\u00faster.<\/strong><\/p>\n\n\n\n<p class=\"wp-block-paragraph\"> <em><strong>\u201cCiencia y Tecnolog\u00eda con Sentido Humano\u201d<\/strong><\/em><br>Departamento de Comunicaci\u00f3n y Difusi\u00f3n<br>TecNM Tuxtla Guti\u00e9rrez <\/p>\n","protected":false},"excerpt":{"rendered":"<p>La ma\u00f1ana de este jueves se llev\u00f3 a cabo la presentaci\u00f3n de los equipos finalistas del Concurso Talento Digital 2025, organizada por el HUB TECH Chiapas y el TecNM-Tuxtla, el evento tiene como objetivo que los estudiantes desarrollen soluciones innovadoras a problem\u00e1ticas sociales, con el fin de generar un impacto positivo tanto a nivel local&#8230;<\/p>\n<p><a href=\"https:\/\/www.tuxtla.tecnm.mx\/dcab\/presentan-a-finalistas-del-concurso-talento-digital-2025\/\"><span class=\"glyphicon glyphicon-arrow-right\"><\/span>&nbsp;Seguir leyendo<\/a><\/p>","protected":false},"author":2,"featured_media":0,"comment_status":"closed","ping_status":"open","sticky":false,"template":"","format":"standard","meta":{"footnotes":""},"categories":[1],"tags":[],"class_list":["post-22218","post","type-post","status-publish","format-standard","hentry","category-sin-categoria"],"_links":{"self":[{"href":"https:\/\/www.tuxtla.tecnm.mx\/dcab\/wp-json\/wp\/v2\/posts\/22218","targetHints":{"allow":["GET"]}}],"collection":[{"href":"https:\/\/www.tuxtla.tecnm.mx\/dcab\/wp-json\/wp\/v2\/posts"}],"about":[{"href":"https:\/\/www.tuxtla.tecnm.mx\/dcab\/wp-json\/wp\/v2\/types\/post"}],"author":[{"embeddable":true,"href":"https:\/\/www.tuxtla.tecnm.mx\/dcab\/wp-json\/wp\/v2\/users\/2"}],"replies":[{"embeddable":true,"href":"https:\/\/www.tuxtla.tecnm.mx\/dcab\/wp-json\/wp\/v2\/comments?post=22218"}],"version-history":[{"count":1,"href":"https:\/\/www.tuxtla.tecnm.mx\/dcab\/wp-json\/wp\/v2\/posts\/22218\/revisions"}],"predecessor-version":[{"id":22219,"href":"https:\/\/www.tuxtla.tecnm.mx\/dcab\/wp-json\/wp\/v2\/posts\/22218\/revisions\/22219"}],"wp:attachment":[{"href":"https:\/\/www.tuxtla.tecnm.mx\/dcab\/wp-json\/wp\/v2\/media?parent=22218"}],"wp:term":[{"taxonomy":"category","embeddable":true,"href":"https:\/\/www.tuxtla.tecnm.mx\/dcab\/wp-json\/wp\/v2\/categories?post=22218"},{"taxonomy":"post_tag","embeddable":true,"href":"https:\/\/www.tuxtla.tecnm.mx\/dcab\/wp-json\/wp\/v2\/tags?post=22218"}],"curies":[{"name":"wp","href":"https:\/\/api.w.org\/{rel}","templated":true}]}}