{"id":21133,"date":"2024-11-26T16:25:19","date_gmt":"2024-11-26T21:25:19","guid":{"rendered":"https:\/\/www.tuxtla.tecnm.mx\/?p=21133"},"modified":"2024-11-26T16:25:19","modified_gmt":"2024-11-26T21:25:19","slug":"ingenieria-logistica-proxima-a-participar-en-el-programa-dual-con-nestle","status":"publish","type":"post","link":"https:\/\/www.tuxtla.tecnm.mx\/dcab\/ingenieria-logistica-proxima-a-participar-en-el-programa-dual-con-nestle\/","title":{"rendered":"Ingenier\u00eda Log\u00edstica pr\u00f3xima a participar en el Programa Dual con Nestl\u00e9"},"content":{"rendered":"\n<div class=\"wp-block-image\"><figure class=\"aligncenter size-large is-resized\"><img decoding=\"async\" src=\"https:\/\/www.tuxtla.tecnm.mx\/wp-content\/uploads\/2024\/11\/WhatsApp-Image-2024-11-26-at-3.19.05-PM.jpeg\" alt=\"\" class=\"wp-image-21132\" width=\"320\" srcset=\"https:\/\/www.tuxtla.tecnm.mx\/dcab\/wp-content\/uploads\/2024\/11\/WhatsApp-Image-2024-11-26-at-3.19.05-PM.jpeg 1016w, https:\/\/www.tuxtla.tecnm.mx\/dcab\/wp-content\/uploads\/2024\/11\/WhatsApp-Image-2024-11-26-at-3.19.05-PM-300x192.jpeg 300w, https:\/\/www.tuxtla.tecnm.mx\/dcab\/wp-content\/uploads\/2024\/11\/WhatsApp-Image-2024-11-26-at-3.19.05-PM-768x492.jpeg 768w\" sizes=\"(max-width: 1016px) 100vw, 1016px\" \/><\/figure><\/div>\n\n\n\n<p class=\"wp-block-paragraph\">Mediante una colaboraci\u00f3n de beneficio mutuo entre la\nempresa <strong>Nestl\u00e9 <\/strong>y el <strong>Instituto Tecnol\u00f3gico de Tuxtla Guti\u00e9rrez<\/strong>,\nse llev\u00f3 a cabo la <strong>presentaci\u00f3n de los\ndetalles del programa de<\/strong> <strong>Educaci\u00f3n\nDual a estudiantes de Ingenier\u00eda Log\u00edstica<\/strong> con el fin de que conozcan los\nbeneficios que pueden obtener al ingresar a este empresa bajo este programa.<\/p>\n\n\n\n<!--more-->\n\n\n\n<div class=\"wp-block-image\"><figure class=\"aligncenter size-large is-resized\"><img decoding=\"async\" src=\"https:\/\/www.tuxtla.tecnm.mx\/wp-content\/uploads\/2024\/11\/WhatsApp-Image-2024-11-26-at-3.16.23-PM-1024x682.jpeg\" alt=\"\" class=\"wp-image-21131\" width=\"580\" srcset=\"https:\/\/www.tuxtla.tecnm.mx\/dcab\/wp-content\/uploads\/2024\/11\/WhatsApp-Image-2024-11-26-at-3.16.23-PM-1024x682.jpeg 1024w, https:\/\/www.tuxtla.tecnm.mx\/dcab\/wp-content\/uploads\/2024\/11\/WhatsApp-Image-2024-11-26-at-3.16.23-PM-300x200.jpeg 300w, https:\/\/www.tuxtla.tecnm.mx\/dcab\/wp-content\/uploads\/2024\/11\/WhatsApp-Image-2024-11-26-at-3.16.23-PM-768x512.jpeg 768w, https:\/\/www.tuxtla.tecnm.mx\/dcab\/wp-content\/uploads\/2024\/11\/WhatsApp-Image-2024-11-26-at-3.16.23-PM-1536x1023.jpeg 1536w, https:\/\/www.tuxtla.tecnm.mx\/dcab\/wp-content\/uploads\/2024\/11\/WhatsApp-Image-2024-11-26-at-3.16.23-PM.jpeg 1600w\" sizes=\"(max-width: 1024px) 100vw, 1024px\" \/><\/figure><\/div>\n\n\n\n<p class=\"wp-block-paragraph\"><strong>Jos\u00e9 Manuel Rosado\nP\u00e9rez, director del Instituto Tecnol\u00f3gico de Tuxtla Guti\u00e9rrez<\/strong>, destac\u00f3 que\neste programa fortalece a los estudiantes para responder a las expectativas\nreales de mercado, mediante programas acad\u00e9micos actualizados como talento\nhumano, planeaci\u00f3n a la demanda, estructuras de proceso, control estad\u00edstico\nbasado en la alineaci\u00f3n de estrategias a trav\u00e9s de un plan maestro de\noperaciones y herramientas LEAN aplicadas a KANBAN y VSM acordes a los\nrequerimientos de las plantas productivas del pa\u00eds.<\/p>\n\n\n\n<div class=\"wp-block-image\"><figure class=\"aligncenter size-large is-resized\"><img decoding=\"async\" src=\"https:\/\/www.tuxtla.tecnm.mx\/wp-content\/uploads\/2024\/11\/WhatsApp-Image-2024-11-26-at-3.16.24-PM-1024x682.jpeg\" alt=\"\" class=\"wp-image-21130\" width=\"580\" srcset=\"https:\/\/www.tuxtla.tecnm.mx\/dcab\/wp-content\/uploads\/2024\/11\/WhatsApp-Image-2024-11-26-at-3.16.24-PM-1024x682.jpeg 1024w, https:\/\/www.tuxtla.tecnm.mx\/dcab\/wp-content\/uploads\/2024\/11\/WhatsApp-Image-2024-11-26-at-3.16.24-PM-300x200.jpeg 300w, https:\/\/www.tuxtla.tecnm.mx\/dcab\/wp-content\/uploads\/2024\/11\/WhatsApp-Image-2024-11-26-at-3.16.24-PM-768x512.jpeg 768w, https:\/\/www.tuxtla.tecnm.mx\/dcab\/wp-content\/uploads\/2024\/11\/WhatsApp-Image-2024-11-26-at-3.16.24-PM-1536x1023.jpeg 1536w, https:\/\/www.tuxtla.tecnm.mx\/dcab\/wp-content\/uploads\/2024\/11\/WhatsApp-Image-2024-11-26-at-3.16.24-PM.jpeg 1600w\" sizes=\"(max-width: 1024px) 100vw, 1024px\" \/><\/figure><\/div>\n\n\n\n<p class=\"wp-block-paragraph\"><em>\u201cEs vital esta\nsinergia que tenemos con la empresa en donde existe un beneficio mutuo sobre\ntodo en cuanto a la experiencia laboral y\/o profesional, es as\u00ed como\npropiciamos mejores condiciones de los estudiantes para su inserci\u00f3n laboral o\nprofesional\u201d.<\/em><\/p>\n\n\n\n<div class=\"wp-block-image\"><figure class=\"aligncenter size-large is-resized\"><img decoding=\"async\" src=\"https:\/\/www.tuxtla.tecnm.mx\/wp-content\/uploads\/2024\/11\/WhatsApp-Image-2024-11-26-at-3.16.24-PM-1-1024x682.jpeg\" alt=\"\" class=\"wp-image-21129\" width=\"580\" srcset=\"https:\/\/www.tuxtla.tecnm.mx\/dcab\/wp-content\/uploads\/2024\/11\/WhatsApp-Image-2024-11-26-at-3.16.24-PM-1-1024x682.jpeg 1024w, https:\/\/www.tuxtla.tecnm.mx\/dcab\/wp-content\/uploads\/2024\/11\/WhatsApp-Image-2024-11-26-at-3.16.24-PM-1-300x200.jpeg 300w, https:\/\/www.tuxtla.tecnm.mx\/dcab\/wp-content\/uploads\/2024\/11\/WhatsApp-Image-2024-11-26-at-3.16.24-PM-1-768x512.jpeg 768w, https:\/\/www.tuxtla.tecnm.mx\/dcab\/wp-content\/uploads\/2024\/11\/WhatsApp-Image-2024-11-26-at-3.16.24-PM-1-1536x1023.jpeg 1536w, https:\/\/www.tuxtla.tecnm.mx\/dcab\/wp-content\/uploads\/2024\/11\/WhatsApp-Image-2024-11-26-at-3.16.24-PM-1.jpeg 1600w\" sizes=\"(max-width: 1024px) 100vw, 1024px\" \/><\/figure><\/div>\n\n\n\n<p class=\"wp-block-paragraph\">Este programa, es resultado del <strong>trabajo colaborativo entre el TecNM Tuxtla Guti\u00e9rrez y Nestl\u00e9<\/strong>, y tiene\ncomo objetivo fortalecer la formaci\u00f3n profesional de los estudiantes,\nbrind\u00e1ndoles una experiencia pr\u00e1ctica y directa con la industria,\npermiti\u00e9ndoles aplicar sus conocimientos en un entorno real y desarrollar\nhabilidades clave para su futuro profesional.<\/p>\n\n\n\n<div class=\"wp-block-image\"><figure class=\"aligncenter size-large is-resized\"><img decoding=\"async\" src=\"https:\/\/www.tuxtla.tecnm.mx\/wp-content\/uploads\/2024\/11\/WhatsApp-Image-2024-11-26-at-3.16.25-PM-1-1024x683.jpeg\" alt=\"\" class=\"wp-image-21128\" width=\"580\" srcset=\"https:\/\/www.tuxtla.tecnm.mx\/dcab\/wp-content\/uploads\/2024\/11\/WhatsApp-Image-2024-11-26-at-3.16.25-PM-1-1024x683.jpeg 1024w, https:\/\/www.tuxtla.tecnm.mx\/dcab\/wp-content\/uploads\/2024\/11\/WhatsApp-Image-2024-11-26-at-3.16.25-PM-1-300x200.jpeg 300w, https:\/\/www.tuxtla.tecnm.mx\/dcab\/wp-content\/uploads\/2024\/11\/WhatsApp-Image-2024-11-26-at-3.16.25-PM-1-768x512.jpeg 768w, https:\/\/www.tuxtla.tecnm.mx\/dcab\/wp-content\/uploads\/2024\/11\/WhatsApp-Image-2024-11-26-at-3.16.25-PM-1-1536x1024.jpeg 1536w, https:\/\/www.tuxtla.tecnm.mx\/dcab\/wp-content\/uploads\/2024\/11\/WhatsApp-Image-2024-11-26-at-3.16.25-PM-1.jpeg 1600w\" sizes=\"(max-width: 1024px) 100vw, 1024px\" \/><\/figure><\/div>\n\n\n\n<p class=\"wp-block-paragraph\">La Educaci\u00f3n Dual es la alternativa innovadora en la que se alinean las necesidades, \u00e1reas de oportunidad o demanda de los sectores privado, p\u00fablico y social, con los perfiles de las instituciones educativas de nivel medio superior y superior, el modelo busca una estrategia flexible de acciones, mecanismos y recursos involucrados entre s\u00ed, con la finalidad de lograr una formaci\u00f3n integral en los estudiantes y experiencia laboral.<\/p>\n\n\n\n<p class=\"wp-block-paragraph\"> <strong>\u201cCiencia y Tecnolog\u00eda con Sentido Humano\u201d<\/strong><br>Departamento de Comunicaci\u00f3n y Difusi\u00f3n<br>TecNM campus Tuxtla Guti\u00e9rrez <\/p>\n","protected":false},"excerpt":{"rendered":"<p>Mediante una colaboraci\u00f3n de beneficio mutuo entre la empresa Nestl\u00e9 y el Instituto Tecnol\u00f3gico de Tuxtla Guti\u00e9rrez, se llev\u00f3 a cabo la presentaci\u00f3n de los detalles del programa de Educaci\u00f3n Dual a estudiantes de Ingenier\u00eda Log\u00edstica con el fin de que conozcan los beneficios que pueden obtener al ingresar a este empresa bajo este programa.<\/p>\n<p><a href=\"https:\/\/www.tuxtla.tecnm.mx\/dcab\/ingenieria-logistica-proxima-a-participar-en-el-programa-dual-con-nestle\/\"><span class=\"glyphicon glyphicon-arrow-right\"><\/span>&nbsp;Seguir leyendo<\/a><\/p>","protected":false},"author":2,"featured_media":0,"comment_status":"closed","ping_status":"open","sticky":false,"template":"","format":"standard","meta":{"footnotes":""},"categories":[1],"tags":[],"class_list":["post-21133","post","type-post","status-publish","format-standard","hentry","category-sin-categoria"],"_links":{"self":[{"href":"https:\/\/www.tuxtla.tecnm.mx\/dcab\/wp-json\/wp\/v2\/posts\/21133","targetHints":{"allow":["GET"]}}],"collection":[{"href":"https:\/\/www.tuxtla.tecnm.mx\/dcab\/wp-json\/wp\/v2\/posts"}],"about":[{"href":"https:\/\/www.tuxtla.tecnm.mx\/dcab\/wp-json\/wp\/v2\/types\/post"}],"author":[{"embeddable":true,"href":"https:\/\/www.tuxtla.tecnm.mx\/dcab\/wp-json\/wp\/v2\/users\/2"}],"replies":[{"embeddable":true,"href":"https:\/\/www.tuxtla.tecnm.mx\/dcab\/wp-json\/wp\/v2\/comments?post=21133"}],"version-history":[{"count":1,"href":"https:\/\/www.tuxtla.tecnm.mx\/dcab\/wp-json\/wp\/v2\/posts\/21133\/revisions"}],"predecessor-version":[{"id":21134,"href":"https:\/\/www.tuxtla.tecnm.mx\/dcab\/wp-json\/wp\/v2\/posts\/21133\/revisions\/21134"}],"wp:attachment":[{"href":"https:\/\/www.tuxtla.tecnm.mx\/dcab\/wp-json\/wp\/v2\/media?parent=21133"}],"wp:term":[{"taxonomy":"category","embeddable":true,"href":"https:\/\/www.tuxtla.tecnm.mx\/dcab\/wp-json\/wp\/v2\/categories?post=21133"},{"taxonomy":"post_tag","embeddable":true,"href":"https:\/\/www.tuxtla.tecnm.mx\/dcab\/wp-json\/wp\/v2\/tags?post=21133"}],"curies":[{"name":"wp","href":"https:\/\/api.w.org\/{rel}","templated":true}]}}