{"id":2096,"date":"2016-02-10T03:50:49","date_gmt":"2016-02-10T03:50:49","guid":{"rendered":"http:\/\/wordpress.local\/2016\/02\/10\/ciclo-de-conferencias-optoelectronica\/"},"modified":"2016-02-10T03:50:49","modified_gmt":"2016-02-10T03:50:49","slug":"ciclo-de-conferencias-optoelectronica","status":"publish","type":"post","link":"https:\/\/www.tuxtla.tecnm.mx\/dcab\/ciclo-de-conferencias-optoelectronica\/","title":{"rendered":"Ciclo de Conferencias \u201cOptoelectr\u00f3nica"},"content":{"rendered":"<p class=\"MsoNormal\"><img loading=\"lazy\" decoding=\"async\" class=\" alignleft size-full wp-image-2095\" src=\"http:\/\/wordpress.local\/wp-content\/uploads\/2016\/02\/9-feb.jpg\" border=\"0\" width=\"283\" height=\"199\" style=\"float: left;\" srcset=\"https:\/\/www.tuxtla.tecnm.mx\/dcab\/wp-content\/uploads\/2016\/02\/9-feb.jpg 1323w, https:\/\/www.tuxtla.tecnm.mx\/dcab\/wp-content\/uploads\/2016\/02\/9-feb-300x211.jpg 300w, https:\/\/www.tuxtla.tecnm.mx\/dcab\/wp-content\/uploads\/2016\/02\/9-feb-768x539.jpg 768w, https:\/\/www.tuxtla.tecnm.mx\/dcab\/wp-content\/uploads\/2016\/02\/9-feb-1024x719.jpg 1024w\" sizes=\"auto, (max-width: 283px) 100vw, 283px\" \/>El 9 de febrero de 2016, se llev\u00f3 a cabo el Ciclo de Conferencias \u201cOptoelectr\u00f3nica\u201d por parte del Instituto Tecnol\u00f3gico de Tuxtla Guti\u00e9rrez de la carrera de ingenier\u00eda electr\u00f3nica, coordinado por el jefe de proyecto de vinculaci\u00f3n el Ing. Vicente Le\u00f3n Orozco, en la clausura del evento se cont\u00f3 con la presencia del Subdirector Acad\u00e9mico, MC. Jos\u00e9 \u00c1ngel Zepeda Hern\u00e1ndez y el jefe del departamento de Ingenier\u00eda El\u00e9ctrica y Electr\u00f3nica, el Ing. Luis Alberto P\u00e9rez Lozano.<\/p>\n<p>  <!--more-->  <\/p>\n<p class=\"MsoNormal\">La Conferencia \u00abOptoelectr\u00f3nica\u00bb se dio por parte de ingenieros del Centro de Investigaci\u00f3n en \u00d3ptica (CIO) que tiene como prop\u00f3sito desarrollar investigaci\u00f3n b\u00e1sica y aplicada en el campo de la \u00f3ptica y fot\u00f3nica, que han contribuido a los esfuerzos de la comunidad cient\u00edfica para impulsar el conocimiento y su aplicaci\u00f3n en el sector productivo y social del pa\u00eds, sus instalaciones est\u00e1n ubicadas en Le\u00f3n, Guanajuato y en Aguascalientes.<\/p>\n<p class=\"MsoNormal\">Los maestros de Optomecatr\u00f3nica que llevaron a cabo las conferencias fueron las M.O. L\u00f3pez Morales Guadalupe y Yuliana Mariem Espinosa S\u00e1nchez egresadas del Instituto Tecnol\u00f3gico de Tuxtla Guti\u00e9rrez en la generaci\u00f3n 2005 y el M.C. Izcoatl Saucedo Orozco futuros candidatos al doctorado en el CIO.<\/p>\n<p class=\"MsoNormal\">El M.C. Izcoatl Saucedo Orozco en su conferencia coment\u00f3: \u201clos sistemas optoelectr\u00f3nicas son el nexo entre los sistemas \u00f2pticos y los sistemas electr\u00f3nicos. Los componentes optoelectr\u00f3nicas son aquellos cuyo funcionamiento est\u00e1 relacionado directamente con la luz\u201d.<\/p>\n<p class=\"MsoNormal\">As\u00ed mismo inform\u00f3 a la comunidad estudiantil la importancia de realizar un posgrado en este tipo de l\u00edneas de investigaci\u00f3n, formaci\u00f3n acad\u00e9mica y transferencia tecnol\u00f3gica y divulgaci\u00f3n de la ciencia, que su instituci\u00f3n ofrece con las maestr\u00edas en Ciencias (\u00f3ptica), en Optomecatr\u00f3nica as\u00ed como el Doctorado en Ciencias (\u00f3ptica).<\/p>\n<p class=\"MsoNormal\">El Instituto Tecnol\u00f3gico siempre comprometido en la formaci\u00f3n de sus estudiantes con el objetivo de generar conocimiento te\u00f3rico y pr\u00e1ctico, as\u00ed como habilidades de innovaci\u00f3n tecnol\u00f3gica e investigaci\u00f3n.<\/p>\n<p class=\"MsoNormal\" style=\"color: #515151; font-family: soberana_sansregular, 'Times New Roman', Georgia, Times, serif; background-color: #ffffff;\"><span lang=\"ES-TRAD\">\u201c43 A\u00d1OS DE CIENCIA Y TECNOLOG\u00cdA CON SENTIDO HUMANO\u201d<\/span><\/p>\n<p class=\"MsoNormal\" style=\"color: #515151; font-family: soberana_sansregular, 'Times New Roman', Georgia, Times, serif; background-color: #ffffff;\"><span lang=\"ES-TRAD\">Departamento de Comunicaci\u00f3n y Difusi\u00f3n<\/span><\/p>\n<p style=\"color: #515151; font-family: soberana_sansregular, 'Times New Roman', Georgia, Times, serif; background-color: #ffffff;\">Instituto Tecnol\u00f3gico de Tuxtla Guti\u00e9rrez.<\/p>\n","protected":false},"excerpt":{"rendered":"<p>El 9 de febrero de 2016, se llev\u00f3 a cabo el Ciclo de Conferencias \u201cOptoelectr\u00f3nica\u201d por parte del Instituto Tecnol\u00f3gico de Tuxtla Guti\u00e9rrez de la carrera de ingenier\u00eda electr\u00f3nica, coordinado por el jefe de proyecto de vinculaci\u00f3n el Ing. Vicente Le\u00f3n Orozco, en la clausura del evento se cont\u00f3 con la presencia del Subdirector Acad\u00e9mico,&#8230;<\/p>\n<p><a href=\"https:\/\/www.tuxtla.tecnm.mx\/dcab\/ciclo-de-conferencias-optoelectronica\/\"><span class=\"glyphicon glyphicon-arrow-right\"><\/span>&nbsp;Seguir leyendo<\/a><\/p>","protected":false},"author":1,"featured_media":2095,"comment_status":"open","ping_status":"open","sticky":false,"template":"","format":"standard","meta":{"footnotes":""},"categories":[11],"tags":[],"class_list":["post-2096","post","type-post","status-publish","format-standard","has-post-thumbnail","hentry","category-latest-news"],"_links":{"self":[{"href":"https:\/\/www.tuxtla.tecnm.mx\/dcab\/wp-json\/wp\/v2\/posts\/2096","targetHints":{"allow":["GET"]}}],"collection":[{"href":"https:\/\/www.tuxtla.tecnm.mx\/dcab\/wp-json\/wp\/v2\/posts"}],"about":[{"href":"https:\/\/www.tuxtla.tecnm.mx\/dcab\/wp-json\/wp\/v2\/types\/post"}],"author":[{"embeddable":true,"href":"https:\/\/www.tuxtla.tecnm.mx\/dcab\/wp-json\/wp\/v2\/users\/1"}],"replies":[{"embeddable":true,"href":"https:\/\/www.tuxtla.tecnm.mx\/dcab\/wp-json\/wp\/v2\/comments?post=2096"}],"version-history":[{"count":0,"href":"https:\/\/www.tuxtla.tecnm.mx\/dcab\/wp-json\/wp\/v2\/posts\/2096\/revisions"}],"wp:featuredmedia":[{"embeddable":true,"href":"https:\/\/www.tuxtla.tecnm.mx\/dcab\/wp-json\/wp\/v2\/media\/2095"}],"wp:attachment":[{"href":"https:\/\/www.tuxtla.tecnm.mx\/dcab\/wp-json\/wp\/v2\/media?parent=2096"}],"wp:term":[{"taxonomy":"category","embeddable":true,"href":"https:\/\/www.tuxtla.tecnm.mx\/dcab\/wp-json\/wp\/v2\/categories?post=2096"},{"taxonomy":"post_tag","embeddable":true,"href":"https:\/\/www.tuxtla.tecnm.mx\/dcab\/wp-json\/wp\/v2\/tags?post=2096"}],"curies":[{"name":"wp","href":"https:\/\/api.w.org\/{rel}","templated":true}]}}