{"id":20671,"date":"2024-10-21T14:13:30","date_gmt":"2024-10-21T19:13:30","guid":{"rendered":"https:\/\/www.tuxtla.tecnm.mx\/?p=20671"},"modified":"2024-10-23T13:44:38","modified_gmt":"2024-10-23T18:44:38","slug":"inauguracion-xii-senaic-2024","status":"publish","type":"post","link":"https:\/\/www.tuxtla.tecnm.mx\/dcab\/inauguracion-xii-senaic-2024\/","title":{"rendered":"Inauguraci\u00f3n XII SENAIC 2024"},"content":{"rendered":"\n<div class=\"wp-block-image\"><figure class=\"aligncenter size-large is-resized\"><img decoding=\"async\" src=\"https:\/\/www.tuxtla.tecnm.mx\/wp-content\/uploads\/2024\/10\/WhatsApp-Image-2024-10-21-at-1.05.34-PM-1.jpeg\" alt=\"\" class=\"wp-image-20670\" width=\"320\" srcset=\"https:\/\/www.tuxtla.tecnm.mx\/dcab\/wp-content\/uploads\/2024\/10\/WhatsApp-Image-2024-10-21-at-1.05.34-PM-1.jpeg 737w, https:\/\/www.tuxtla.tecnm.mx\/dcab\/wp-content\/uploads\/2024\/10\/WhatsApp-Image-2024-10-21-at-1.05.34-PM-1-300x179.jpeg 300w\" sizes=\"(max-width: 737px) 100vw, 737px\" \/><\/figure><\/div>\n\n\n\n<p class=\"wp-block-paragraph\">El Instituto Tecnol\u00f3gico de Tuxtla Guti\u00e9rrez, la <strong>Red Tem\u00e1tica CONAHCYT en Inteligencia Computacional Aplicada<\/strong> (REDICA), y el <strong>Instituto Nacional de Astrof\u00edsica, \u00d3ptica y Electr\u00f3nica (INAOE),<\/strong> Inauguran <strong>XII edici\u00f3n del Seminario y Escuela Nacional de Aprendizaje e Inteligencia Computacional (SENAIC 2024), <\/strong>teniendo como sede al Instituto en el marco de su 52 aniversario.<\/p>\n\n\n\n<!--more-->\n\n\n\n<p class=\"wp-block-paragraph\">El acto dio inicio en presencia de Carlos Alberto Reyes\nGarc\u00eda, <strong>Co-Presidente del SENAIC<\/strong>; Alicia Morales Reyes, <strong>Co-Presidenta\ndel SENAIC, <\/strong>con la anfitriona<strong> del director del Instituto Tecnol\u00f3gico de\nTuxtla Guti\u00e9rrez, Jos\u00e9 Manuel Rosado P\u00e9rez, <\/strong>dio el mensaje y la\ndeclaratoria inaugural; en presencia de Subdirectores, jefes de departamento y\nestudiantes; un evento h\u00edbrido 21 y 22 en formato virtual y presencial 23 y 24\nen el teatro Francisco I. Madero en la ciudad de Tuxtla Guti\u00e9rrez\u201d.<\/p>\n\n\n\n<div class=\"wp-block-image\"><figure class=\"aligncenter size-large is-resized\"><img decoding=\"async\" src=\"https:\/\/www.tuxtla.tecnm.mx\/wp-content\/uploads\/2024\/10\/WhatsApp-Image-2024-10-21-at-8.48.12-AM-1-1024x521.jpeg\" alt=\"\" class=\"wp-image-20667\" width=\"580\" srcset=\"https:\/\/www.tuxtla.tecnm.mx\/dcab\/wp-content\/uploads\/2024\/10\/WhatsApp-Image-2024-10-21-at-8.48.12-AM-1-1024x521.jpeg 1024w, https:\/\/www.tuxtla.tecnm.mx\/dcab\/wp-content\/uploads\/2024\/10\/WhatsApp-Image-2024-10-21-at-8.48.12-AM-1-300x153.jpeg 300w, https:\/\/www.tuxtla.tecnm.mx\/dcab\/wp-content\/uploads\/2024\/10\/WhatsApp-Image-2024-10-21-at-8.48.12-AM-1-768x391.jpeg 768w, https:\/\/www.tuxtla.tecnm.mx\/dcab\/wp-content\/uploads\/2024\/10\/WhatsApp-Image-2024-10-21-at-8.48.12-AM-1-1536x781.jpeg 1536w, https:\/\/www.tuxtla.tecnm.mx\/dcab\/wp-content\/uploads\/2024\/10\/WhatsApp-Image-2024-10-21-at-8.48.12-AM-1.jpeg 1600w\" sizes=\"(max-width: 1024px) 100vw, 1024px\" \/><\/figure><\/div>\n\n\n\n<p class=\"wp-block-paragraph\">En palabras del director refrend\u00f3 el compromiso de generar v\u00ednculos que permitan fortalecer el abordaje de temas de <strong>Inteligencia Artificial, espec\u00edficamente relacionados con la tem\u00e1tica de Aprendizaje e Inteligencia Computacional<\/strong>, redes neuronales y aprendizaje profundo, inteligencia computacional, ciudades inteligentes, ciencia de datos, ciberseguridad, sistemas generativos, computaci\u00f3n cu\u00e1ntica, visi\u00f3n m\u00e1quina y rob\u00f3tica.<\/p>\n\n\n\n<div class=\"wp-block-image\"><figure class=\"aligncenter size-large is-resized\"><img decoding=\"async\" src=\"https:\/\/www.tuxtla.tecnm.mx\/wp-content\/uploads\/2024\/10\/WhatsApp-Image-2024-10-21-at-8.48.12-AM-1024x522.jpeg\" alt=\"\" class=\"wp-image-20668\" width=\"580\" srcset=\"https:\/\/www.tuxtla.tecnm.mx\/dcab\/wp-content\/uploads\/2024\/10\/WhatsApp-Image-2024-10-21-at-8.48.12-AM-1024x522.jpeg 1024w, https:\/\/www.tuxtla.tecnm.mx\/dcab\/wp-content\/uploads\/2024\/10\/WhatsApp-Image-2024-10-21-at-8.48.12-AM-300x153.jpeg 300w, https:\/\/www.tuxtla.tecnm.mx\/dcab\/wp-content\/uploads\/2024\/10\/WhatsApp-Image-2024-10-21-at-8.48.12-AM-768x391.jpeg 768w, https:\/\/www.tuxtla.tecnm.mx\/dcab\/wp-content\/uploads\/2024\/10\/WhatsApp-Image-2024-10-21-at-8.48.12-AM-1536x782.jpeg 1536w, https:\/\/www.tuxtla.tecnm.mx\/dcab\/wp-content\/uploads\/2024\/10\/WhatsApp-Image-2024-10-21-at-8.48.12-AM.jpeg 1600w\" sizes=\"(max-width: 1024px) 100vw, 1024px\" \/><\/figure><\/div>\n\n\n\n<p class=\"wp-block-paragraph\">Como Tecnol\u00f3gico Nacional de M\u00e9xico (TecNM) como parte de la innovaci\u00f3n educativa y el desarrollo profesional en el pa\u00eds, se han aprobado cuatro&nbsp; Ingenier\u00edas en: &nbsp;<strong>Ciberseguridad, Ciencia de Datos<\/strong>, <strong>Desarrollo de Aplicaciones e Inteligencia Artificial,<\/strong> estos programas educativos para nuevas generaciones de profesionales con las habilidades y conocimientos necesarios para enfrentar los desaf\u00edos tecnol\u00f3gicos actuales y futuros, integrando tecnolog\u00edas emergentes y promoviendo la excelencia acad\u00e9mica.<\/p>\n\n\n\n<div class=\"wp-block-image\"><figure class=\"aligncenter size-large is-resized\"><img decoding=\"async\" src=\"https:\/\/www.tuxtla.tecnm.mx\/wp-content\/uploads\/2024\/10\/WhatsApp-Image-2024-10-21-at-8.48.12-AM-2-1024x665.jpeg\" alt=\"\" class=\"wp-image-20666\" width=\"580\" srcset=\"https:\/\/www.tuxtla.tecnm.mx\/dcab\/wp-content\/uploads\/2024\/10\/WhatsApp-Image-2024-10-21-at-8.48.12-AM-2-1024x665.jpeg 1024w, https:\/\/www.tuxtla.tecnm.mx\/dcab\/wp-content\/uploads\/2024\/10\/WhatsApp-Image-2024-10-21-at-8.48.12-AM-2-300x195.jpeg 300w, https:\/\/www.tuxtla.tecnm.mx\/dcab\/wp-content\/uploads\/2024\/10\/WhatsApp-Image-2024-10-21-at-8.48.12-AM-2-768x499.jpeg 768w, https:\/\/www.tuxtla.tecnm.mx\/dcab\/wp-content\/uploads\/2024\/10\/WhatsApp-Image-2024-10-21-at-8.48.12-AM-2-1536x997.jpeg 1536w, https:\/\/www.tuxtla.tecnm.mx\/dcab\/wp-content\/uploads\/2024\/10\/WhatsApp-Image-2024-10-21-at-8.48.12-AM-2.jpeg 1600w\" sizes=\"(max-width: 1024px) 100vw, 1024px\" \/><\/figure><\/div>\n\n\n\n<p class=\"wp-block-paragraph\">Alicia Morales Reyes, <strong>Co-Presidenta del SENAIC; <\/strong>los\ntutoriales\/talleres se impartir\u00e1n por expertos reconocidos <strong>internacionalmente\ny est\u00e1n dirigidos a estudiantes, profesores e investigadores <\/strong>que tengan\ninter\u00e9s en incursionar o profundizar en este campo de conocimiento, entre ellos\ndestacan en las ponencias magistrales:: <strong>Claudia Feregrino Uriben <\/strong>(INAOE,\nM\u00e9xico), <strong>Enrique Sucar Succarn<\/strong> (INAOE, M\u00e9xico), <strong>Peter Lepejn<\/strong> (Researcher\nand entrepeneur, Eslovenia), <strong>Juan Humberto Sossa Azuela<\/strong> (CIC-IPN, M\u00e9xico),\n<strong>Daniela Moctezuma<\/strong> (CentroGEO, M\u00e9xico) y <strong>Carlos Coello<\/strong> (CINVESTAV,\nM\u00e9xico).<\/p>\n\n\n\n<div class=\"wp-block-image\"><figure class=\"aligncenter size-large is-resized\"><img decoding=\"async\" src=\"https:\/\/www.tuxtla.tecnm.mx\/wp-content\/uploads\/2024\/10\/WhatsApp-Image-2024-10-21-at-8.52.00-AM-1024x769.jpeg\" alt=\"\" class=\"wp-image-20664\" width=\"580\" srcset=\"https:\/\/www.tuxtla.tecnm.mx\/dcab\/wp-content\/uploads\/2024\/10\/WhatsApp-Image-2024-10-21-at-8.52.00-AM-1024x769.jpeg 1024w, https:\/\/www.tuxtla.tecnm.mx\/dcab\/wp-content\/uploads\/2024\/10\/WhatsApp-Image-2024-10-21-at-8.52.00-AM-300x225.jpeg 300w, https:\/\/www.tuxtla.tecnm.mx\/dcab\/wp-content\/uploads\/2024\/10\/WhatsApp-Image-2024-10-21-at-8.52.00-AM-768x577.jpeg 768w, https:\/\/www.tuxtla.tecnm.mx\/dcab\/wp-content\/uploads\/2024\/10\/WhatsApp-Image-2024-10-21-at-8.52.00-AM-1536x1154.jpeg 1536w, https:\/\/www.tuxtla.tecnm.mx\/dcab\/wp-content\/uploads\/2024\/10\/WhatsApp-Image-2024-10-21-at-8.52.00-AM.jpeg 1552w\" sizes=\"(max-width: 1024px) 100vw, 1024px\" \/><\/figure><\/div>\n\n\n\n<p class=\"wp-block-paragraph\">Carlos Alberto Reyes Garc\u00eda, <strong>Co-Presidente del SENAIC,\nhabl\u00f3 de la importancia de: \u201ccompartir los conocimientos y desarrollos<\/strong> m\u00e1s\nrecientes de las \u00e1reas de Aprendizaje e Inteligencia Computacional congregando\na <strong>expertos, investigadores y estudiantes nacionales <\/strong>con la finalidad de\ncrear v\u00ednculos de colaboraci\u00f3n entre centros de investigaci\u00f3n, instituciones\neducativas, gobierno, empresas e industria. Estos conocimientos est\u00e1n <strong>orientados\nal desarrollo de proyectos de investigaci\u00f3n y desarrollo tecnol\u00f3gico\ninnovadores<\/strong>, fundamentados en estas \u00e1reas de conocimiento para mejorar la\ncompetitividad tecnol\u00f3gica de nuestro pa\u00eds a nivel internacional\u201d como objetivo\nprincipal indic\u00f3.<\/p>\n\n\n\n<div class=\"wp-block-image\"><figure class=\"aligncenter size-large is-resized\"><img decoding=\"async\" src=\"https:\/\/www.tuxtla.tecnm.mx\/wp-content\/uploads\/2024\/10\/WhatsApp-Image-2024-10-21-at-8.52.00-AM-1-1024x771.jpeg\" alt=\"\" class=\"wp-image-20663\" width=\"580\" srcset=\"https:\/\/www.tuxtla.tecnm.mx\/dcab\/wp-content\/uploads\/2024\/10\/WhatsApp-Image-2024-10-21-at-8.52.00-AM-1-1024x771.jpeg 1024w, https:\/\/www.tuxtla.tecnm.mx\/dcab\/wp-content\/uploads\/2024\/10\/WhatsApp-Image-2024-10-21-at-8.52.00-AM-1-300x226.jpeg 300w, https:\/\/www.tuxtla.tecnm.mx\/dcab\/wp-content\/uploads\/2024\/10\/WhatsApp-Image-2024-10-21-at-8.52.00-AM-1-768x578.jpeg 768w, https:\/\/www.tuxtla.tecnm.mx\/dcab\/wp-content\/uploads\/2024\/10\/WhatsApp-Image-2024-10-21-at-8.52.00-AM-1.jpeg 1432w\" sizes=\"(max-width: 1024px) 100vw, 1024px\" \/><\/figure><\/div>\n\n\n\n<p class=\"wp-block-paragraph\">Se va a realizar una Mesa de Di\u00e1logo \u00ab<strong>Investigaci\u00f3n para el Desarrollo Productivo y Servicios del Estado de Chiapa<\/strong>s\u00bb jueves 24 de octubre con los especialistas: <strong>Eduardo Morales Manzanares,<\/strong> CCC-INAOE, SNI III; <strong>Teresa Lorena Dom\u00ednguez,<\/strong> A. Empresaria Emprendedora del Sureste de M\u00e9xico Presidenta COPARMEX Chiapas; <strong>Carlos A. Coello Coello<\/strong>, CINVESTAV &#8211; IPN, SNI \u2013 III, <strong>Humberto Sossa<\/strong>, CIC &#8211; IPN, SNI \u2013 III Doctor Honoris Causa en Ingenier\u00eda y Tecnolog\u00eda TESE 2024 y <strong>Carlos Fern\u00e1ndez Magall\u00f3n<\/strong>, Empresario Chiapaneco con visi\u00f3n de negocios en innovaci\u00f3n y tecnolog\u00eda, L\u00edder del Hub Tech en Chiapas,Presidente del cluster de tecnolog\u00edas de la informaci\u00f3n. <\/p>\n\n\n\n<figure class=\"wp-block-image size-large is-resized\"><img decoding=\"async\" src=\"https:\/\/www.tuxtla.tecnm.mx\/wp-content\/uploads\/2024\/10\/WhatsApp-Image-2024-10-21-at-1.12.49-PM.jpeg\" alt=\"\" class=\"wp-image-20673\" width=\"580\" srcset=\"https:\/\/www.tuxtla.tecnm.mx\/dcab\/wp-content\/uploads\/2024\/10\/WhatsApp-Image-2024-10-21-at-1.12.49-PM.jpeg 918w, https:\/\/www.tuxtla.tecnm.mx\/dcab\/wp-content\/uploads\/2024\/10\/WhatsApp-Image-2024-10-21-at-1.12.49-PM-283x300.jpeg 283w, https:\/\/www.tuxtla.tecnm.mx\/dcab\/wp-content\/uploads\/2024\/10\/WhatsApp-Image-2024-10-21-at-1.12.49-PM-768x813.jpeg 768w\" sizes=\"(max-width: 918px) 100vw, 918px\" \/><\/figure>\n\n\n\n<p class=\"wp-block-paragraph\"><strong>Consulta: <a href=\"https:\/\/ccc.inaoep.mx\/SENAIC\/2024\/index.html\">https:\/\/ccc.inaoep.mx\/SENAIC\/2024\/index.html<\/a> <\/strong><\/p>\n\n\n\n<p class=\"wp-block-paragraph\"> <em><strong>\u201cCiencia y Tecnolog\u00eda con Sentido Humano\u201d<\/strong><\/em><br>Departamento de Comunicaci\u00f3n y Difusi\u00f3n<br>TecNM campus Tuxtla Guti\u00e9rrez <\/p>\n","protected":false},"excerpt":{"rendered":"<p>El Instituto Tecnol\u00f3gico de Tuxtla Guti\u00e9rrez, la Red Tem\u00e1tica CONAHCYT en Inteligencia Computacional Aplicada (REDICA), y el Instituto Nacional de Astrof\u00edsica, \u00d3ptica y Electr\u00f3nica (INAOE), Inauguran XII edici\u00f3n del Seminario y Escuela Nacional de Aprendizaje e Inteligencia Computacional (SENAIC 2024), teniendo como sede al Instituto en el marco de su 52 aniversario.<\/p>\n<p><a href=\"https:\/\/www.tuxtla.tecnm.mx\/dcab\/inauguracion-xii-senaic-2024\/\"><span class=\"glyphicon glyphicon-arrow-right\"><\/span>&nbsp;Seguir leyendo<\/a><\/p>","protected":false},"author":2,"featured_media":0,"comment_status":"closed","ping_status":"open","sticky":false,"template":"","format":"standard","meta":{"footnotes":""},"categories":[1],"tags":[],"class_list":["post-20671","post","type-post","status-publish","format-standard","hentry","category-sin-categoria"],"_links":{"self":[{"href":"https:\/\/www.tuxtla.tecnm.mx\/dcab\/wp-json\/wp\/v2\/posts\/20671","targetHints":{"allow":["GET"]}}],"collection":[{"href":"https:\/\/www.tuxtla.tecnm.mx\/dcab\/wp-json\/wp\/v2\/posts"}],"about":[{"href":"https:\/\/www.tuxtla.tecnm.mx\/dcab\/wp-json\/wp\/v2\/types\/post"}],"author":[{"embeddable":true,"href":"https:\/\/www.tuxtla.tecnm.mx\/dcab\/wp-json\/wp\/v2\/users\/2"}],"replies":[{"embeddable":true,"href":"https:\/\/www.tuxtla.tecnm.mx\/dcab\/wp-json\/wp\/v2\/comments?post=20671"}],"version-history":[{"count":2,"href":"https:\/\/www.tuxtla.tecnm.mx\/dcab\/wp-json\/wp\/v2\/posts\/20671\/revisions"}],"predecessor-version":[{"id":20723,"href":"https:\/\/www.tuxtla.tecnm.mx\/dcab\/wp-json\/wp\/v2\/posts\/20671\/revisions\/20723"}],"wp:attachment":[{"href":"https:\/\/www.tuxtla.tecnm.mx\/dcab\/wp-json\/wp\/v2\/media?parent=20671"}],"wp:term":[{"taxonomy":"category","embeddable":true,"href":"https:\/\/www.tuxtla.tecnm.mx\/dcab\/wp-json\/wp\/v2\/categories?post=20671"},{"taxonomy":"post_tag","embeddable":true,"href":"https:\/\/www.tuxtla.tecnm.mx\/dcab\/wp-json\/wp\/v2\/tags?post=20671"}],"curies":[{"name":"wp","href":"https:\/\/api.w.org\/{rel}","templated":true}]}}