{"id":20579,"date":"2024-10-14T16:09:00","date_gmt":"2024-10-14T21:09:00","guid":{"rendered":"https:\/\/www.tuxtla.tecnm.mx\/?p=20579"},"modified":"2024-10-15T16:11:28","modified_gmt":"2024-10-15T21:11:28","slug":"realiza-tec-tuxtla-platicas-preventivas-de-salud","status":"publish","type":"post","link":"https:\/\/www.tuxtla.tecnm.mx\/dcab\/realiza-tec-tuxtla-platicas-preventivas-de-salud\/","title":{"rendered":"Realiza Tec Tuxtla Pl\u00e1ticas Preventivas de Salud"},"content":{"rendered":"\n<div class=\"wp-block-image\"><figure class=\"aligncenter size-large is-resized\"><img decoding=\"async\" src=\"https:\/\/www.tuxtla.tecnm.mx\/wp-content\/uploads\/2024\/10\/WhatsApp-Image-2024-10-15-at-3.06.41-PM-1024x648.jpeg\" alt=\"\" class=\"wp-image-20578\" width=\"320\" srcset=\"https:\/\/www.tuxtla.tecnm.mx\/dcab\/wp-content\/uploads\/2024\/10\/WhatsApp-Image-2024-10-15-at-3.06.41-PM-1024x648.jpeg 1024w, https:\/\/www.tuxtla.tecnm.mx\/dcab\/wp-content\/uploads\/2024\/10\/WhatsApp-Image-2024-10-15-at-3.06.41-PM-300x190.jpeg 300w, https:\/\/www.tuxtla.tecnm.mx\/dcab\/wp-content\/uploads\/2024\/10\/WhatsApp-Image-2024-10-15-at-3.06.41-PM-768x486.jpeg 768w, https:\/\/www.tuxtla.tecnm.mx\/dcab\/wp-content\/uploads\/2024\/10\/WhatsApp-Image-2024-10-15-at-3.06.41-PM.jpeg 1044w\" sizes=\"(max-width: 1024px) 100vw, 1024px\" \/><\/figure><\/div>\n\n\n\n<p class=\"wp-block-paragraph\">Como parte de las actividades enfocadas a temas de Salud y\nprevenci\u00f3n, el <strong>Tecnol\u00f3gico Nacional de\nM\u00e9xico campus Tuxtla Guti\u00e9rrez<\/strong> llev\u00f3 a cabo el <strong>Ciclo de Pl\u00e1ticas Preventivas de Salud y aplicaci\u00f3n de pruebas para\ndetecci\u00f3n de VIH<\/strong> en la sala audiovisual del Edificio \u201cI\u201d, dirigido a los\nestudiantes de este instituto.<\/p>\n\n\n\n<!--more-->\n\n\n\n<p class=\"wp-block-paragraph\">El evento fue organizado por el <strong>Departamento de Desarrollo Acad\u00e9mico en coordinaci\u00f3n con los servicios\nm\u00e9dicos municipales<\/strong>, quienes se encargaron de llevar a cabo esta din\u00e1mica,\nel cual const\u00f3 de una pl\u00e1tica de salud preventiva.<\/p>\n\n\n\n<div class=\"wp-block-image\"><figure class=\"aligncenter size-large is-resized\"><img decoding=\"async\" src=\"https:\/\/www.tuxtla.tecnm.mx\/wp-content\/uploads\/2024\/10\/WhatsApp-Image-2024-10-14-at-5.12.07-PM-4-1024x682.jpeg\" alt=\"\" class=\"wp-image-20572\" width=\"580\" srcset=\"https:\/\/www.tuxtla.tecnm.mx\/dcab\/wp-content\/uploads\/2024\/10\/WhatsApp-Image-2024-10-14-at-5.12.07-PM-4-1024x682.jpeg 1024w, https:\/\/www.tuxtla.tecnm.mx\/dcab\/wp-content\/uploads\/2024\/10\/WhatsApp-Image-2024-10-14-at-5.12.07-PM-4-300x200.jpeg 300w, https:\/\/www.tuxtla.tecnm.mx\/dcab\/wp-content\/uploads\/2024\/10\/WhatsApp-Image-2024-10-14-at-5.12.07-PM-4-768x512.jpeg 768w, https:\/\/www.tuxtla.tecnm.mx\/dcab\/wp-content\/uploads\/2024\/10\/WhatsApp-Image-2024-10-14-at-5.12.07-PM-4-1536x1023.jpeg 1536w, https:\/\/www.tuxtla.tecnm.mx\/dcab\/wp-content\/uploads\/2024\/10\/WhatsApp-Image-2024-10-14-at-5.12.07-PM-4.jpeg 1600w\" sizes=\"(max-width: 1024px) 100vw, 1024px\" \/><\/figure><\/div>\n\n\n\n<p class=\"wp-block-paragraph\"><strong>Juan Carlos D\u00edaz\nPalacios, encargado de la coordinaci\u00f3n de Orientaci\u00f3n Educativa de este\ninstituto,<\/strong> destac\u00f3 que la Secretar\u00eda de Salud Municipal ha sido una aliada\npara informar a los estudiantes sobre los riesgos que conlleva no cuidarse.<\/p>\n\n\n\n<div class=\"wp-block-image\"><figure class=\"aligncenter size-large is-resized\"><img decoding=\"async\" src=\"https:\/\/www.tuxtla.tecnm.mx\/wp-content\/uploads\/2024\/10\/WhatsApp-Image-2024-10-14-at-5.12.06-PM-1024x682.jpeg\" alt=\"\" class=\"wp-image-20577\" width=\"580\" srcset=\"https:\/\/www.tuxtla.tecnm.mx\/dcab\/wp-content\/uploads\/2024\/10\/WhatsApp-Image-2024-10-14-at-5.12.06-PM-1024x682.jpeg 1024w, https:\/\/www.tuxtla.tecnm.mx\/dcab\/wp-content\/uploads\/2024\/10\/WhatsApp-Image-2024-10-14-at-5.12.06-PM-300x200.jpeg 300w, https:\/\/www.tuxtla.tecnm.mx\/dcab\/wp-content\/uploads\/2024\/10\/WhatsApp-Image-2024-10-14-at-5.12.06-PM-768x512.jpeg 768w, https:\/\/www.tuxtla.tecnm.mx\/dcab\/wp-content\/uploads\/2024\/10\/WhatsApp-Image-2024-10-14-at-5.12.06-PM-1536x1023.jpeg 1536w, https:\/\/www.tuxtla.tecnm.mx\/dcab\/wp-content\/uploads\/2024\/10\/WhatsApp-Image-2024-10-14-at-5.12.06-PM.jpeg 1600w\" sizes=\"(max-width: 1024px) 100vw, 1024px\" \/><\/figure><\/div>\n\n\n\n<p class=\"wp-block-paragraph\"><em>\u201cLa importancia del\ntema es relevante por su simple naturaleza, pues es una de las enfermedades que\nha ocasionado muchas muertes en todo el mundo; el acercamiento a los j\u00f3venes y\nhacer correr la voz para que la informaci\u00f3n llegue cada vez a m\u00e1s personas\u201d.<\/em><\/p>\n\n\n\n<div class=\"wp-block-image\"><figure class=\"aligncenter size-large is-resized\"><img decoding=\"async\" src=\"https:\/\/www.tuxtla.tecnm.mx\/wp-content\/uploads\/2024\/10\/WhatsApp-Image-2024-10-14-at-5.12.07-PM-1024x682.jpeg\" alt=\"\" class=\"wp-image-20576\" width=\"580\" srcset=\"https:\/\/www.tuxtla.tecnm.mx\/dcab\/wp-content\/uploads\/2024\/10\/WhatsApp-Image-2024-10-14-at-5.12.07-PM-1024x682.jpeg 1024w, https:\/\/www.tuxtla.tecnm.mx\/dcab\/wp-content\/uploads\/2024\/10\/WhatsApp-Image-2024-10-14-at-5.12.07-PM-300x200.jpeg 300w, https:\/\/www.tuxtla.tecnm.mx\/dcab\/wp-content\/uploads\/2024\/10\/WhatsApp-Image-2024-10-14-at-5.12.07-PM-768x512.jpeg 768w, https:\/\/www.tuxtla.tecnm.mx\/dcab\/wp-content\/uploads\/2024\/10\/WhatsApp-Image-2024-10-14-at-5.12.07-PM-1536x1023.jpeg 1536w, https:\/\/www.tuxtla.tecnm.mx\/dcab\/wp-content\/uploads\/2024\/10\/WhatsApp-Image-2024-10-14-at-5.12.07-PM.jpeg 1600w\" sizes=\"(max-width: 1024px) 100vw, 1024px\" \/><\/figure><\/div>\n\n\n\n<p class=\"wp-block-paragraph\">La pl\u00e1tica fue llevada hacia la prevenci\u00f3n de las <strong>enfermedades de transmisi\u00f3n sexual (ETS),<\/strong>\nas\u00ed como temas sobre el <strong>papiloma humano,\nla s\u00edfilis y el VIH<\/strong>, se hizo \u00e9nfasis en m\u00e9todos anticonceptivos y de\nprevenci\u00f3n de transmisi\u00f3n de enfermedades, as\u00ed como, el uso correcto del cond\u00f3n\ny haciendo referencia que el cond\u00f3n es el \u00fanico m\u00e9todo de barrera que otorga un\nnivel de confianza m\u00e1s alto. De igual manera se aplicaron pruebas para detecci\u00f3n\nde VIH.<\/p>\n\n\n\n<div class=\"wp-block-image\"><figure class=\"aligncenter size-large is-resized\"><img decoding=\"async\" src=\"https:\/\/www.tuxtla.tecnm.mx\/wp-content\/uploads\/2024\/10\/WhatsApp-Image-2024-10-14-at-5.12.07-PM-1-1024x682.jpeg\" alt=\"\" class=\"wp-image-20575\" width=\"580\" srcset=\"https:\/\/www.tuxtla.tecnm.mx\/dcab\/wp-content\/uploads\/2024\/10\/WhatsApp-Image-2024-10-14-at-5.12.07-PM-1-1024x682.jpeg 1024w, https:\/\/www.tuxtla.tecnm.mx\/dcab\/wp-content\/uploads\/2024\/10\/WhatsApp-Image-2024-10-14-at-5.12.07-PM-1-300x200.jpeg 300w, https:\/\/www.tuxtla.tecnm.mx\/dcab\/wp-content\/uploads\/2024\/10\/WhatsApp-Image-2024-10-14-at-5.12.07-PM-1-768x512.jpeg 768w, https:\/\/www.tuxtla.tecnm.mx\/dcab\/wp-content\/uploads\/2024\/10\/WhatsApp-Image-2024-10-14-at-5.12.07-PM-1-1536x1023.jpeg 1536w, https:\/\/www.tuxtla.tecnm.mx\/dcab\/wp-content\/uploads\/2024\/10\/WhatsApp-Image-2024-10-14-at-5.12.07-PM-1.jpeg 1600w\" sizes=\"(max-width: 1024px) 100vw, 1024px\" \/><\/figure><\/div>\n\n\n\n<p class=\"wp-block-paragraph\">Cabe destacar que la infecci\u00f3n por <strong>el VIH ataca el sistema inmunitario, y el s\u00edndrome de inmunodeficiencia\nadquirida (sida) es la fase m\u00e1s avanzada de la enfermedad<\/strong>. El VIH ataca a\nlos gl\u00f3bulos blancos, debilitando el sistema inmunitario, y esto hace que sea\nm\u00e1s f\u00e1cil contraer enfermedades como la tuberculosis, otras infecciones y\nalgunos tipos de c\u00e1ncer.<\/p>\n\n\n\n<div class=\"wp-block-image\"><figure class=\"aligncenter size-large is-resized\"><img decoding=\"async\" src=\"https:\/\/www.tuxtla.tecnm.mx\/wp-content\/uploads\/2024\/10\/WhatsApp-Image-2024-10-14-at-5.12.07-PM-3-1024x682.jpeg\" alt=\"\" class=\"wp-image-20573\" width=\"580\" srcset=\"https:\/\/www.tuxtla.tecnm.mx\/dcab\/wp-content\/uploads\/2024\/10\/WhatsApp-Image-2024-10-14-at-5.12.07-PM-3-1024x682.jpeg 1024w, https:\/\/www.tuxtla.tecnm.mx\/dcab\/wp-content\/uploads\/2024\/10\/WhatsApp-Image-2024-10-14-at-5.12.07-PM-3-300x200.jpeg 300w, https:\/\/www.tuxtla.tecnm.mx\/dcab\/wp-content\/uploads\/2024\/10\/WhatsApp-Image-2024-10-14-at-5.12.07-PM-3-768x512.jpeg 768w, https:\/\/www.tuxtla.tecnm.mx\/dcab\/wp-content\/uploads\/2024\/10\/WhatsApp-Image-2024-10-14-at-5.12.07-PM-3-1536x1023.jpeg 1536w, https:\/\/www.tuxtla.tecnm.mx\/dcab\/wp-content\/uploads\/2024\/10\/WhatsApp-Image-2024-10-14-at-5.12.07-PM-3.jpeg 1600w\" sizes=\"(max-width: 1024px) 100vw, 1024px\" \/><\/figure><\/div>\n\n\n\n<p class=\"wp-block-paragraph\">Se transmite a trav\u00e9s de los l\u00edquidos corporales de las\npersonas infectadas, como sangre, leche materna, semen y secreciones vaginales.\nNo se transmite por besos o abrazos ni por compartir alimentos. Tambi\u00e9n puede\ntransmitirse de madre a hijo durante el embarazo y el parto.<\/p>\n\n\n\n<div class=\"wp-block-image\"><figure class=\"aligncenter size-large is-resized\"><img decoding=\"async\" src=\"https:\/\/www.tuxtla.tecnm.mx\/wp-content\/uploads\/2024\/10\/WhatsApp-Image-2024-10-14-at-5.12.07-PM-2-1024x682.jpeg\" alt=\"\" class=\"wp-image-20574\" width=\"580\" srcset=\"https:\/\/www.tuxtla.tecnm.mx\/dcab\/wp-content\/uploads\/2024\/10\/WhatsApp-Image-2024-10-14-at-5.12.07-PM-2-1024x682.jpeg 1024w, https:\/\/www.tuxtla.tecnm.mx\/dcab\/wp-content\/uploads\/2024\/10\/WhatsApp-Image-2024-10-14-at-5.12.07-PM-2-300x200.jpeg 300w, https:\/\/www.tuxtla.tecnm.mx\/dcab\/wp-content\/uploads\/2024\/10\/WhatsApp-Image-2024-10-14-at-5.12.07-PM-2-768x512.jpeg 768w, https:\/\/www.tuxtla.tecnm.mx\/dcab\/wp-content\/uploads\/2024\/10\/WhatsApp-Image-2024-10-14-at-5.12.07-PM-2-1536x1023.jpeg 1536w, https:\/\/www.tuxtla.tecnm.mx\/dcab\/wp-content\/uploads\/2024\/10\/WhatsApp-Image-2024-10-14-at-5.12.07-PM-2.jpeg 1600w\" sizes=\"(max-width: 1024px) 100vw, 1024px\" \/><\/figure><\/div>\n\n\n\n<p class=\"wp-block-paragraph\">El VIH se puede tratar y prevenir con tratamiento antirretrov\u00edrico (TAR), y si no se trata puede evolucionar a sida, a menudo al cabo de muchos a\u00f1os.<\/p>\n\n\n\n<p class=\"wp-block-paragraph\"> <em><strong>\u201cCiencia y Tecnolog\u00eda con Sentido Humano\u201d<\/strong><\/em><br>Departamento de Comunicaci\u00f3n y Difusi\u00f3n<br>TecNM campus Tuxtla Guti\u00e9rrez <\/p>\n","protected":false},"excerpt":{"rendered":"<p>Como parte de las actividades enfocadas a temas de Salud y prevenci\u00f3n, el Tecnol\u00f3gico Nacional de M\u00e9xico campus Tuxtla Guti\u00e9rrez llev\u00f3 a cabo el Ciclo de Pl\u00e1ticas Preventivas de Salud y aplicaci\u00f3n de pruebas para detecci\u00f3n de VIH en la sala audiovisual del Edificio \u201cI\u201d, dirigido a los estudiantes de este instituto.<\/p>\n<p><a href=\"https:\/\/www.tuxtla.tecnm.mx\/dcab\/realiza-tec-tuxtla-platicas-preventivas-de-salud\/\"><span class=\"glyphicon glyphicon-arrow-right\"><\/span>&nbsp;Seguir leyendo<\/a><\/p>","protected":false},"author":2,"featured_media":0,"comment_status":"closed","ping_status":"open","sticky":false,"template":"","format":"standard","meta":{"footnotes":""},"categories":[1],"tags":[],"class_list":["post-20579","post","type-post","status-publish","format-standard","hentry","category-sin-categoria"],"_links":{"self":[{"href":"https:\/\/www.tuxtla.tecnm.mx\/dcab\/wp-json\/wp\/v2\/posts\/20579","targetHints":{"allow":["GET"]}}],"collection":[{"href":"https:\/\/www.tuxtla.tecnm.mx\/dcab\/wp-json\/wp\/v2\/posts"}],"about":[{"href":"https:\/\/www.tuxtla.tecnm.mx\/dcab\/wp-json\/wp\/v2\/types\/post"}],"author":[{"embeddable":true,"href":"https:\/\/www.tuxtla.tecnm.mx\/dcab\/wp-json\/wp\/v2\/users\/2"}],"replies":[{"embeddable":true,"href":"https:\/\/www.tuxtla.tecnm.mx\/dcab\/wp-json\/wp\/v2\/comments?post=20579"}],"version-history":[{"count":1,"href":"https:\/\/www.tuxtla.tecnm.mx\/dcab\/wp-json\/wp\/v2\/posts\/20579\/revisions"}],"predecessor-version":[{"id":20580,"href":"https:\/\/www.tuxtla.tecnm.mx\/dcab\/wp-json\/wp\/v2\/posts\/20579\/revisions\/20580"}],"wp:attachment":[{"href":"https:\/\/www.tuxtla.tecnm.mx\/dcab\/wp-json\/wp\/v2\/media?parent=20579"}],"wp:term":[{"taxonomy":"category","embeddable":true,"href":"https:\/\/www.tuxtla.tecnm.mx\/dcab\/wp-json\/wp\/v2\/categories?post=20579"},{"taxonomy":"post_tag","embeddable":true,"href":"https:\/\/www.tuxtla.tecnm.mx\/dcab\/wp-json\/wp\/v2\/tags?post=20579"}],"curies":[{"name":"wp","href":"https:\/\/api.w.org\/{rel}","templated":true}]}}