{"id":1979,"date":"2015-10-23T00:38:22","date_gmt":"2015-10-23T00:38:22","guid":{"rendered":"http:\/\/wordpress.local\/2015\/10\/23\/1ra-gran-reunion-de-egresados\/"},"modified":"2015-10-23T00:38:22","modified_gmt":"2015-10-23T00:38:22","slug":"1ra-gran-reunion-de-egresados","status":"publish","type":"post","link":"https:\/\/www.tuxtla.tecnm.mx\/dcab\/1ra-gran-reunion-de-egresados\/","title":{"rendered":"1ra Gran Reuni\u00f3n de egresados"},"content":{"rendered":"<p><img loading=\"lazy\" decoding=\"async\" class=\" alignleft size-full wp-image-1978\" src=\"http:\/\/wordpress.local\/wp-content\/uploads\/2015\/10\/egresados.png\" border=\"0\" width=\"264\" height=\"184\" style=\"float: left;\" \/><\/p>\n<p class=\"MsoNoSpacing\" style=\"text-align: justify;\">Como parte de los festejos del XLIII Aniversario del Instituto Tecnol\u00f3gico de Tuxtla Guti\u00e9rrez, el d\u00eda 22 de octubre de 2015 a las 16:00 horas se llev\u00f3 a cabo en la cancha de basquetbol del instituto la primera gran reuni\u00f3n de egresados, contando con la asistencia de ex estudiantes de todas las generaciones.<\/p>\n<p>  <!--more-->  <\/p>\n<p class=\"MsoNoSpacing\" style=\"text-align: justify;\">El evento comenz\u00f3 con unas emotivas palabras por el Director\u00a0 el M.E.H. Jos\u00e9 Luis M\u00e9ndez Navarro y el Ing. Juan Pablo Ca\u00f1averal Constantino, Presidente de la C\u00e1mara Nacional de la Industria de la Transformaci\u00f3n CANACINTRA egresado de la carrera de ingenier\u00eda mec\u00e1nica, para m\u00e1s tarde continuar la reuni\u00f3n por carrera y posteriormente un coffee break.<\/p>\n<p class=\"MsoNoSpacing\" style=\"text-align: justify;\">Los egresados recordaron al lado de sus profesores los momentos m\u00e1s importantes durante su etapa como estudiantes. Agradecemos a todas las personas que formaron parte de este agradable evento que sin duda dar\u00e1 comienzo a una importante tradici\u00f3n.<\/p>\n<p class=\"MsoNoSpacing\" style=\"text-align: justify;\">Esta reuni\u00f3n tuvo como objetivo consolidar los lazos de afecto que existen entre los egresados y el Instituto, como una forma de reafirmar los valores que siempre han caracterizado la formaci\u00f3n que ofrece el Tecnol\u00f3gico Nacional de M\u00e9xico \u2013 Instituto Tecnol\u00f3gico de Tuxtla Guti\u00e9rrez.<\/p>\n<p class=\"MsoNoSpacing\" style=\"text-align: justify;\"><strong style=\"mso-bidi-font-weight: normal;\">\u201cCIENCIA Y TECNOLOG\u00cdA CON SENTIDO HUMANO\u201d<\/strong><\/p>\n<p class=\"MsoNoSpacing\" style=\"text-align: justify;\"><strong style=\"mso-bidi-font-weight: normal;\">Departamento de Comunicaci\u00f3n y Difusi\u00f3n<\/strong><\/p>\n<p class=\"MsoNoSpacing\" style=\"text-align: justify;\"><strong style=\"mso-bidi-font-weight: normal;\">Instituto Tecnol\u00f3gico de Tuxtla Guti\u00e9rrez.<\/strong><\/p>\n<p class=\"MsoNoSpacing\" style=\"text-align: justify;\">\u00a0<\/p>\n<p class=\"MsoNoSpacing\" style=\"text-align: justify;\">\u00a0<\/p>\n<p>\u00a0<\/p>\n","protected":false},"excerpt":{"rendered":"<p>Como parte de los festejos del XLIII Aniversario del Instituto Tecnol\u00f3gico de Tuxtla Guti\u00e9rrez, el d\u00eda 22 de octubre de 2015 a las 16:00 horas se llev\u00f3 a cabo en la cancha de basquetbol del instituto la primera gran reuni\u00f3n de egresados, contando con la asistencia de ex estudiantes de todas las generaciones.<\/p>\n<p><a href=\"https:\/\/www.tuxtla.tecnm.mx\/dcab\/1ra-gran-reunion-de-egresados\/\"><span class=\"glyphicon glyphicon-arrow-right\"><\/span>&nbsp;Seguir leyendo<\/a><\/p>","protected":false},"author":1,"featured_media":1978,"comment_status":"open","ping_status":"open","sticky":false,"template":"","format":"standard","meta":{"footnotes":""},"categories":[11],"tags":[],"class_list":["post-1979","post","type-post","status-publish","format-standard","has-post-thumbnail","hentry","category-latest-news"],"_links":{"self":[{"href":"https:\/\/www.tuxtla.tecnm.mx\/dcab\/wp-json\/wp\/v2\/posts\/1979","targetHints":{"allow":["GET"]}}],"collection":[{"href":"https:\/\/www.tuxtla.tecnm.mx\/dcab\/wp-json\/wp\/v2\/posts"}],"about":[{"href":"https:\/\/www.tuxtla.tecnm.mx\/dcab\/wp-json\/wp\/v2\/types\/post"}],"author":[{"embeddable":true,"href":"https:\/\/www.tuxtla.tecnm.mx\/dcab\/wp-json\/wp\/v2\/users\/1"}],"replies":[{"embeddable":true,"href":"https:\/\/www.tuxtla.tecnm.mx\/dcab\/wp-json\/wp\/v2\/comments?post=1979"}],"version-history":[{"count":0,"href":"https:\/\/www.tuxtla.tecnm.mx\/dcab\/wp-json\/wp\/v2\/posts\/1979\/revisions"}],"wp:featuredmedia":[{"embeddable":true,"href":"https:\/\/www.tuxtla.tecnm.mx\/dcab\/wp-json\/wp\/v2\/media\/1978"}],"wp:attachment":[{"href":"https:\/\/www.tuxtla.tecnm.mx\/dcab\/wp-json\/wp\/v2\/media?parent=1979"}],"wp:term":[{"taxonomy":"category","embeddable":true,"href":"https:\/\/www.tuxtla.tecnm.mx\/dcab\/wp-json\/wp\/v2\/categories?post=1979"},{"taxonomy":"post_tag","embeddable":true,"href":"https:\/\/www.tuxtla.tecnm.mx\/dcab\/wp-json\/wp\/v2\/tags?post=1979"}],"curies":[{"name":"wp","href":"https:\/\/api.w.org\/{rel}","templated":true}]}}