{"id":19374,"date":"2024-05-30T18:11:25","date_gmt":"2024-05-30T23:11:25","guid":{"rendered":"https:\/\/www.tuxtla.tecnm.mx\/?p=19374"},"modified":"2024-05-30T18:11:25","modified_gmt":"2024-05-30T23:11:25","slug":"tec-tuxtla-recibe-distintivo-de-lenguas-extranjeras","status":"publish","type":"post","link":"https:\/\/www.tuxtla.tecnm.mx\/dcab\/tec-tuxtla-recibe-distintivo-de-lenguas-extranjeras\/","title":{"rendered":"Tec Tuxtla recibe \u201cDistintivo de Lenguas Extranjeras\u201d"},"content":{"rendered":"\n<div class=\"wp-block-image\"><figure class=\"aligncenter size-large is-resized\"><img decoding=\"async\" src=\"https:\/\/www.tuxtla.tecnm.mx\/wp-content\/uploads\/2024\/05\/WhatsApp-Image-2024-05-30-at-5.09.35-PM.jpeg\" alt=\"\" class=\"wp-image-19373\" width=\"320\" srcset=\"https:\/\/www.tuxtla.tecnm.mx\/dcab\/wp-content\/uploads\/2024\/05\/WhatsApp-Image-2024-05-30-at-5.09.35-PM.jpeg 1009w, https:\/\/www.tuxtla.tecnm.mx\/dcab\/wp-content\/uploads\/2024\/05\/WhatsApp-Image-2024-05-30-at-5.09.35-PM-300x207.jpeg 300w, https:\/\/www.tuxtla.tecnm.mx\/dcab\/wp-content\/uploads\/2024\/05\/WhatsApp-Image-2024-05-30-at-5.09.35-PM-768x530.jpeg 768w\" sizes=\"(max-width: 1009px) 100vw, 1009px\" \/><\/figure><\/div>\n\n\n\n<p class=\"wp-block-paragraph\"><strong>El Tecnol\u00f3gico Nacional de M\u00e9xico campus Tuxtla Guti\u00e9rrez<\/strong> a trav\u00e9s de la <strong>Coordinaci\u00f3n de Lenguas recibi\u00f3 el \u201cDistintivo de Lenguas Extrajeras\u201d<\/strong> por parte del TecNM, este distintivo est\u00e1 avalado por las instancias certificadoras: <strong>British Council, Oxford, TOEFL, Cambridge y Anglia<\/strong>; y se otorga a las coordinaciones de los institutos tecnol\u00f3gicos que mostraron calidad en el proceso de ense\u00f1anza y aprendizaje del idioma ingl\u00e9s como lengua extranjera.<\/p>\n\n\n\n<!--more-->\n\n\n\n<p class=\"wp-block-paragraph\"><strong>Jos\u00e9 Manuel Rosado\nP\u00e9rez, director del Instituto de Tuxtla Guti\u00e9rrez,<\/strong> recibi\u00f3 de manos de Ricardo\nPaulo Camacho, coordinador de lenguas extranjeras de este instituto dicha\ndistinci\u00f3n que les fue entregada en el <strong>\u201c2\u00b0\nCongreso Nacional de Lenguas Extranjeras y Lenguas Maternas del TecNM: <\/strong><strong>Conectando\nculturas a trav\u00e9s de las lenguas\u00bb <\/strong>en donde se reconoci\u00f3 el\ntrabajo realizado por las diferentes coordinaciones a lo largo del pa\u00eds para las\nmejores en el sistema.<\/p>\n\n\n\n<p class=\"wp-block-paragraph\"><em>\u201cEn los \u00faltimos meses\nel Instituto de Tecnol\u00f3gico de Tuxtla Guti\u00e9rrez se ha distinguido por\nposicionarse en materia de innovaci\u00f3n y tecnolog\u00eda, as\u00ed como deportes y ahora\nen Lenguas, por ello en esta ocasi\u00f3n quiero felicitar a quienes forman parte de\nla Coordinaci\u00f3n de Lenguas Extranjeras por su valioso trabajo que ha dado\nresultados con esta distinci\u00f3n\u201d.<\/em><\/p>\n\n\n\n<p class=\"wp-block-paragraph\">En dicho congreso se revisaron los lineamientos para la\noperaci\u00f3n de las coordinaciones de Lenguas extranjeras, se establecieron\ntambi\u00e9n algunas din\u00e1micas respecto a las lenguas maternas y se present\u00f3 el <strong>proyecto \u201cMaterna\u201d, <\/strong>una aplicaci\u00f3n\nm\u00f3vil creada por alumnos del ITS de \u00c9bano, SLP, para apoyar el aprendizaje\ninductivo y aut\u00f3nomo de las lenguas n\u00e1huatl, t\u00e9nek y xi\u00b4iuy, lenguas ind\u00edgenas\nde San Luis Potos\u00ed<\/p>\n\n\n\n<p class=\"wp-block-paragraph\">Por su parte, <strong>Ricardo Paulo Camacho, Coordinador de lenguas extranjeras de este instituto, detall\u00f3 que este distintivo da una oportunidad de decir a la comunicad tecnol\u00f3gica que los cursos son de calidad y est\u00e1n ligados a los est\u00e1ndares y contenidos del MCER, referente al aprendizaje de lenguas; <\/strong>mencion\u00f3 tambi\u00e9n estar agradecido por el apoyo de parte de las autoridades por el respaldo al trabajo que se ha venido haciendo, as\u00ed como reconocer a los facilitadores y administrativos de la Coordinaci\u00f3n de Lenguas, por la confianza y arduo trabajo, quienes han sido los responsables de este logro.<\/p>\n\n\n\n<p class=\"wp-block-paragraph\"> <em><strong>Ciencia y Tecnolog\u00eda con Sentido Humano\u201d<\/strong><\/em><br>Departamento de Comunicaci\u00f3n y Difusi\u00f3n<br>TecNM campus Tuxtla Guti\u00e9rrez <\/p>\n","protected":false},"excerpt":{"rendered":"<p>El Tecnol\u00f3gico Nacional de M\u00e9xico campus Tuxtla Guti\u00e9rrez a trav\u00e9s de la Coordinaci\u00f3n de Lenguas recibi\u00f3 el \u201cDistintivo de Lenguas Extrajeras\u201d por parte del TecNM, este distintivo est\u00e1 avalado por las instancias certificadoras: British Council, Oxford, TOEFL, Cambridge y Anglia; y se otorga a las coordinaciones de los institutos tecnol\u00f3gicos que mostraron calidad en el&#8230;<\/p>\n<p><a href=\"https:\/\/www.tuxtla.tecnm.mx\/dcab\/tec-tuxtla-recibe-distintivo-de-lenguas-extranjeras\/\"><span class=\"glyphicon glyphicon-arrow-right\"><\/span>&nbsp;Seguir leyendo<\/a><\/p>","protected":false},"author":2,"featured_media":0,"comment_status":"closed","ping_status":"open","sticky":false,"template":"","format":"standard","meta":{"footnotes":""},"categories":[1],"tags":[],"class_list":["post-19374","post","type-post","status-publish","format-standard","hentry","category-sin-categoria"],"_links":{"self":[{"href":"https:\/\/www.tuxtla.tecnm.mx\/dcab\/wp-json\/wp\/v2\/posts\/19374","targetHints":{"allow":["GET"]}}],"collection":[{"href":"https:\/\/www.tuxtla.tecnm.mx\/dcab\/wp-json\/wp\/v2\/posts"}],"about":[{"href":"https:\/\/www.tuxtla.tecnm.mx\/dcab\/wp-json\/wp\/v2\/types\/post"}],"author":[{"embeddable":true,"href":"https:\/\/www.tuxtla.tecnm.mx\/dcab\/wp-json\/wp\/v2\/users\/2"}],"replies":[{"embeddable":true,"href":"https:\/\/www.tuxtla.tecnm.mx\/dcab\/wp-json\/wp\/v2\/comments?post=19374"}],"version-history":[{"count":1,"href":"https:\/\/www.tuxtla.tecnm.mx\/dcab\/wp-json\/wp\/v2\/posts\/19374\/revisions"}],"predecessor-version":[{"id":19375,"href":"https:\/\/www.tuxtla.tecnm.mx\/dcab\/wp-json\/wp\/v2\/posts\/19374\/revisions\/19375"}],"wp:attachment":[{"href":"https:\/\/www.tuxtla.tecnm.mx\/dcab\/wp-json\/wp\/v2\/media?parent=19374"}],"wp:term":[{"taxonomy":"category","embeddable":true,"href":"https:\/\/www.tuxtla.tecnm.mx\/dcab\/wp-json\/wp\/v2\/categories?post=19374"},{"taxonomy":"post_tag","embeddable":true,"href":"https:\/\/www.tuxtla.tecnm.mx\/dcab\/wp-json\/wp\/v2\/tags?post=19374"}],"curies":[{"name":"wp","href":"https:\/\/api.w.org\/{rel}","templated":true}]}}