{"id":1903,"date":"2015-09-21T16:32:47","date_gmt":"2015-09-21T16:32:47","guid":{"rendered":"http:\/\/wordpress.local\/2015\/09\/21\/presentaron-proyectos-de-residencia-profesional-de-ing-industrial\/"},"modified":"2015-09-21T16:32:47","modified_gmt":"2015-09-21T16:32:47","slug":"presentaron-proyectos-de-residencia-profesional-de-ing-industrial","status":"publish","type":"post","link":"https:\/\/www.tuxtla.tecnm.mx\/dcab\/presentaron-proyectos-de-residencia-profesional-de-ing-industrial\/","title":{"rendered":"Presentaron Proyectos de Residencia Profesional de Ing. Industrial"},"content":{"rendered":"<p class=\"MsoNoSpacing\"><img loading=\"lazy\" decoding=\"async\" class=\" alignleft size-full wp-image-1902\" src=\"http:\/\/wordpress.local\/wp-content\/uploads\/2015\/09\/21-09-industrial.jpg\" border=\"0\" width=\"282\" height=\"192\" style=\"float: left;\" srcset=\"https:\/\/www.tuxtla.tecnm.mx\/dcab\/wp-content\/uploads\/2015\/09\/21-09-industrial.jpg 432w, https:\/\/www.tuxtla.tecnm.mx\/dcab\/wp-content\/uploads\/2015\/09\/21-09-industrial-300x203.jpg 300w\" sizes=\"auto, (max-width: 282px) 100vw, 282px\" \/>Se llev\u00f3 a cabo la presentaci\u00f3n de los proyectos de residencia profesional de la carrera de Ingenier\u00eda Industrial del Instituto Tecnol\u00f3gico de Tuxtla Guti\u00e9rrez, evento organizado por la H. Academia de Ing. Industrial el d\u00eda 18 de septiembre 2015 en el edificio \u201cZ\u201d per\u00edodo enero &#8211; junio 2015.<\/p>\n<p>  <!--more-->  <\/p>\n<p class=\"MsoNoSpacing\" style=\"text-align: justify;\">En la inauguraci\u00f3n estuvieron presentes el M.C. Carlos Venturino de Coss P\u00e9rez, Jefe del Depto. de Ing. Industrial; el Ing. Atanacio Hern\u00e1ndez Chan, Presidente de la Academia de Industrial, docentes y estudiantes de la carrera.<\/p>\n<p class=\"MsoNoSpacing\" style=\"text-align: justify;\">El evento tuvo como objetivo dar a conocer a la comunidad estudiantil los proyectos productivos que se han realizado como parte de la residencia profesional, los cuales fueron desarrollados en diversas empresas en el Estado de Chiapas y en otros estados del sureste de la rep\u00fablica, poniendo en alto el nombre del Instituto.<\/p>\n<p class=\"MsoNoSpacing\" style=\"text-align: justify;\">Entre los proyectos presentados destacaron: Propuesta de Mejora Aplicando AMEF en la L\u00ednea de Ensamble H61L BED LAMP en la Empresa Valeo Sistemas El\u00e9ctricos S.A.DE. C.V. integrado por Samy David Aguilar Candelaria; Desarrollo y Seguimiento del Plan de Acci\u00f3n de Seguridad e Higiene en la Empresa Agroindustrias Unidas de M\u00e9xico S.A DE C.V. integrado por Laura Esther Vel\u00e1zquez Alfaro; <span style=\"mso-spacerun: yes;\"> <\/span>Propuesta de mejora en el proceso de fabricaci\u00f3n de estructuras, aplicando CPM en la empresa Grupo CONINTE consultor\u00eda y servicios integrales, S.A. de C.V.\u201d integrado por Ricardo Solis Cervantes.<\/p>\n<p class=\"MsoNoSpacing\" style=\"text-align: justify;\">Al presentar estos trabajos los estudiantes obtiene beneficios por que cubren un requisito m\u00e1s para obtener su titulaci\u00f3n, tambi\u00e9n se enfocan al trabajo acad\u00e9mico reforzando conocimientos y aplic\u00e1ndolos de manera correcta, esta ocasi\u00f3n las \u00e1reas atendidas fueron, higiene y seguridad industrial, mantenimiento, gesti\u00f3n de producci\u00f3n, formulaci\u00f3n y evaluaci\u00f3n de proyectos, normatividad, estudio de tiempos y movimientos, validaci\u00f3n, mejora continua y calidad.<\/p>\n<p class=\"MsoNoSpacing\" style=\"text-align: justify;\">Los esfuerzos que se realizan en conjunto con autoridades, maestros, alumnos, sector productivo y gobierno; ha tenido frutos al llegar a un punto de madurez, ya que se resuelve una problem\u00e1tica real d\u00e1ndole apertura al joven para vincularse con una bolsa de trabajo directa.<\/p>\n<p class=\"MsoNoSpacing\" style=\"text-align: justify;\">\u00a0<\/p>\n<p class=\"MsoNoSpacing\"><strong style=\"mso-bidi-font-weight: normal;\">\u00ab42 A\u00d1OS DE CIENCIA Y TECNOLOG\u00cdA CON SENTIDO HUMANO\u00bb<\/strong><\/p>\n<p class=\"MsoNoSpacing\"><strong style=\"mso-bidi-font-weight: normal;\">Departamento de Comunicaci\u00f3n y Difusi\u00f3n<\/strong><\/p>\n<p class=\"MsoNoSpacing\"><strong style=\"mso-bidi-font-weight: normal;\">Instituto Tecnol\u00f3gico de Tuxtla Guti\u00e9rrez.<\/strong><\/p>\n<p>\u00a0<\/p>\n","protected":false},"excerpt":{"rendered":"<p>Se llev\u00f3 a cabo la presentaci\u00f3n de los proyectos de residencia profesional de la carrera de Ingenier\u00eda Industrial del Instituto Tecnol\u00f3gico de Tuxtla Guti\u00e9rrez, evento organizado por la H. Academia de Ing. Industrial el d\u00eda 18 de septiembre 2015 en el edificio \u201cZ\u201d per\u00edodo enero &#8211; junio 2015.<\/p>\n<p><a href=\"https:\/\/www.tuxtla.tecnm.mx\/dcab\/presentaron-proyectos-de-residencia-profesional-de-ing-industrial\/\"><span class=\"glyphicon glyphicon-arrow-right\"><\/span>&nbsp;Seguir leyendo<\/a><\/p>","protected":false},"author":1,"featured_media":1902,"comment_status":"open","ping_status":"open","sticky":false,"template":"","format":"standard","meta":{"footnotes":""},"categories":[11],"tags":[],"class_list":["post-1903","post","type-post","status-publish","format-standard","has-post-thumbnail","hentry","category-latest-news"],"_links":{"self":[{"href":"https:\/\/www.tuxtla.tecnm.mx\/dcab\/wp-json\/wp\/v2\/posts\/1903","targetHints":{"allow":["GET"]}}],"collection":[{"href":"https:\/\/www.tuxtla.tecnm.mx\/dcab\/wp-json\/wp\/v2\/posts"}],"about":[{"href":"https:\/\/www.tuxtla.tecnm.mx\/dcab\/wp-json\/wp\/v2\/types\/post"}],"author":[{"embeddable":true,"href":"https:\/\/www.tuxtla.tecnm.mx\/dcab\/wp-json\/wp\/v2\/users\/1"}],"replies":[{"embeddable":true,"href":"https:\/\/www.tuxtla.tecnm.mx\/dcab\/wp-json\/wp\/v2\/comments?post=1903"}],"version-history":[{"count":0,"href":"https:\/\/www.tuxtla.tecnm.mx\/dcab\/wp-json\/wp\/v2\/posts\/1903\/revisions"}],"wp:featuredmedia":[{"embeddable":true,"href":"https:\/\/www.tuxtla.tecnm.mx\/dcab\/wp-json\/wp\/v2\/media\/1902"}],"wp:attachment":[{"href":"https:\/\/www.tuxtla.tecnm.mx\/dcab\/wp-json\/wp\/v2\/media?parent=1903"}],"wp:term":[{"taxonomy":"category","embeddable":true,"href":"https:\/\/www.tuxtla.tecnm.mx\/dcab\/wp-json\/wp\/v2\/categories?post=1903"},{"taxonomy":"post_tag","embeddable":true,"href":"https:\/\/www.tuxtla.tecnm.mx\/dcab\/wp-json\/wp\/v2\/tags?post=1903"}],"curies":[{"name":"wp","href":"https:\/\/api.w.org\/{rel}","templated":true}]}}