{"id":1874,"date":"2015-08-25T17:28:22","date_gmt":"2015-08-25T17:28:22","guid":{"rendered":"http:\/\/wordpress.local\/2015\/08\/25\/otorgan-reconocimiento-al-ittg-como-fundador-del-programa-delfin\/"},"modified":"2015-08-25T17:28:22","modified_gmt":"2015-08-25T17:28:22","slug":"otorgan-reconocimiento-al-ittg-como-fundador-del-programa-delfin","status":"publish","type":"post","link":"https:\/\/www.tuxtla.tecnm.mx\/dcab\/otorgan-reconocimiento-al-ittg-como-fundador-del-programa-delfin\/","title":{"rendered":"Otorgan reconocimiento al ITTG como fundador  del Programa Delf\u00edn"},"content":{"rendered":"<p><img loading=\"lazy\" decoding=\"async\" class=\" alignleft size-full wp-image-1873\" src=\"http:\/\/wordpress.local\/wp-content\/uploads\/2015\/08\/25-08-delfin.jpg\" border=\"0\" width=\"305\" height=\"206\" style=\"float: left;\" srcset=\"https:\/\/www.tuxtla.tecnm.mx\/dcab\/wp-content\/uploads\/2015\/08\/25-08-delfin.jpg 431w, https:\/\/www.tuxtla.tecnm.mx\/dcab\/wp-content\/uploads\/2015\/08\/25-08-delfin-300x204.jpg 300w\" sizes=\"auto, (max-width: 305px) 100vw, 305px\" \/><\/p>\n<p class=\"MsoNoSpacing\" style=\"text-align: justify;\">En la ceremonia de inauguraci\u00f3n del <strong style=\"mso-bidi-font-weight: normal;\"><em style=\"mso-bidi-font-style: normal;\">Congreso Nacional del XX Verano de la Investigaci\u00f3n Cient\u00edfica y Tecnol\u00f3gica del Pacifico<\/em><\/strong> del Programa Institucional para el Fortalecimiento de la Investigaci\u00f3n y el Posgrado del Pac\u00edfico (DELFIN) se entreg\u00f3 el reconocimiento al Instituto Tecnol\u00f3gico de Tuxtla Guti\u00e9rrez como instituci\u00f3n fundadora del programa por acuerdo del Honorable Consejo T\u00e9cnico, el 19 del presente en la ciudad de Nuevo Vallarta, Nayarit.<\/p>\n<p>  <!--more-->  <\/p>\n<p class=\"MsoNoSpacing\" style=\"text-align: justify;\">Se cont\u00f3 con la presencia del M.V.Z. Carlos Humberto Jim\u00e9nez Gonz\u00e1lez, Coordinador General del Programa; Lic. M\u00f3nica Jineth S\u00e1nchez Rodr\u00edguez, Directora de la Oficina de Relaciones Internacionales de la Escuela de Administraci\u00f3n y Mercadotecnia del Quind\u00edo de Armenia, Colombia; Mtra. Mar\u00eda del Carmen Vergara Quintero, Coordinadora de la Unidad de Investigaci\u00f3n de la Universidad Aut\u00f3noma de Manizales, Colombia y el Mtro. Manuel Quintero Quintero, Director General del Tecnol\u00f3gico Nacional de M\u00e9xico.<span style=\"mso-spacerun: yes;\"> <\/span><\/p>\n<p class=\"MsoNoSpacing\" style=\"text-align: justify;\">Las palabras de bienvenida estuvieron a cargo del C.P. Juan L\u00f3pez Salazar, Presidente del Honorable Consejo General del Programa Delf\u00edn y Rector de la Universidad Aut\u00f3noma de Nayarit, donde menciono: el \u201cCongreso Nacional del XX Verano de la Investigaci\u00f3n Cient\u00edfica y Tecnol\u00f3gica del Pac\u00edfico\u201d se realiza cada a\u00f1o, los estudiantes intercambian ideas y puntos de vista ante miles de estudiantes de diferentes universidades, instituciones tecnol\u00f3gicas del pa\u00eds, as\u00ed como ponentes acad\u00e9micos de reconocido prestigio a nivel nacional e internacional.<\/p>\n<p class=\"MsoNoSpacing\" style=\"text-align: justify;\">Por su parte el M.V.Z. Carlos Humberto Jim\u00e9nez Gonz\u00e1lez, Coordinador General del programa hizo extensivo su agradecimiento a todas y cada una de las personas, que de manera directa e indirecta apoyan y participan en el Programa DELF\u00cdN fortaleciendo la investigaci\u00f3n cient\u00edfica y el desarrollo tecnol\u00f3gico de nuestro pa\u00eds y felicit\u00f3 a quienes \u201csembraron estos a\u00f1os para conseguir continuar \u00e9xitos, veinte a\u00f1os es un buen principio\u201d.<\/p>\n<p class=\"MsoNoSpacing\" style=\"text-align: justify;\">El Mtro. Quintero Quintero Director General del Tecnol\u00f3gico Nacional de M\u00e9xico en la inauguraci\u00f3n dio el mensaje institucional en el que menciono el reconocimiento a instituciones fundadoras que son los I.T. de: Tuxtla Guti\u00e9rrez, Culiac\u00e1n, Los Mochis, Mazatl\u00e1n y Tapachula; y las instituciones que apoyaron en las actividadesdel programa son el I.T. de Toluca y de los I.T.<span style=\"mso-spacerun: yes;\"> <\/span>Superiores de P\u00e1tzcuaro, Puru\u00e1ndiro, Uruapan y Los Reyes.<\/p>\n<p class=\"MsoNoSpacing\" style=\"text-align: justify;\">El M.E.H. Jos\u00e9 Luis M\u00e9ndez Navarro Director del I.T.T.G. al recibir el reconocimiento se\u00f1al\u00f3: compartimos la misi\u00f3n de promover actividades acad\u00e9micas de movilidad de profesores, investigadores, estudiantes y de divulgaci\u00f3n cient\u00edfica y tecnol\u00f3gica, entre las instituciones para poder contribuir con mayor impacto en la generaci\u00f3n y aplicaci\u00f3n del conocimiento, en innovaci\u00f3n tecnol\u00f3gica y el desarrollo del posgrado en M\u00e9xico; para lograr la formaci\u00f3n de capital humano de alto nivel y seguir creando m\u00e1s miembros dentro de las 41 redes de colaboraci\u00f3n cient\u00edfica , de desarrollo e innovaci\u00f3n tecnol\u00f3gica, integradas por 90 instituciones de 24 estados del pa\u00eds y de Colombia.<\/p>\n<p class=\"MsoNoSpacing\" style=\"text-align: justify;\"><strong style=\"mso-bidi-font-weight: normal;\"><span style=\"font-size: 9.0pt; mso-bidi-font-size: 11.0pt;\">\u201c42 A\u00d1OS DE CIENCIA Y TECNOLOG\u00cdA CON SENTIDO HUMANO\u201d<\/span><\/strong><\/p>\n<p class=\"MsoNoSpacing\" style=\"text-align: justify;\"><strong style=\"mso-bidi-font-weight: normal;\"><span style=\"font-size: 9.0pt; mso-bidi-font-size: 11.0pt;\">Departamento de Comunicaci\u00f3n y Difusi\u00f3n<\/span><\/strong><\/p>\n<p class=\"MsoNoSpacing\" style=\"text-align: justify;\"><strong style=\"mso-bidi-font-weight: normal;\"><span style=\"font-size: 9.0pt; mso-bidi-font-size: 11.0pt;\">Instituto Tecnol\u00f3gico de Tuxtla Guti\u00e9rrez<span style=\"mso-spacerun: yes;\"> <\/span><\/span><\/strong><\/p>\n<p>\u00a0<\/p>\n","protected":false},"excerpt":{"rendered":"<p>En la ceremonia de inauguraci\u00f3n del Congreso Nacional del XX Verano de la Investigaci\u00f3n Cient\u00edfica y Tecnol\u00f3gica del Pacifico del Programa Institucional para el Fortalecimiento de la Investigaci\u00f3n y el Posgrado del Pac\u00edfico (DELFIN) se entreg\u00f3 el reconocimiento al Instituto Tecnol\u00f3gico de Tuxtla Guti\u00e9rrez como instituci\u00f3n fundadora del programa por acuerdo del Honorable Consejo T\u00e9cnico,&#8230;<\/p>\n<p><a href=\"https:\/\/www.tuxtla.tecnm.mx\/dcab\/otorgan-reconocimiento-al-ittg-como-fundador-del-programa-delfin\/\"><span class=\"glyphicon glyphicon-arrow-right\"><\/span>&nbsp;Seguir leyendo<\/a><\/p>","protected":false},"author":1,"featured_media":1873,"comment_status":"open","ping_status":"open","sticky":false,"template":"","format":"standard","meta":{"footnotes":""},"categories":[11],"tags":[],"class_list":["post-1874","post","type-post","status-publish","format-standard","has-post-thumbnail","hentry","category-latest-news"],"_links":{"self":[{"href":"https:\/\/www.tuxtla.tecnm.mx\/dcab\/wp-json\/wp\/v2\/posts\/1874","targetHints":{"allow":["GET"]}}],"collection":[{"href":"https:\/\/www.tuxtla.tecnm.mx\/dcab\/wp-json\/wp\/v2\/posts"}],"about":[{"href":"https:\/\/www.tuxtla.tecnm.mx\/dcab\/wp-json\/wp\/v2\/types\/post"}],"author":[{"embeddable":true,"href":"https:\/\/www.tuxtla.tecnm.mx\/dcab\/wp-json\/wp\/v2\/users\/1"}],"replies":[{"embeddable":true,"href":"https:\/\/www.tuxtla.tecnm.mx\/dcab\/wp-json\/wp\/v2\/comments?post=1874"}],"version-history":[{"count":0,"href":"https:\/\/www.tuxtla.tecnm.mx\/dcab\/wp-json\/wp\/v2\/posts\/1874\/revisions"}],"wp:featuredmedia":[{"embeddable":true,"href":"https:\/\/www.tuxtla.tecnm.mx\/dcab\/wp-json\/wp\/v2\/media\/1873"}],"wp:attachment":[{"href":"https:\/\/www.tuxtla.tecnm.mx\/dcab\/wp-json\/wp\/v2\/media?parent=1874"}],"wp:term":[{"taxonomy":"category","embeddable":true,"href":"https:\/\/www.tuxtla.tecnm.mx\/dcab\/wp-json\/wp\/v2\/categories?post=1874"},{"taxonomy":"post_tag","embeddable":true,"href":"https:\/\/www.tuxtla.tecnm.mx\/dcab\/wp-json\/wp\/v2\/tags?post=1874"}],"curies":[{"name":"wp","href":"https:\/\/api.w.org\/{rel}","templated":true}]}}