{"id":18442,"date":"2023-12-12T14:00:44","date_gmt":"2023-12-12T19:00:44","guid":{"rendered":"https:\/\/www.tuxtla.tecnm.mx\/?p=18442"},"modified":"2023-12-12T14:00:44","modified_gmt":"2023-12-12T19:00:44","slug":"clausura-el-director-general-la-rnsa","status":"publish","type":"post","link":"https:\/\/www.tuxtla.tecnm.mx\/dcab\/clausura-el-director-general-la-rnsa\/","title":{"rendered":"Clausura el Director General la RNSA"},"content":{"rendered":"\n<div class=\"wp-block-image\"><figure class=\"aligncenter size-large is-resized\"><img decoding=\"async\" src=\"https:\/\/www.tuxtla.tecnm.mx\/wp-content\/uploads\/2023\/12\/a_copia_1.jpg\" alt=\"\" class=\"wp-image-18441\" width=\"320\" srcset=\"https:\/\/www.tuxtla.tecnm.mx\/dcab\/wp-content\/uploads\/2023\/12\/a_copia_1.jpg 520w, https:\/\/www.tuxtla.tecnm.mx\/dcab\/wp-content\/uploads\/2023\/12\/a_copia_1-300x173.jpg 300w\" sizes=\"(max-width: 520px) 100vw, 520px\" \/><\/figure><\/div>\n\n\n\n<p class=\"wp-block-paragraph\"><strong>El director general\ndel TecNM, Ram\u00f3n Jim\u00e9nez L\u00f3pez<\/strong>, dio por clausurada la <strong>Reuni\u00f3n Nacional de Subdirectores Acad\u00e9micos<\/strong> llevada a cabo en el <strong>Auditorio SEP<\/strong>.<\/p>\n\n\n\n<!--more-->\n\n\n\n<p class=\"wp-block-paragraph\">Durante la clausura del encuentro, el director general del\nTecNM, Ram\u00f3n Jim\u00e9nez L\u00f3pez, felicit\u00f3 a todos los asistentes y organizadores,\nsolicit\u00e1ndoles poner en pr\u00e1ctica todos los conocimientos adquiridos, en\nbeneficio de la comunidad estudiantil y con miras a una mejor administraci\u00f3n de\nlos planteles, poniendo en pr\u00e1ctica el conocimiento dial\u00e9ctico.<\/p>\n\n\n\n<p class=\"wp-block-paragraph\"><em>\u201cNos reunimos no solo\ncomo \u201cadministradores\u201d de la ense\u00f1anza, sino como forjadores de un cambio\nprofundo en la formaci\u00f3n de las futuras generaciones\u201d,<\/em> se\u00f1al\u00f3. <\/p>\n\n\n\n<div class=\"wp-block-image\"><figure class=\"aligncenter size-large is-resized\"><img decoding=\"async\" src=\"https:\/\/www.tuxtla.tecnm.mx\/wp-content\/uploads\/2023\/12\/b_copia.jpg\" alt=\"\" class=\"wp-image-18440\" width=\"580\" srcset=\"https:\/\/www.tuxtla.tecnm.mx\/dcab\/wp-content\/uploads\/2023\/12\/b_copia.jpg 520w, https:\/\/www.tuxtla.tecnm.mx\/dcab\/wp-content\/uploads\/2023\/12\/b_copia-300x173.jpg 300w\" sizes=\"(max-width: 520px) 100vw, 520px\" \/><\/figure><\/div>\n\n\n\n<p class=\"wp-block-paragraph\">Durante su discurso, <strong>Jim\u00e9nez\nL\u00f3pez, reiter\u00f3 que el CONAHCyT<\/strong> aprob\u00f3 la creaci\u00f3n de <strong>8 Laboratorios Nacionales con sede en institutos tecnol\u00f3gicos, los\ncuales impulsar\u00e1n la ciencia aplicada en distintas \u00e1reas.<\/strong> Mencion\u00f3 que el <strong>Tecnol\u00f3gico de Aguascalientes ser\u00e1 sede del\nLaboratorio Nacional CONAHCyT de Agua Limpia y Saneamiento<\/strong>; en <strong>Celaya, de Electromovilidad; en Durango,\nEvaluaci\u00f3n de Productos Bi\u00f3ticos; en Ecatepec, Inteligencia Artificial y\nCiencia de Datos y en Morelia, Rob\u00f3tica Agroindustrial; en Progreso,\nSustentabilidad Energ\u00e9tica; Veracruz, Innovaciones Terap\u00e9uticas y en Valle del\nYaqui, el Laboratorio se enfocar\u00e1 en detecci\u00f3n molecular de agentes biol\u00f3gicos\ny contaminantes. <\/strong>Adem\u00e1s, dijo que quedaron pendientes de aprobaci\u00f3n otros 8\nlaboratorios, los cuales podr\u00edan ser aprobados el a\u00f1o siguiente.&nbsp; <\/p>\n\n\n\n<div class=\"wp-block-image\"><figure class=\"aligncenter size-large is-resized\"><img decoding=\"async\" src=\"https:\/\/www.tuxtla.tecnm.mx\/wp-content\/uploads\/2023\/12\/f__1.jpg\" alt=\"\" class=\"wp-image-18439\" width=\"580\" srcset=\"https:\/\/www.tuxtla.tecnm.mx\/dcab\/wp-content\/uploads\/2023\/12\/f__1.jpg 520w, https:\/\/www.tuxtla.tecnm.mx\/dcab\/wp-content\/uploads\/2023\/12\/f__1-300x173.jpg 300w\" sizes=\"(max-width: 520px) 100vw, 520px\" \/><\/figure><\/div>\n\n\n\n<p class=\"wp-block-paragraph\">El titular de los institutos tecnol\u00f3gicos dijo tambi\u00e9n que,\npara atender los nuevos \u00e1mbitos de desarrollo industrial de nuestro pa\u00eds, el\nTecNM ha creado diplomados en semiconductores, cadenas de valor de litio,\neconom\u00eda social y solidaria, ciencia de datos, agua limpia y saneamiento, entre\notros. Adem\u00e1s, <strong>se crearon nuevas\ningenier\u00edas, que arrancaron en este semestre: la Ingenier\u00eda Ferroviaria, en 8\ninstitutos tecnol\u00f3gicos, y la Ingenier\u00eda en Semiconductores en 17<\/strong>, as\u00ed como\nun conjunto de programas de posgrado.&nbsp;&nbsp;&nbsp;&nbsp;&nbsp;\n<\/p>\n\n\n\n<p class=\"wp-block-paragraph\">Entre las actividades que se llevaron a cabo, <strong>Mar\u00eda Jos\u00e9 Rhi Sausi Garavito, directora de\nSEAES<\/strong>, present\u00f3 la conferencia magistral: <strong>\u201cLa Pol\u00edtica Nacional de Evaluaci\u00f3n y Acreditaci\u00f3n de la Educaci\u00f3n\nSuperior\u201d<\/strong>. Enseguida, los directivos de la Secretar\u00eda Acad\u00e9mica y\ndirecciones de Docencia, Posgrado y Asuntos Escolares informaron de los\nprocesos estrat\u00e9gicos de cada \u00e1rea. Tras lo cual, los m\u00e1s de <strong>250 participantes se integraron en mesas de\ntrabajo<\/strong> para an\u00e1lisis de lineamientos acad\u00e9mico-administrativos.&nbsp;&nbsp; <\/p>\n\n\n\n<div class=\"wp-block-image\"><figure class=\"aligncenter size-large is-resized\"><img decoding=\"async\" src=\"https:\/\/www.tuxtla.tecnm.mx\/wp-content\/uploads\/2023\/12\/o_3.jpg\" alt=\"\" class=\"wp-image-18438\" width=\"580\" srcset=\"https:\/\/www.tuxtla.tecnm.mx\/dcab\/wp-content\/uploads\/2023\/12\/o_3.jpg 520w, https:\/\/www.tuxtla.tecnm.mx\/dcab\/wp-content\/uploads\/2023\/12\/o_3-300x173.jpg 300w\" sizes=\"(max-width: 520px) 100vw, 520px\" \/><\/figure><\/div>\n\n\n\n<p class=\"wp-block-paragraph\">Asimismo, <strong>la\nSecretaria de Extensi\u00f3n y Vinculaci\u00f3n, Andrea Zarate Fuentes<\/strong>, present\u00f3 los\nproyectos complementarios a la formaci\u00f3n profesional, mientras que <strong>Manuel Ch\u00e1vez S\u00e1enz inform\u00f3 temas generales\nde los Institutos Tecnol\u00f3gicos Descentralizados. <\/strong><\/p>\n\n\n\n<p class=\"wp-block-paragraph\">Para revisar la prospectiva acad\u00e9mica hacia el 2024, fueron\npresentados reportes del periodo sab\u00e1tico, licencia por beca comisi\u00f3n, as\u00ed como\nel dise\u00f1o y actualizaci\u00f3n curricular de programas de estudio, por las\ncoordinadoras de cada \u00e1rea. Adem\u00e1s, para fortalecer el perfil directivo, se\nimparti\u00f3 una capacitaci\u00f3n en normatividad acad\u00e9mica y desarrollo de habilidades\ndirectivas.&nbsp; <\/p>\n\n\n\n<div class=\"wp-block-image\"><figure class=\"aligncenter size-large is-resized\"><img decoding=\"async\" src=\"https:\/\/www.tuxtla.tecnm.mx\/wp-content\/uploads\/2023\/12\/l_.jpg\" alt=\"\" class=\"wp-image-18437\" width=\"580\" srcset=\"https:\/\/www.tuxtla.tecnm.mx\/dcab\/wp-content\/uploads\/2023\/12\/l_.jpg 520w, https:\/\/www.tuxtla.tecnm.mx\/dcab\/wp-content\/uploads\/2023\/12\/l_-300x173.jpg 300w\" sizes=\"(max-width: 520px) 100vw, 520px\" \/><\/figure><\/div>\n\n\n\n<p class=\"wp-block-paragraph\">De esta forma, las actividades concluyeron este viernes, con\nuna sesi\u00f3n plenaria, con la entusiasta participaci\u00f3n de subdirectoras y\nsubdirectores acad\u00e9micos de <strong>248\ninstitutos tecnol\u00f3gicos y 6 centros de investigaci\u00f3n del TecNM.<\/strong><\/p>\n\n\n\n<div class=\"wp-block-image\"><figure class=\"aligncenter size-large is-resized\"><img decoding=\"async\" src=\"https:\/\/www.tuxtla.tecnm.mx\/wp-content\/uploads\/2023\/12\/i_-1.jpg\" alt=\"\" class=\"wp-image-18443\" width=\"580\" srcset=\"https:\/\/www.tuxtla.tecnm.mx\/dcab\/wp-content\/uploads\/2023\/12\/i_-1.jpg 520w, https:\/\/www.tuxtla.tecnm.mx\/dcab\/wp-content\/uploads\/2023\/12\/i_-1-300x173.jpg 300w\" sizes=\"(max-width: 520px) 100vw, 520px\" \/><\/figure><\/div>\n\n\n\n<p class=\"wp-block-paragraph\">Finalmente, el director general puntualiz\u00f3 que los nuevos proyectos que emprendamos deben tener un doble prop\u00f3sito: \u201cpor un lado establecer la continuidad de la transformaci\u00f3n de M\u00e9xico, desde una perspectiva progresista, y, por otro lado, posicionar al Tecnol\u00f3gico Nacional de M\u00e9xico como l\u00edder en la formaci\u00f3n tecnol\u00f3gica\u201d. Y alent\u00f3 a la comunidad tecnol\u00f3gica a \u00a1Sentirnos orgullosos de lo que se est\u00e1 desarrollando en el TecNM!<\/p>\n\n\n\n<p class=\"wp-block-paragraph\"> <em><strong>\u201cCiencia y Tecnolog\u00eda con Sentido Humano\u201d<\/strong><\/em><br>Departamento de Comunicaci\u00f3n y Difusi\u00f3n<br>TecNM campus Tuxtla Guti\u00e9rrez <\/p>\n","protected":false},"excerpt":{"rendered":"<p>El director general del TecNM, Ram\u00f3n Jim\u00e9nez L\u00f3pez, dio por clausurada la Reuni\u00f3n Nacional de Subdirectores Acad\u00e9micos llevada a cabo en el Auditorio SEP.<\/p>\n<p><a href=\"https:\/\/www.tuxtla.tecnm.mx\/dcab\/clausura-el-director-general-la-rnsa\/\"><span class=\"glyphicon glyphicon-arrow-right\"><\/span>&nbsp;Seguir leyendo<\/a><\/p>","protected":false},"author":2,"featured_media":0,"comment_status":"closed","ping_status":"open","sticky":false,"template":"","format":"standard","meta":{"footnotes":""},"categories":[1],"tags":[],"class_list":["post-18442","post","type-post","status-publish","format-standard","hentry","category-sin-categoria"],"_links":{"self":[{"href":"https:\/\/www.tuxtla.tecnm.mx\/dcab\/wp-json\/wp\/v2\/posts\/18442","targetHints":{"allow":["GET"]}}],"collection":[{"href":"https:\/\/www.tuxtla.tecnm.mx\/dcab\/wp-json\/wp\/v2\/posts"}],"about":[{"href":"https:\/\/www.tuxtla.tecnm.mx\/dcab\/wp-json\/wp\/v2\/types\/post"}],"author":[{"embeddable":true,"href":"https:\/\/www.tuxtla.tecnm.mx\/dcab\/wp-json\/wp\/v2\/users\/2"}],"replies":[{"embeddable":true,"href":"https:\/\/www.tuxtla.tecnm.mx\/dcab\/wp-json\/wp\/v2\/comments?post=18442"}],"version-history":[{"count":1,"href":"https:\/\/www.tuxtla.tecnm.mx\/dcab\/wp-json\/wp\/v2\/posts\/18442\/revisions"}],"predecessor-version":[{"id":18444,"href":"https:\/\/www.tuxtla.tecnm.mx\/dcab\/wp-json\/wp\/v2\/posts\/18442\/revisions\/18444"}],"wp:attachment":[{"href":"https:\/\/www.tuxtla.tecnm.mx\/dcab\/wp-json\/wp\/v2\/media?parent=18442"}],"wp:term":[{"taxonomy":"category","embeddable":true,"href":"https:\/\/www.tuxtla.tecnm.mx\/dcab\/wp-json\/wp\/v2\/categories?post=18442"},{"taxonomy":"post_tag","embeddable":true,"href":"https:\/\/www.tuxtla.tecnm.mx\/dcab\/wp-json\/wp\/v2\/tags?post=18442"}],"curies":[{"name":"wp","href":"https:\/\/api.w.org\/{rel}","templated":true}]}}