{"id":18415,"date":"2023-12-07T15:31:29","date_gmt":"2023-12-07T20:31:29","guid":{"rendered":"https:\/\/www.tuxtla.tecnm.mx\/?p=18415"},"modified":"2023-12-07T15:31:29","modified_gmt":"2023-12-07T20:31:29","slug":"tec-tuxtla-realiza-exposicion-de-artes-plasticas","status":"publish","type":"post","link":"https:\/\/www.tuxtla.tecnm.mx\/dcab\/tec-tuxtla-realiza-exposicion-de-artes-plasticas\/","title":{"rendered":"Tec Tuxtla realiza exposici\u00f3n de Artes Pl\u00e1sticas"},"content":{"rendered":"\n<div class=\"wp-block-image\"><figure class=\"aligncenter size-large is-resized\"><img decoding=\"async\" src=\"https:\/\/www.tuxtla.tecnm.mx\/wp-content\/uploads\/2023\/12\/WhatsApp-Image-2023-12-07-at-2.27.55-PM.jpeg\" alt=\"\" class=\"wp-image-18414\" width=\"320\" srcset=\"https:\/\/www.tuxtla.tecnm.mx\/dcab\/wp-content\/uploads\/2023\/12\/WhatsApp-Image-2023-12-07-at-2.27.55-PM.jpeg 1008w, https:\/\/www.tuxtla.tecnm.mx\/dcab\/wp-content\/uploads\/2023\/12\/WhatsApp-Image-2023-12-07-at-2.27.55-PM-300x199.jpeg 300w, https:\/\/www.tuxtla.tecnm.mx\/dcab\/wp-content\/uploads\/2023\/12\/WhatsApp-Image-2023-12-07-at-2.27.55-PM-768x508.jpeg 768w\" sizes=\"(max-width: 1008px) 100vw, 1008px\" \/><\/figure><\/div>\n\n\n\n<p class=\"wp-block-paragraph\">La ma\u00f1ana de este mi\u00e9rcoles 06 de\ndiciembre en la cancha techada del instituto, se llev\u00f3 a cabo la <strong>Exposici\u00f3n de Artes Pl\u00e1sticas del campus\nTuxtla Guti\u00e9rrez<\/strong>, en donde <strong>m\u00e1s de 70\nobras elaboradas por los estudiantes fueron presentadas.<\/strong><\/p>\n\n\n\n<!--more-->\n\n\n\n<p class=\"wp-block-paragraph\"><strong>Estas obras son el resultado del trabajo realizado por los talleres de\ndibujo, pintura, serigraf\u00eda y el selectivo de artes pl\u00e1sticas<\/strong>, como parte\nde la formaci\u00f3n integral de nuestros estudiantes, teniendo el objetivo de formar\nprofesionistas altamente capacitados en el \u00e1rea de la ciencia y tecnolog\u00eda y a\nla vez con una formaci\u00f3n de valores y habilidades art\u00edsticas y culturales,\nlogrando con ello el formar j\u00f3venes con diferentes destrezas dignas de un l\u00edder\nde clase mundial.<\/p>\n\n\n\n<div class=\"wp-block-image\"><figure class=\"aligncenter size-large is-resized\"><img decoding=\"async\" src=\"https:\/\/www.tuxtla.tecnm.mx\/wp-content\/uploads\/2023\/12\/WhatsApp-Image-2023-12-07-at-2.25.22-PM-1-1024x682.jpeg\" alt=\"\" class=\"wp-image-18412\" width=\"580\" srcset=\"https:\/\/www.tuxtla.tecnm.mx\/dcab\/wp-content\/uploads\/2023\/12\/WhatsApp-Image-2023-12-07-at-2.25.22-PM-1-1024x682.jpeg 1024w, https:\/\/www.tuxtla.tecnm.mx\/dcab\/wp-content\/uploads\/2023\/12\/WhatsApp-Image-2023-12-07-at-2.25.22-PM-1-300x200.jpeg 300w, https:\/\/www.tuxtla.tecnm.mx\/dcab\/wp-content\/uploads\/2023\/12\/WhatsApp-Image-2023-12-07-at-2.25.22-PM-1-768x512.jpeg 768w, https:\/\/www.tuxtla.tecnm.mx\/dcab\/wp-content\/uploads\/2023\/12\/WhatsApp-Image-2023-12-07-at-2.25.22-PM-1-1536x1023.jpeg 1536w, https:\/\/www.tuxtla.tecnm.mx\/dcab\/wp-content\/uploads\/2023\/12\/WhatsApp-Image-2023-12-07-at-2.25.22-PM-1.jpeg 1600w\" sizes=\"(max-width: 1024px) 100vw, 1024px\" \/><\/figure><\/div>\n\n\n\n<p class=\"wp-block-paragraph\"><strong>Daniel Ru\u00edz P\u00e9rez, Promotor Cultural de pintura, dibujo y serigraf\u00eda <\/strong>del\ninstituto detall\u00f3 que los creadores de estas obras trabajaron en tem\u00e1ticas\ndiversas y t\u00e9cnicas de dibujo a l\u00e1piz y pintura en acr\u00edlico, acuarelas y \u00f3leo,\nentre ellos expresan paisajes, fauna, figura humana y abstracto; en serigraf\u00eda,\nes importante destacar que es el estampado en diversas superficies y con\ndiferentes tintas.<\/p>\n\n\n\n<div class=\"wp-block-image\"><figure class=\"aligncenter size-large is-resized\"><img decoding=\"async\" src=\"https:\/\/www.tuxtla.tecnm.mx\/wp-content\/uploads\/2023\/12\/WhatsApp-Image-2023-12-07-at-2.25.22-PM-3-1024x682.jpeg\" alt=\"\" class=\"wp-image-18410\" width=\"580\" srcset=\"https:\/\/www.tuxtla.tecnm.mx\/dcab\/wp-content\/uploads\/2023\/12\/WhatsApp-Image-2023-12-07-at-2.25.22-PM-3-1024x682.jpeg 1024w, https:\/\/www.tuxtla.tecnm.mx\/dcab\/wp-content\/uploads\/2023\/12\/WhatsApp-Image-2023-12-07-at-2.25.22-PM-3-300x200.jpeg 300w, https:\/\/www.tuxtla.tecnm.mx\/dcab\/wp-content\/uploads\/2023\/12\/WhatsApp-Image-2023-12-07-at-2.25.22-PM-3-768x512.jpeg 768w, https:\/\/www.tuxtla.tecnm.mx\/dcab\/wp-content\/uploads\/2023\/12\/WhatsApp-Image-2023-12-07-at-2.25.22-PM-3-1536x1023.jpeg 1536w, https:\/\/www.tuxtla.tecnm.mx\/dcab\/wp-content\/uploads\/2023\/12\/WhatsApp-Image-2023-12-07-at-2.25.22-PM-3.jpeg 1600w\" sizes=\"(max-width: 1024px) 100vw, 1024px\" \/><\/figure><\/div>\n\n\n\n<p class=\"wp-block-paragraph\">Estas obras tuvieron un tiempo\naproximado de un mes para su elaboraci\u00f3n enfocado en la creaci\u00f3n de ideas,\nbocetos y correcciones para posteriormente pasarlo al bastidor, el objetivo\nprincipal fue la creaci\u00f3n de una obra propia y original para que los\nestudiantes pudieran expresarse, estimulando la imaginaci\u00f3n y creatividad; y de\nesta forma incrementar la percepci\u00f3n de su entorno, al mismo tiempo que una\nflexibilidad de pensamiento para poder interpretar el mundo que le rodea.<\/p>\n\n\n\n<div class=\"wp-block-image\"><figure class=\"aligncenter size-large is-resized\"><img decoding=\"async\" src=\"https:\/\/www.tuxtla.tecnm.mx\/wp-content\/uploads\/2023\/12\/WhatsApp-Image-2023-12-07-at-2.25.24-PM-1024x682.jpeg\" alt=\"\" class=\"wp-image-18409\" width=\"580\" srcset=\"https:\/\/www.tuxtla.tecnm.mx\/dcab\/wp-content\/uploads\/2023\/12\/WhatsApp-Image-2023-12-07-at-2.25.24-PM-1024x682.jpeg 1024w, https:\/\/www.tuxtla.tecnm.mx\/dcab\/wp-content\/uploads\/2023\/12\/WhatsApp-Image-2023-12-07-at-2.25.24-PM-300x200.jpeg 300w, https:\/\/www.tuxtla.tecnm.mx\/dcab\/wp-content\/uploads\/2023\/12\/WhatsApp-Image-2023-12-07-at-2.25.24-PM-768x512.jpeg 768w, https:\/\/www.tuxtla.tecnm.mx\/dcab\/wp-content\/uploads\/2023\/12\/WhatsApp-Image-2023-12-07-at-2.25.24-PM-1536x1023.jpeg 1536w, https:\/\/www.tuxtla.tecnm.mx\/dcab\/wp-content\/uploads\/2023\/12\/WhatsApp-Image-2023-12-07-at-2.25.24-PM.jpeg 1600w\" sizes=\"(max-width: 1024px) 100vw, 1024px\" \/><\/figure><\/div>\n\n\n\n<p class=\"wp-block-paragraph\"><strong>Durante la muestra de los dibujos explicaron el proceso de creaci\u00f3n de\nla obra visual, su experiencia, comentaron la sorpresa y satisfacci\u00f3n que les\ngener\u00f3 el resultado de su trabajo.<\/strong><\/p>\n\n\n\n<figure class=\"wp-block-image size-large is-resized\"><img decoding=\"async\" src=\"https:\/\/www.tuxtla.tecnm.mx\/wp-content\/uploads\/2023\/12\/WhatsApp-Image-2023-12-07-at-2.25.22-PM-2-1024x682.jpeg\" alt=\"\" class=\"wp-image-18411\" width=\"580\" srcset=\"https:\/\/www.tuxtla.tecnm.mx\/dcab\/wp-content\/uploads\/2023\/12\/WhatsApp-Image-2023-12-07-at-2.25.22-PM-2-1024x682.jpeg 1024w, https:\/\/www.tuxtla.tecnm.mx\/dcab\/wp-content\/uploads\/2023\/12\/WhatsApp-Image-2023-12-07-at-2.25.22-PM-2-300x200.jpeg 300w, https:\/\/www.tuxtla.tecnm.mx\/dcab\/wp-content\/uploads\/2023\/12\/WhatsApp-Image-2023-12-07-at-2.25.22-PM-2-768x512.jpeg 768w, https:\/\/www.tuxtla.tecnm.mx\/dcab\/wp-content\/uploads\/2023\/12\/WhatsApp-Image-2023-12-07-at-2.25.22-PM-2-1536x1023.jpeg 1536w, https:\/\/www.tuxtla.tecnm.mx\/dcab\/wp-content\/uploads\/2023\/12\/WhatsApp-Image-2023-12-07-at-2.25.22-PM-2.jpeg 1600w\" sizes=\"(max-width: 1024px) 100vw, 1024px\" \/><\/figure>\n\n\n\n<p class=\"wp-block-paragraph\"><strong>Esta exposici\u00f3n es promovida por el Taller de Artes Visuales,<\/strong> como parte de las <strong>Actividades Extraescolares<\/strong> a cargo de <strong>Blanca Regina S\u00e1nchez Figueroa, Jefa del Departamento.<\/strong><\/p>\n\n\n\n<p class=\"wp-block-paragraph\"> <em><strong>\u201cCiencia y Tecnolog\u00eda con Sentido Humano\u201d<\/strong><\/em><br>Departamento de Comunicaci\u00f3n y Difusi\u00f3n<br>TecNM campus Tuxtla Guti\u00e9rrez <\/p>\n","protected":false},"excerpt":{"rendered":"<p>La ma\u00f1ana de este mi\u00e9rcoles 06 de diciembre en la cancha techada del instituto, se llev\u00f3 a cabo la Exposici\u00f3n de Artes Pl\u00e1sticas del campus Tuxtla Guti\u00e9rrez, en donde m\u00e1s de 70 obras elaboradas por los estudiantes fueron presentadas.<\/p>\n<p><a href=\"https:\/\/www.tuxtla.tecnm.mx\/dcab\/tec-tuxtla-realiza-exposicion-de-artes-plasticas\/\"><span class=\"glyphicon glyphicon-arrow-right\"><\/span>&nbsp;Seguir leyendo<\/a><\/p>","protected":false},"author":2,"featured_media":0,"comment_status":"closed","ping_status":"open","sticky":false,"template":"","format":"standard","meta":{"footnotes":""},"categories":[1],"tags":[],"class_list":["post-18415","post","type-post","status-publish","format-standard","hentry","category-sin-categoria"],"_links":{"self":[{"href":"https:\/\/www.tuxtla.tecnm.mx\/dcab\/wp-json\/wp\/v2\/posts\/18415","targetHints":{"allow":["GET"]}}],"collection":[{"href":"https:\/\/www.tuxtla.tecnm.mx\/dcab\/wp-json\/wp\/v2\/posts"}],"about":[{"href":"https:\/\/www.tuxtla.tecnm.mx\/dcab\/wp-json\/wp\/v2\/types\/post"}],"author":[{"embeddable":true,"href":"https:\/\/www.tuxtla.tecnm.mx\/dcab\/wp-json\/wp\/v2\/users\/2"}],"replies":[{"embeddable":true,"href":"https:\/\/www.tuxtla.tecnm.mx\/dcab\/wp-json\/wp\/v2\/comments?post=18415"}],"version-history":[{"count":1,"href":"https:\/\/www.tuxtla.tecnm.mx\/dcab\/wp-json\/wp\/v2\/posts\/18415\/revisions"}],"predecessor-version":[{"id":18416,"href":"https:\/\/www.tuxtla.tecnm.mx\/dcab\/wp-json\/wp\/v2\/posts\/18415\/revisions\/18416"}],"wp:attachment":[{"href":"https:\/\/www.tuxtla.tecnm.mx\/dcab\/wp-json\/wp\/v2\/media?parent=18415"}],"wp:term":[{"taxonomy":"category","embeddable":true,"href":"https:\/\/www.tuxtla.tecnm.mx\/dcab\/wp-json\/wp\/v2\/categories?post=18415"},{"taxonomy":"post_tag","embeddable":true,"href":"https:\/\/www.tuxtla.tecnm.mx\/dcab\/wp-json\/wp\/v2\/tags?post=18415"}],"curies":[{"name":"wp","href":"https:\/\/api.w.org\/{rel}","templated":true}]}}